{"id":31951,"date":"2019-09-27T17:49:33","date_gmt":"2019-09-27T20:49:33","guid":{"rendered":"https:\/\/informateesquina.com\/?p=31951"},"modified":"2019-09-27T17:49:33","modified_gmt":"2019-09-27T20:49:33","slug":"itati-fuera-de-la-carcel-roger-teran-compartio-una-foto-en-facebook","status":"publish","type":"post","link":"http:\/\/informateesquina.com\/?p=31951","title":{"rendered":"Itat\u00ed: Fuera de la c\u00e1rcel, Roger Ter\u00e1n comparti\u00f3 una foto en facebook"},"content":{"rendered":"<p>&#8220;Gracias a todas las personas que creyeron en m\u00ed y me apoyaron todo este tiempo, gracias a Dios y a la Virgen de Itati, ya estoy disfrutando de mi familia y amigos. Gracias por sus innumerables muestras de afecto, por sus mensajes a trav\u00e9s de este medio y a todos los que se acercaron a visitarme estos d\u00edas. Me siento feliz y con muchas fuerzas para seguir adelante con mis proyectos&#8221;, expres\u00f3 Roger Ter\u00e1n, ex intendente de Itat\u00ed, en su cuenta de facebook.<\/p>\n<p>Cabe recordar que en 2017, el entonces intendente de Itat\u00ed fue detenido junto al viceintendente, Fabio Aquino,\u00a0 por orden de la Justicia federal, en el marco de una causa por narcotr\u00e1fico.<\/p>\n<p>Ter\u00e1n (52), el ex intendente de Itat\u00ed acord\u00f3, en un juicio abreviado, una pena de 3 a\u00f1os de prisi\u00f3n tras admitir que fue parte de una banda narco que traficaba marihuana paraguaya.<\/p>\n","protected":false},"excerpt":{"rendered":"<p>&#8220;Gracias a todas las personas que creyeron en m\u00ed y me apoyaron todo este tiempo, gracias a Dios y a la Virgen de Itati, ya estoy disfrutando de mi familia y amigos. Gracias por sus innumerables muestras de afecto, por sus mensajes a trav\u00e9s de este medio y a todos los que se acercaron a [&hellip;]<\/p>\n","protected":false},"author":1,"featured_media":31952,"comment_status":"closed","ping_status":"closed","sticky":false,"template":"","format":"gallery","meta":{"footnotes":""},"categories":[8],"tags":[136],"class_list":["post-31951","post","type-post","status-publish","format-gallery","has-post-thumbnail","hentry","category-policiales","tag-destacados","post_format-post-format-gallery"],"_links":{"self":[{"href":"http:\/\/informateesquina.com\/index.php?rest_route=\/wp\/v2\/posts\/31951","targetHints":{"allow":["GET"]}}],"collection":[{"href":"http:\/\/informateesquina.com\/index.php?rest_route=\/wp\/v2\/posts"}],"about":[{"href":"http:\/\/informateesquina.com\/index.php?rest_route=\/wp\/v2\/types\/post"}],"author":[{"embeddable":true,"href":"http:\/\/informateesquina.com\/index.php?rest_route=\/wp\/v2\/users\/1"}],"replies":[{"embeddable":true,"href":"http:\/\/informateesquina.com\/index.php?rest_route=%2Fwp%2Fv2%2Fcomments&post=31951"}],"version-history":[{"count":0,"href":"http:\/\/informateesquina.com\/index.php?rest_route=\/wp\/v2\/posts\/31951\/revisions"}],"wp:featuredmedia":[{"embeddable":true,"href":"http:\/\/informateesquina.com\/index.php?rest_route=\/"}],"wp:attachment":[{"href":"http:\/\/informateesquina.com\/index.php?rest_route=%2Fwp%2Fv2%2Fmedia&parent=31951"}],"wp:term":[{"taxonomy":"category","embeddable":true,"href":"http:\/\/informateesquina.com\/index.php?rest_route=%2Fwp%2Fv2%2Fcategories&post=31951"},{"taxonomy":"post_tag","embeddable":true,"href":"http:\/\/informateesquina.com\/index.php?rest_route=%2Fwp%2Fv2%2Ftags&post=31951"}],"curies":[{"name":"wp","href":"https:\/\/api.w.org\/{rel}","templated":true}]}}