{"id":31962,"date":"2019-09-28T08:43:01","date_gmt":"2019-09-28T11:43:01","guid":{"rendered":"https:\/\/informateesquina.com\/?p=31962"},"modified":"2019-09-28T08:43:01","modified_gmt":"2019-09-28T11:43:01","slug":"denuncian-que-abuelo-violador-incumple-la-prision-domiciliaria","status":"publish","type":"post","link":"http:\/\/informateesquina.com\/?p=31962","title":{"rendered":"Denuncian que abuelo violador incumple la prisi\u00f3n domiciliaria"},"content":{"rendered":"<p class=\"hzzd-italic\">El hombre fue identificado como Mariano Ram\u00edrez, quien fue condenado a 13 a\u00f1os por abusar y embarazar a su nieta menor de edad.<\/p>\n<p><strong><span class=\"dropcap small square\">U<\/span><\/strong>n tre\u00admen\u00addo ca\u00adso por el cual, tiem\u00adpo atr\u00e1s, un an\u00adcia\u00adno fue con\u00adde\u00adna\u00addo por vio\u00adlar y em\u00adba\u00adra\u00adzar a su nie\u00adta me\u00adnor de edad, si\u00adgue dan\u00addo de qu\u00e9 ha\u00adblar ya que ayer, se de\u00adnun\u00adci\u00f3 que el hom\u00adbre a pe\u00adsar de es\u00adtar ba\u00adjo pri\u00adsi\u00f3n do\u00admi\u00adci\u00adlia\u00adria, \u201cse pa\u00adsea con tran\u00adqui\u00adli\u00addad\u201d por las ca\u00adlles de San Mi\u00adguel, lo\u00adca\u00adli\u00addad co\u00adrren\u00adti\u00adna don\u00adde ocu\u00adrri\u00f3 to\u00addo.<br \/>\nLa si\u00adtua\u00adci\u00f3n se agra\u00adva de\u00adbi\u00addo a que, apa\u00adren\u00adte\u00admen\u00adte, la v\u00edc\u00adti\u00adma de es\u00adta his\u00adto\u00adria vi\u00adve en la mis\u00adma ciu\u00addad y re\u00adcien\u00adte\u00admen\u00adte se cru\u00adz\u00f3 en la v\u00eda p\u00fa\u00adbli\u00adca con su abue\u00adlo vio\u00adla\u00addor.<br \/>\nEs\u00adto fue de\u00adnun\u00adcia\u00addo por una jo\u00adven, miem\u00adbro de la or\u00adga\u00adni\u00adza\u00adci\u00f3n In\u00adfan\u00adcia Ro\u00adba\u00adda, quien ade\u00adm\u00e1s fue do\u00adcen\u00adte de la me\u00adnor por lo que tu\u00advo con\u00adtac\u00adto di\u00adrec\u00adto con la dam\u00adni\u00adfi\u00adca\u00adda.<\/p>\n<p><img loading=\"lazy\" decoding=\"async\" class=\"aligncenter size-full wp-image-1003482\" src=\"http:\/\/cdn5.diarioepoca.com\/wp-content\/uploads\/2019\/09\/2010-09-02-06-08-49-406953-770461.jpg\" alt=\"2010-09-02-06-08-49-406953-770461\" width=\"528\" height=\"396\" \/><\/p>\n<p>&#8211;<br \/>\nEl tes\u00adti\u00admo\u00adnio fue ver\u00adti\u00addo an\u00adte el me\u00addio Co\u00adrrien\u00adtes en el Ai\u00adre, que pos\u00adte\u00adrior\u00admen\u00adte en\u00adtre\u00advis\u00adt\u00f3 a la v\u00edc\u00adti\u00adma de es\u00adta his\u00adto\u00adria. \u201cMe gus\u00adta\u00adr\u00eda ir\u00adme, no quie\u00adro vi\u00advir en San Mi\u00adguel, vol\u00adve\u00adr\u00eda a ver a la gen\u00adte que me ayu\u00add\u00f3, la se\u00ad\u00f1o\u00adra M\u00f3\u00adni\u00adca con quien vi\u00advo, a su her\u00adma\u00adna y a los que me tra\u00adtan bien\u201d, di\u00adjo la jo\u00adven quien ade\u00adm\u00e1s con\u00adt\u00f3 el mo\u00admen\u00adto en el que se cru\u00adz\u00f3 con su fa\u00admi\u00adliar per\u00adver\u00adti\u00addo en la ca\u00adlle. \u201cMe ob\u00adser\u00adva\u00adba eno\u00adja\u00addo. Me asus\u00adt\u00e9, te\u00adn\u00eda mu\u00adcho mie\u00addo y no po\u00add\u00eda de\u00adjar de tem\u00adblar. Sien\u00adto que me per\u00adsi\u00adgue\u201d.<br \/>\nA to\u00addo es\u00adto, de\u00adbe acla\u00adrar\u00adse que ha\u00adce al\u00adgu\u00adnos a\u00f1os, la me\u00adnor dio a luz al hi\u00adjo pro\u00adduc\u00adto de la vio\u00adla\u00adci\u00f3n in\u00adtra\u00adfa\u00admi\u00adliar, pe\u00adro la cria\u00adtu\u00adra no so\u00adbre\u00advi\u00advi\u00f3.<br \/>\nCo\u00admo se tra\u00adta de un ca\u00adso de un de\u00adli\u00adto per\u00adso\u00adnal que in\u00advo\u00adlu\u00adcr\u00f3 a una me\u00adnor de edad, ob\u00advia\u00admen\u00adte las au\u00adto\u00adri\u00adda\u00addes nun\u00adca die\u00adron ma\u00adyo\u00adres de\u00adta\u00adlles. No obs\u00adtan\u00adte, se pu\u00addo ob\u00adte\u00adner al\u00adgo de in\u00adfor\u00adma\u00adci\u00f3n a tra\u00adv\u00e9s de al\u00adgu\u00adnas fuen\u00adtes ju\u00addi\u00adcia\u00adles.<\/p>\n<p><strong>El ca\u00adso<\/strong><br \/>\nTo\u00addo co\u00admen\u00adz\u00f3 en el 2013, jus\u00adta\u00admen\u00adte lue\u00adgo de que la me\u00adnor era una ni\u00ad\u00f1a de 13 a\u00f1os. Un d\u00ed\u00ada, cu\u00adya fe\u00adcha no pu\u00addo pre\u00adci\u00adsar\u00adse, el abue\u00adlo la man\u00add\u00f3 a lla\u00admar ya que apa\u00adren\u00adte\u00admen\u00adte el hom\u00adbre se en\u00adcon\u00adtra\u00adba en\u00adfer\u00admo. Va\u00adle re\u00admar\u00adcar que la jo\u00adven\u00adci\u00adta, al que\u00addar sin pa\u00addres, fue a vi\u00advir con el an\u00adcia\u00adno por pu\u00adra ne\u00adce\u00adsi\u00addad ya que no te\u00adn\u00eda a don\u00adde ir, si\u00adtua\u00adci\u00f3n que ob\u00advia\u00admen\u00adte fue apro\u00adve\u00adcha\u00adda por el per\u00adver\u00adti\u00addo.<br \/>\nLo cier\u00adto es que un d\u00eda del a\u00f1o se\u00ad\u00f1a\u00adla\u00addo, la me\u00adnor fue a cui\u00addar a su abue\u00adlo. Es\u00adtan\u00addo en la ha\u00adbi\u00adta\u00adci\u00f3n del su\u00adje\u00adto, \u00e9s\u00adte le di\u00adjo a la ni\u00ad\u00f1a de 13 a\u00f1os que \u201cno di\u00adje\u00adra na\u00adda por\u00adque la iba a man\u00addar al or\u00adfa\u00adna\u00adto\u201d. Tras ame\u00adna\u00adzar\u00adla abu\u00ads\u00f3 se\u00adxual\u00admen\u00adte de ella des\u00adpu\u00e9s ti\u00adrar\u00adla en la ca\u00adma. El tre\u00admen\u00addo ata\u00adque le pro\u00addu\u00adjo he\u00adri\u00addas san\u00adgran\u00adtes a la po\u00adbre ino\u00adcen\u00adte. As\u00ed es que co\u00admen\u00adz\u00f3 el in\u00adfier\u00adno, que se re\u00adpe\u00adt\u00eda cons\u00adtan\u00adte\u00admen\u00adte pa\u00adre\u00adcien\u00addo que la pe\u00adsa\u00addi\u00adlla no ten\u00addr\u00eda fi\u00adnal.<br \/>\nSe\u00adg\u00fan se cuen\u00adta en el ex\u00adpe\u00addien\u00adte, la me\u00adnor era aco\u00adsa\u00adda y vio\u00adla\u00adda en cual\u00adquier opor\u00adtu\u00adni\u00addad, has\u00adta cuan\u00addo la\u00adva\u00adba la ro\u00adpa. El de\u00adpra\u00adva\u00addo de\u00adlin\u00adcuen\u00adte no te\u00adn\u00eda l\u00ed\u00admi\u00adtes y las vio\u00adla\u00adcio\u00adnes ocu\u00adrr\u00ed\u00adan a cual\u00adquier ho\u00adra.<br \/>\nNi si\u00adquie\u00adra, es\u00adtan\u00addo em\u00adba\u00adra\u00adza\u00adda, el per\u00adver\u00adti\u00addo de\u00adja\u00adba de abu\u00adsar de ella. Una no\u00adche, in\u00adclu\u00adso, rom\u00adpi\u00f3 la puer\u00adta de la ha\u00adbi\u00adta\u00adci\u00f3n de la me\u00adnor, pa\u00adra lue\u00adgo co\u00adme\u00adter sus re\u00adpul\u00adsi\u00advos ac\u00adtos.<br \/>\n\u201cNun\u00adca tu\u00advo no\u00advio, ni re\u00adla\u00adcio\u00adnes se\u00adxua\u00adles con otra per\u00adso\u00adna, s\u00f3\u00adlo fue su abue\u00adlo\u201d re\u00adza en el ex\u00adpe\u00addien\u00adte, que acla\u00adra que la me\u00adnor, ca\u00adda vez que era ata\u00adca\u00adda, por mie\u00addo, s\u00f3\u00adlo po\u00add\u00eda que\u00addar\u00adse in\u00adm\u00f3\u00advil, su\u00adfrien\u00addo, a la es\u00adpe\u00adra de que el per\u00adver\u00adti\u00addo de\u00adje de abu\u00adsar de ella. Las ame\u00adna\u00adzas no eran so\u00adla\u00admen\u00adte ver\u00adba\u00adles, si\u00adno que ade\u00adm\u00e1s, ha\u00adb\u00eda ve\u00adces que el su\u00adje\u00adto aga\u00adrra\u00adba un cu\u00adchi\u00adllo.<br \/>\n\u201cSiem\u00adpre la ame\u00adna\u00adz\u00f3, pri\u00adme\u00adro que la iba a lle\u00advar a un or\u00adfa\u00adna\u00adto. Lue\u00adgo de que iba a ma\u00adtar\u00adla si le con\u00adta\u00adba a al\u00adgu\u00adnos de los t\u00ed\u00ados. Tam\u00adbi\u00e9n le de\u00adc\u00eda que es\u00adtos fa\u00admi\u00adlia\u00adres no le iban a cre\u00ader. Has\u00adta le di\u00adjo que si lle\u00adga\u00adba a te\u00adner al\u00adg\u00fan no\u00advio, tam\u00adbi\u00e9n lo iba a ma\u00adtar a \u00e9l y lo iba a me\u00adter en una bol\u00adsa\u201d, se in\u00addi\u00adc\u00f3.<br \/>\n\u201cVoy a ma\u00adtar a ese en\u00adgen\u00addro\u201d, le di\u00adjo una vez el an\u00adcia\u00adno, cuan\u00addo arri\u00adm\u00f3 un cu\u00adchi\u00adllo a la pan\u00adza de la me\u00adnor. En otra opor\u00adtu\u00adni\u00addad, cuan\u00addo la me\u00adnor in\u00adten\u00adt\u00f3 re\u00adsis\u00adtir\u00adse a la vio\u00adla\u00adci\u00f3n del d\u00ed\u00ada, el hom\u00adbre aga\u00adrr\u00f3 un ca\u00adbes\u00adtro pa\u00adra ca\u00adba\u00adllo y la azo\u00adt\u00f3.<br \/>\nDu\u00adran\u00adte un tiem\u00adpo, lue\u00adgo del na\u00adci\u00admien\u00adto del be\u00adb\u00e9, ella fue a vi\u00advir a Bue\u00adnos Ai\u00adres, lap\u00adso en el que el an\u00adcia\u00adno la lla\u00adma\u00adba to\u00addos los d\u00ed\u00adas a su te\u00adl\u00e9\u00adfo\u00adno ce\u00adlu\u00adlar pa\u00adra rei\u00adte\u00adrar las ame\u00adna\u00adzas men\u00adcio\u00adna\u00addas. Al res\u00adpec\u00adto de\u00adbe se\u00ad\u00f1a\u00adlar\u00adse que la cria\u00adtu\u00adra na\u00adci\u00f3 el 26 de sep\u00adtiem\u00adbre de 2016, pe\u00adro vi\u00advi\u00f3 unos me\u00adses has\u00adta que mu\u00adri\u00f3 por ra\u00adzo\u00adnes que no se co\u00adno\u00adcie\u00adron. De es\u00adta ma\u00adne\u00adra, el hom\u00adbre lle\u00adg\u00f3 a jui\u00adcio en una cau\u00adsa ca\u00adra\u00adtu\u00adla\u00adda co\u00admo \u201ca\u00adbu\u00adso se\u00adxual con ac\u00adce\u00adso car\u00adnal, agra\u00adva\u00addo por ha\u00adber si\u00addo co\u00adme\u00adti\u00addo por un as\u00adcen\u00addien\u00adte, apro\u00adve\u00adchan\u00addo la si\u00adtua\u00adci\u00f3n de con\u00advi\u00adven\u00adcia con la me\u00adnor de 18 a\u00f1os en con\u00adcur\u00adso re\u00adal con Ame\u00adna\u00adzas co\u00adac\u00adti\u00advas\u201d.<br \/>\nEl an\u00adcia\u00adno, du\u00adran\u00adte el jui\u00adcio, se de\u00adcla\u00adr\u00f3 ino\u00adcen\u00adte y di\u00adjo que el be\u00adb\u00e9 era de un \u201cva\u00adgo de la ca\u00adlle\u201d que se acos\u00adt\u00f3 con la me\u00adnor.<br \/>\nFi\u00adnal\u00admen\u00adte fue con\u00adde\u00adna\u00addo en ju\u00adnio de es\u00adte a\u00f1o, a 13 a\u00f1os de pri\u00adsi\u00f3n que de\u00adben ser do\u00admi\u00adci\u00adlia\u00adrias, lo cual, se\u00adg\u00fan lo ex\u00adpues\u00adto, es in\u00adcum\u00adpli\u00addo por el abue\u00adlo vio\u00adla\u00addor.<\/p>\n<p>**<\/p>\n","protected":false},"excerpt":{"rendered":"<p>El hombre fue identificado como Mariano Ram\u00edrez, quien fue condenado a 13 a\u00f1os por abusar y embarazar a su nieta menor de edad. Un tre\u00admen\u00addo ca\u00adso por el cual, tiem\u00adpo atr\u00e1s, un an\u00adcia\u00adno fue con\u00adde\u00adna\u00addo por vio\u00adlar y em\u00adba\u00adra\u00adzar a su nie\u00adta me\u00adnor de edad, si\u00adgue dan\u00addo de qu\u00e9 ha\u00adblar ya que ayer, se de\u00adnun\u00adci\u00f3 [&hellip;]<\/p>\n","protected":false},"author":1,"featured_media":31963,"comment_status":"closed","ping_status":"closed","sticky":false,"template":"","format":"standard","meta":{"footnotes":""},"categories":[8],"tags":[],"class_list":["post-31962","post","type-post","status-publish","format-standard","has-post-thumbnail","hentry","category-policiales"],"_links":{"self":[{"href":"http:\/\/informateesquina.com\/index.php?rest_route=\/wp\/v2\/posts\/31962","targetHints":{"allow":["GET"]}}],"collection":[{"href":"http:\/\/informateesquina.com\/index.php?rest_route=\/wp\/v2\/posts"}],"about":[{"href":"http:\/\/informateesquina.com\/index.php?rest_route=\/wp\/v2\/types\/post"}],"author":[{"embeddable":true,"href":"http:\/\/informateesquina.com\/index.php?rest_route=\/wp\/v2\/users\/1"}],"replies":[{"embeddable":true,"href":"http:\/\/informateesquina.com\/index.php?rest_route=%2Fwp%2Fv2%2Fcomments&post=31962"}],"version-history":[{"count":0,"href":"http:\/\/informateesquina.com\/index.php?rest_route=\/wp\/v2\/posts\/31962\/revisions"}],"wp:featuredmedia":[{"embeddable":true,"href":"http:\/\/informateesquina.com\/index.php?rest_route=\/"}],"wp:attachment":[{"href":"http:\/\/informateesquina.com\/index.php?rest_route=%2Fwp%2Fv2%2Fmedia&parent=31962"}],"wp:term":[{"taxonomy":"category","embeddable":true,"href":"http:\/\/informateesquina.com\/index.php?rest_route=%2Fwp%2Fv2%2Fcategories&post=31962"},{"taxonomy":"post_tag","embeddable":true,"href":"http:\/\/informateesquina.com\/index.php?rest_route=%2Fwp%2Fv2%2Ftags&post=31962"}],"curies":[{"name":"wp","href":"https:\/\/api.w.org\/{rel}","templated":true}]}}