{"id":31965,"date":"2019-09-28T09:59:01","date_gmt":"2019-09-28T12:59:01","guid":{"rendered":"https:\/\/informateesquina.com\/?p=31965"},"modified":"2019-09-28T09:59:01","modified_gmt":"2019-09-28T12:59:01","slug":"es-penitenciario-estuvo-cinco-anos-detenido-por-el-suicidio-de-un-preso-y-era-inocente-su-hijo-murio-mientras-estaba-bajo-arresto","status":"publish","type":"post","link":"http:\/\/informateesquina.com\/?p=31965","title":{"rendered":"Es penitenciario, estuvo cinco a\u00f1os detenido por el suicidio de un preso y era inocente: su hijo muri\u00f3 mientras estaba bajo arresto"},"content":{"rendered":"<p>Leonardo Villafa\u00f1e fue acusado de \u201cabandono de persona seguido de muerte\u201d pero absuelto por el Tribunal Oral Criminal N\u00ba3 de La Plata. El calvario de vivir de los dos lados de las rejas.<\/p>\n<div id=\"c0WlVCebEaJ8zr\" class=\"col-md-8 col-sm-12 col-xs-12 pb-layout-item pb-chain pb-c-list-chain left-align\">\n<div id=\"f0vASCabEaJ8zr\" class=\"wrapper clearfix full pb-feature pb-layout-item pb-f-article-body no-align\">\n<div id=\"article-body\" class=\"article-body article-body-elements\">\n<div id=\"article-content\">\n<div class=\"row pb-content-type-image\">\n<figure class=\"element element-image col-xs-12\">\n<div class=\"single-image\">\n<div class=\"shares\">\n<div class=\"share-button facebook\" data-url=\"https:\/\/www.infobae.com\/sociedad\/policiales\/2019\/09\/28\/es-penitenciario-estuvo-cinco-anos-detenido-por-el-suicidio-de-un-preso-y-era-inocente-su-hijo-murio-mientras-estaba-bajo-arresto\/%23WAXNRTOO6RFVZHJYJJSZMHA5YY\" data-original=\"https:\/\/arc-anglerfish-arc2-prod-infobae.s3.amazonaws.com\/public\/WAXNRTOO6RFVZHJYJJSZMHA5YY.jpg\"><\/div>\n<\/div>\n<p><img decoding=\"async\" id=\"WAXNRTOO6RFVZHJYJJSZMHA5YY\" class=\"image-lazy\" src=\"https:\/\/www.infobae.com\/new-resizer\/0nUAxBqAg2hjqJ6I0qHQTxiVNz0=\/750x0\/filters:quality(100)\/arc-anglerfish-arc2-prod-infobae.s3.amazonaws.com\/public\/WAXNRTOO6RFVZHJYJJSZMHA5YY.jpg\" alt=\"Leonardo Villafa\u00f1e estuvo preso en la Alcaid\u00eda Petinatto y luego le dieron prisi\u00f3n domiciliaria\" width=\"750\" height=\"421.484375\" data-url=\"https:\/\/www.infobae.com\/sociedad\/policiales\/2019\/09\/28\/es-penitenciario-estuvo-cinco-anos-detenido-por-el-suicidio-de-un-preso-y-era-inocente-su-hijo-murio-mientras-estaba-bajo-arresto\/%23WAXNRTOO6RFVZHJYJJSZMHA5YY\" data-original=\"https:\/\/www.infobae.com\/new-resizer\/0nUAxBqAg2hjqJ6I0qHQTxiVNz0=\/750x0\/filters:quality(100)\/arc-anglerfish-arc2-prod-infobae.s3.amazonaws.com\/public\/WAXNRTOO6RFVZHJYJJSZMHA5YY.jpg\" \/><\/div><figcaption class=\"\"><span class=\"credit\">Leonardo Villafa\u00f1e estuvo preso en la Alcaid\u00eda Petinatto y luego le dieron prisi\u00f3n domiciliaria<\/span><\/figcaption><\/figure>\n<\/div>\n<div class=\"row pb-content-type-text\">\n<div class=\"col-xs-12 col-print-12\">\n<p class=\"element element-paragraph\">El 23 de octubre de 2013 marc\u00f3 un antes y un despu\u00e9s en la vida de<b>\u00a0Leandro Villafa\u00f1e, un alcaide del Servicio Penitenciario Bonaerense<\/b>\u00a0que trabajaba en el Penal de Olmos. Ese d\u00eda,\u00a0<b>el suicidio de uno de los presos en el sector de convivencia desencaden\u00f3 en un hecho inesperado que lo cambi\u00f3 para siempre.\u00a0<\/b>Fue pasado a disponibilidad simple durante los 6 meses que dur\u00f3 la investigaci\u00f3n interna, forzado a cambiar de lugar de trabajo cuando volvi\u00f3 a tomar el servicio y luego\u00a0<b>detenido por \u201cabandono de persona seguido de muerte\u201d.<\/b>\u00a0<mark class=\"hl_yellow\">Por esa causa penal en su contra,\u00a0<b>tuvo pasar los \u00faltimos cinco a\u00f1os y medio privado de su libertad<\/b>, hasta que el 17 de julio fue absuelto por el\u00a0<b>Tribunal Oral Criminal N\u00ba3 de La Plata.<\/b><\/mark><\/p>\n<\/div>\n<\/div>\n<div class=\"row pb-content-type-text\">\n<div class=\"col-xs-12 col-print-12\">\n<p class=\"element element-paragraph\">\u201cTanto el juez como el fiscal valoraron correctamente las pruebas que presentamos.\u00a0<b>El preso que se ahorc\u00f3 estaba siendo tratado por psiquiatras y no ten\u00edan por qu\u00e9 atribuirle a un encargado de turno el darse cuenta de si una persona estaba predispuesta a sacarse la vida.<\/b>\u00a0Adem\u00e1s, el psiquiatra tampoco le hizo a mi cliente ning\u00fan llamado de atenci\u00f3n\u201d, explic\u00f3 a<b>\u00a0Infobae\u00a0<\/b>el abogado Miguel Angel Molina, quien junto a Alfredo Gasc\u00f3n llevaron adelante\u00a0<b>la defensa de Villafa\u00f1e.<\/b><\/p>\n<\/div>\n<\/div>\n<div class=\"row pb-content-type-text\">\n<div class=\"col-xs-12 col-print-12\">\n<p class=\"element element-paragraph\">Para el letrado, \u201cla conducta del interno que decidi\u00f3 quitarse la vida era atribuible a \u00e9l mismo y no a otra persona\u201d. Y agreg\u00f3:\u00a0<b>\u201cAc\u00e1 hubo una desgracia, no hab\u00eda culpables\u201d.<\/b><\/p>\n<\/div>\n<\/div>\n<div class=\"row pb-content-type-text\">\n<div class=\"col-xs-12 col-print-12\">\n<p class=\"element element-paragraph\"><b>Mauro P\u00e9rez Ugarte, la v\u00edctima fatal, tambi\u00e9n era agente penitenciario.<\/b>\u00a0Hab\u00eda sido\u00a0<b>arrestado por robo<\/b>\u00a0y la noche de su muerte estaba m\u00e1s inquieto de lo habitual porque hab\u00eda solicitado contactarse con su familia.<\/p>\n<\/div>\n<\/div>\n<div class=\"row pb-content-type-text\">\n<div id=\"\" class=\"wrapper clearfix pb-feature pb-layout-item pb-f-ads-dfp left-align\">\n<div id=\"inline\" class=\"ad-slot\">\n<div id=\"inline_ad\" data-google-query-id=\"CJH15MbI8-QCFeYMswAdEvABSA\">\n<div id=\"google_ads_iframe_\/1058609\/infobae\/sociedad\/policiales\/nota\/inline_0__container__\"><iframe id=\"google_ads_iframe_\/1058609\/infobae\/sociedad\/policiales\/nota\/inline_0\" title=\"3rd party ad content\" name=\"google_ads_iframe_\/1058609\/infobae\/sociedad\/policiales\/nota\/inline_0\" width=\"1\" height=\"1\" frameborder=\"0\" marginwidth=\"0\" marginheight=\"0\" scrolling=\"no\" data-google-container-id=\"6\" data-load-complete=\"true\" data-mce-fragment=\"1\"><\/iframe><\/div>\n<\/div>\n<\/div>\n<\/div>\n<div class=\"col-xs-12 col-print-12\">\n<p class=\"element element-paragraph\">Villafa\u00f1e\u00a0<b>le neg\u00f3 hacer esa llamada telef\u00f3nica\u00a0<\/b>por estar fuera del horario permitido.<\/p>\n<\/div>\n<\/div>\n<div class=\"row pb-content-type-image\">\n<figure class=\"element element-image col-xs-12\">\n<div class=\"single-image\">\n<div class=\"shares\">\n<div class=\"share-button facebook\" data-url=\"https:\/\/www.infobae.com\/sociedad\/policiales\/2019\/09\/28\/es-penitenciario-estuvo-cinco-anos-detenido-por-el-suicidio-de-un-preso-y-era-inocente-su-hijo-murio-mientras-estaba-bajo-arresto\/%23JZC7DFWST5EW3D6AOBUTEXUDO4\" data-original=\"https:\/\/arc-anglerfish-arc2-prod-infobae.s3.amazonaws.com\/public\/JZC7DFWST5EW3D6AOBUTEXUDO4.jpg\"><\/div>\n<\/div>\n<p><img decoding=\"async\" id=\"JZC7DFWST5EW3D6AOBUTEXUDO4\" class=\"image-lazy\" src=\"https:\/\/www.infobae.com\/new-resizer\/i83-RwthwsxcIQZBLAeDhe32WrI=\/750x0\/filters:quality(100)\/arc-anglerfish-arc2-prod-infobae.s3.amazonaws.com\/public\/JZC7DFWST5EW3D6AOBUTEXUDO4.jpg\" alt=\"A Leonardo Villafa\u00f1e lo acusaron de \" width=\"750\" height=\"777.34375\" data-url=\"https:\/\/www.infobae.com\/sociedad\/policiales\/2019\/09\/28\/es-penitenciario-estuvo-cinco-anos-detenido-por-el-suicidio-de-un-preso-y-era-inocente-su-hijo-murio-mientras-estaba-bajo-arresto\/%23JZC7DFWST5EW3D6AOBUTEXUDO4\" data-original=\"https:\/\/www.infobae.com\/new-resizer\/i83-RwthwsxcIQZBLAeDhe32WrI=\/750x0\/filters:quality(100)\/arc-anglerfish-arc2-prod-infobae.s3.amazonaws.com\/public\/JZC7DFWST5EW3D6AOBUTEXUDO4.jpg\" \/><\/div><figcaption class=\"\"><span class=\"credit\">A Leonardo Villafa\u00f1e lo acusaron de &#8220;abandono de persona seguido de muerte&#8221;<\/span><\/figcaption><\/figure>\n<\/div>\n<div class=\"row pb-content-type-text\">\n<div class=\"col-xs-12 col-print-12\">\n<p class=\"element element-paragraph\">\u201cMi compa\u00f1ero me hab\u00eda dicho que P\u00e9rez Ugarte ya hab\u00eda hablado al mediod\u00eda.\u00a0<b>Y si yo volv\u00eda a permitirle que hablara iba a tener problemas con los dem\u00e1s presos.\u00a0<\/b>M\u00e1s all\u00e1 de que ten\u00eda buena relaci\u00f3n con \u00e9l, porque en varias oportunidades hab\u00edamos hablado, tampoco quer\u00eda hacerle ese favor porque<b>\u00a0no estaba al tanto si los dem\u00e1s sab\u00edan que era un penitenciario<\/b>\u201d, cont\u00f3 Villafa\u00f1e a\u00a0<b>Infobae<\/b>, quien adem\u00e1s se\u00f1al\u00f3 que en la \u00faltima charla que hab\u00eda mantenido con \u00e9l le hab\u00eda contado que estaba a punto de salir en libertad.<\/p>\n<\/div>\n<\/div>\n<div class=\"row pb-content-type-text\">\n<div class=\"col-xs-12 col-print-12\">\n<p class=\"element element-paragraph\"><b>\u201cLo que menos me iba a imaginar era que se iba a colgar\u201d<\/b>, remarc\u00f3.<\/p>\n<\/div>\n<\/div>\n<div class=\"row pb-content-type-text\">\n<div class=\"col-xs-12 col-print-12\">\n<p class=\"element element-paragraph\">Seg\u00fan\u00a0<b>el \u00faltimo informe anual de la Comisi\u00f3n Provincial por la Memoria (CMP)<\/b>, presidida por el Nobel de la Paz Adolfo P\u00e9rez Esquivel,\u00a0<b>durante 2018 murieron 140 presos y se autolesionaron 976 internos\u00a0<\/b>que estaban bajo la custodia del SPB. \u201cEste tipo de reacciones de las personas detenidas tienen que ver con los\u00a0<b>distintos tipos de tortura carcelaria que padecen.<\/b>\u00a0Ante la desidia y el desprecio,\u00a0<b>marcar el cuerpo emerge como una estrategia de ser escuchadas.<\/b>\u00a0La frecuencia m\u00e1s alta la presenta la categor\u00eda de problemas familiares\/personales (41%) seguida por pedidos de traslado (29%)\u201d, sostiene el relevamiento.<\/p>\n<\/div>\n<\/div>\n<div class=\"row pb-content-type-text\">\n<div class=\"col-xs-12 col-print-12\">\n<p class=\"element element-paragraph\">La situaci\u00f3n procesal de Villafa\u00f1e se complic\u00f3 a\u00fan m\u00e1s tras la declaraci\u00f3n -en primera instancia- de<b>\u00a0casi una veintena de presidiarios que se encontraban en el sector de convivencia<\/b>\u00a0al momento del suicidio y que le escucharon decir:\u00a0<b>\u201c<\/b><mark class=\"hl_yellow\"><b>Cerr\u00e1 la boca refugiado y ahorcate. Total, uno menos\u201d. Los detenidos<\/b><\/mark>, en el caso que fue adelantado por el diario platense\u00a0<i>El D\u00eda<\/i>, acusaron directamente al penitenciario de no hacer nada para evitar el desenlace. Cerca de las 20 horas de ese mi\u00e9rcoles, P\u00e9rez Ugarte cumpli\u00f3 con lo prometido y\u00a0<b>se ahorc\u00f3 con un cintur\u00f3n sujetado a la reja interna de la celda.<\/b><\/p>\n<\/div>\n<\/div>\n<div class=\"row pb-content-type-text\">\n<div class=\"col-xs-12 col-print-12\">\n<p class=\"element element-paragraph\">\u201cLos<b>\u00a0suicidios de los presos funcionan como puntos de una escala de reclamos en que el cuerpo de la persona detenida act\u00faa como soporte\u00a0<\/b>y que se materializa por la desatenci\u00f3n y el abandono al que son sometidas\u201d, advierte el informe de la CMP.<\/p>\n<\/div>\n<\/div>\n<div class=\"row pb-content-type-text\">\n<div class=\"col-xs-12 col-print-12\">\n<p class=\"element element-paragraph\">Cuando son\u00f3 la alarma en el penal para advertir que algo grave ocurr\u00eda, Villafa\u00f1e se encontraba haciendo un recorrido por las celdas del quinto piso de la c\u00e1rcel, que tambi\u00e9n estaban a su cargo. Ese d\u00eda,\u00a0<b>era el responsable de controlar a cerca de 270 presos<\/b>. \u201cCuando escucho la sirena, bajo al Puesto de Control,\u00a0<b>agarro mi escopeta por si hab\u00eda alguna toma de rehenes o una pelea entre ellos<\/b>, y voy para all\u00e1\u201d.<\/p>\n<\/div>\n<\/div>\n<div class=\"row pb-content-type-text\">\n<div class=\"col-xs-12 col-print-12\">\n<p class=\"element element-paragraph\">Al llegar, uno de sus compa\u00f1eros le pide que le consiga una manta.\u00a0<b>Cuando se la alcanza vio a P\u00e9rez Ugarte ahorcado<\/b>. \u201cLo primero que quise hacer fue descolgarlo. Pero mi superior dio la orden de no hacer nada porque al tomarle el pulso comprob\u00f3 que ya estaba muerto. Llam\u00f3 al m\u00e9dico de guardia, que constat\u00f3 su muerte, y despu\u00e9s vino la polic\u00eda cient\u00edfica y el fiscal.\u00a0<mark class=\"hl_yellow\"><b>Yo era consciente que se iba a abrir un sumario, en el que todos los que estuvimos esa noche \u00edbamos a tener que rendir cuentas. Lo que menos me iba a imaginar es que terminar\u00edan responsabiliz\u00e1ndome por eso<\/b>\u201d, admiti\u00f3.<\/mark><\/p>\n<\/div>\n<\/div>\n<div class=\"row pb-content-type-image\">\n<figure class=\"element element-image col-xs-12\">\n<div class=\"single-image\">\n<div class=\"shares\">\n<div class=\"share-button facebook\" data-url=\"https:\/\/www.infobae.com\/sociedad\/policiales\/2019\/09\/28\/es-penitenciario-estuvo-cinco-anos-detenido-por-el-suicidio-de-un-preso-y-era-inocente-su-hijo-murio-mientras-estaba-bajo-arresto\/%23EEOM4FPC3FEYXPW4LGR5DY2VE4\" data-original=\"https:\/\/arc-anglerfish-arc2-prod-infobae.s3.amazonaws.com\/public\/EEOM4FPC3FEYXPW4LGR5DY2VE4.jpg\"><\/div>\n<\/div>\n<p><img decoding=\"async\" id=\"EEOM4FPC3FEYXPW4LGR5DY2VE4\" class=\"image-lazy\" src=\"https:\/\/www.infobae.com\/new-resizer\/MtW0FD9ALMYCavcG4_jUTzyIwL8=\/750x0\/filters:quality(100)\/arc-anglerfish-arc2-prod-infobae.s3.amazonaws.com\/public\/EEOM4FPC3FEYXPW4LGR5DY2VE4.jpg\" alt=\"Tras ser absuelto, Villafa\u00f1e pidi\u00f3 ser reincorporado al Servicio Penitenciario Bonaerense y hoy hace videovigilancia en c\u00e1rceles\" width=\"750\" height=\"1000.0\" data-url=\"https:\/\/www.infobae.com\/sociedad\/policiales\/2019\/09\/28\/es-penitenciario-estuvo-cinco-anos-detenido-por-el-suicidio-de-un-preso-y-era-inocente-su-hijo-murio-mientras-estaba-bajo-arresto\/%23EEOM4FPC3FEYXPW4LGR5DY2VE4\" data-original=\"https:\/\/www.infobae.com\/new-resizer\/MtW0FD9ALMYCavcG4_jUTzyIwL8=\/750x0\/filters:quality(100)\/arc-anglerfish-arc2-prod-infobae.s3.amazonaws.com\/public\/EEOM4FPC3FEYXPW4LGR5DY2VE4.jpg\" \/><\/div><figcaption class=\"\"><span class=\"credit\">Tras ser absuelto, Villafa\u00f1e pidi\u00f3 ser reincorporado al Servicio Penitenciario Bonaerense y hoy hace videovigilancia en c\u00e1rceles<\/span><\/figcaption><\/figure>\n<\/div>\n<div class=\"row pb-content-type-text\">\n<div class=\"col-xs-12 col-print-12\">\n<p class=\"element element-paragraph\">Villafa\u00f1e<b>\u00a0ingres\u00f3 a la escuela de cadetes del SPB apenas termin\u00f3 el secundario por la insistencia de su t\u00edo<\/b>\u00a0(que fue quien lo cri\u00f3 ya que su pap\u00e1 falleci\u00f3 cuando \u00e9l ten\u00eda 4 a\u00f1os), que era oficial mayor retirado.\u00a0<b>\u201cMe dijo que era un trabajo asegurado porque te otorgan un destino apenas te recib\u00eds, te pagan bien y te dan obra social\u201d<\/b>, reconoci\u00f3 el alcaide.<\/p>\n<\/div>\n<\/div>\n<div class=\"row pb-content-type-text\">\n<div class=\"col-xs-12 col-print-12\">\n<p class=\"element element-paragraph\">Egres\u00f3 en el 2006, cuando ten\u00eda apenas 22 a\u00f1os, y le dieron una pasant\u00eda de 6 meses en la Unidad Carcelaria N\u00b0 9 de Villa Elvira. Luego lo destinaron a la Unidad N\u00b0 32 de Florencia Varela,<b>\u00a0donde estuvo tres a\u00f1os y consigui\u00f3 que lo ascendieran a subalcaide.\u00a0<\/b>Contin\u00fao su carrera en la Unidad 23 como inspector de pabell\u00f3n y encargado de turno hasta que lo pusieron a cargo del Programa de Prevenci\u00f3n contra la Violencia.<\/p>\n<\/div>\n<\/div>\n<div class=\"row pb-content-type-text\">\n<div class=\"col-xs-12 col-print-12\">\n<p class=\"element element-paragraph\">\u201cEn esa c\u00e1rcel le salv\u00e9 a la vida a un interno que se quiso colgar. En una de las recorridas, lo vi justo y le pude cortar la soga del cuello cuando a\u00fan respiraba.\u00a0<b>Este episodio fue unas de las cosas que me favorecieron en el juicio<\/b>\u201d, reconoci\u00f3.<\/p>\n<\/div>\n<\/div>\n<div class=\"row pb-content-type-text\">\n<div class=\"col-xs-12 col-print-12\">\n<p class=\"element element-paragraph\"><b>A la Unidad Penal N\u00b0 1 de Lisandro Olmos lleg\u00f3 a mediado de 2011 bajo la modalidad \u201c24 x 48\u201d, que consiste en trabajar 24 horas seguidas y tener 48 horas de descanso.\u00a0<\/b>\u201cPero casi nunca era as\u00ed porque siempre me asignaban horas extras y me la pasaba m\u00e1s tiempo trabajando que en mi casa\u201d, cont\u00f3.<\/p>\n<\/div>\n<\/div>\n<div class=\"row pb-content-type-image\">\n<figure class=\"element element-image col-xs-12\">\n<div class=\"single-image\">\n<div class=\"shares\">\n<div class=\"share-button facebook\" data-url=\"https:\/\/www.infobae.com\/sociedad\/policiales\/2019\/09\/28\/es-penitenciario-estuvo-cinco-anos-detenido-por-el-suicidio-de-un-preso-y-era-inocente-su-hijo-murio-mientras-estaba-bajo-arresto\/%23UXJIZPYK5RBCJCQRKXISPXG6QM\" data-original=\"https:\/\/arc-anglerfish-arc2-prod-infobae.s3.amazonaws.com\/public\/UXJIZPYK5RBCJCQRKXISPXG6QM.jpg\"><\/div>\n<\/div>\n<p><img decoding=\"async\" id=\"UXJIZPYK5RBCJCQRKXISPXG6QM\" class=\"image-lazy\" src=\"https:\/\/www.infobae.com\/new-resizer\/QXGO5jnyCykWapt-VoZr0N-Sgog=\/750x0\/filters:quality(100)\/arc-anglerfish-arc2-prod-infobae.s3.amazonaws.com\/public\/UXJIZPYK5RBCJCQRKXISPXG6QM.jpg\" alt=\"El patio interno del penal de Olmos. \" width=\"750\" height=\"421.484375\" data-url=\"https:\/\/www.infobae.com\/sociedad\/policiales\/2019\/09\/28\/es-penitenciario-estuvo-cinco-anos-detenido-por-el-suicidio-de-un-preso-y-era-inocente-su-hijo-murio-mientras-estaba-bajo-arresto\/%23UXJIZPYK5RBCJCQRKXISPXG6QM\" data-original=\"https:\/\/www.infobae.com\/new-resizer\/QXGO5jnyCykWapt-VoZr0N-Sgog=\/750x0\/filters:quality(100)\/arc-anglerfish-arc2-prod-infobae.s3.amazonaws.com\/public\/UXJIZPYK5RBCJCQRKXISPXG6QM.jpg\" \/><\/div><figcaption class=\"\"><span class=\"credit\">El patio interno del penal de Olmos.<\/span><\/figcaption><\/figure>\n<\/div>\n<div class=\"row pb-content-type-text\">\n<div class=\"col-xs-12 col-print-12\">\n<p class=\"element element-paragraph\">Dos a\u00f1os despu\u00e9s, y tras el suicidio de P\u00e9rez Ugarte,\u00a0<b>a Villafa\u00f1e lo pasaron a disponibilidad simple\u00a0<\/b>(no trabajaba pero segu\u00eda cobrando el 100 por ciento de su salario) durante 6 meses. Ya de vuelta al servicio,<b>\u00a0lo destinaron a la Alcaidia N\u00b0 3 de La Plata\u00a0<\/b>donde apenas lleg\u00f3 a trabajar un mes. \u201cUn d\u00eda me llama mi jefe a su oficina y cuando entro me estaban esperando los oficiales de DDI de La Plata.\u00a0<b>Me detuvieron y me llevaron a la Alcaid\u00eda Petinatto\u201d<\/b>, relat\u00f3.\u00a0<mark class=\"hl_yellow\"><b>All\u00ed permaneci\u00f3 alojado junto a otros miembros de las fuerzas de seguridad, a quienes tambi\u00e9n se les hab\u00edan iniciado causas penales.<\/b>Hab\u00eda polic\u00edas, gendarmes y penitenciarios. \u201cNos desahog\u00e1bamos entre nosotros y nos acompa\u00f1\u00e1bamos en los malos momentos\u201d, record\u00f3.<\/mark><\/p>\n<\/div>\n<\/div>\n<div class=\"row pb-content-type-text\">\n<div class=\"col-xs-12 col-print-12\">\n<p class=\"element element-paragraph\">Sus d\u00edas en prisi\u00f3n le resultaban interminables. Le permit\u00edan salir al patio una hora a la ma\u00f1ana y otra a la tarde, y una hora al pasillo. El resto del tiempo lo pasaba en la celda, pero\u00a0<b>sin tener contacto con los presos comunes<\/b>. Y de vez en cuando recib\u00eda la visita de sus t\u00edos y de sus compa\u00f1eros de Olmos.<\/p>\n<\/div>\n<\/div>\n<div class=\"row pb-content-type-text\">\n<div class=\"col-xs-12 col-print-12\">\n<p class=\"element element-paragraph\">Pero la que siempre estuvo a su lado fue su esposa, que le llevaba a los chicos cada vez que iba. En ese momento, la hija de Villafa\u00f1e ten\u00eda 3 a\u00f1os y su hijo 6. \u201cLes dec\u00eda que estaba trabajando pero el nene no entend\u00eda porque no volv\u00eda a casa.\u00a0<b>A \u00e9l le ment\u00eda con que estaba haciendo horas extras para comprarle la Play que me hab\u00eda pedido.\u00a0<\/b>Pero con el pasar de los meses me lleg\u00f3 a decir que ya no quer\u00eda la Play y que prefer\u00eda que volviera a casa porque quer\u00eda estar conmigo. Ese momento fue terrible\u201d, cont\u00f3.<\/p>\n<\/div>\n<\/div>\n<div class=\"row pb-content-type-text\">\n<div class=\"col-xs-12 col-print-12\">\n<p class=\"element element-paragraph\">Para sus abogados, Villafa\u00f1e tendr\u00eda que haber pasado todo el proceso en libertad. \u201cNo hab\u00eda riesgo procesal, ten\u00eda domicilio fijo,<b>\u00a0ten\u00eda a su mujer y a sus hijos, y siempre estuvo a derecho.\u00a0<\/b>Por eso, finalmente la Justicia resolvi\u00f3 otorgarle la prisi\u00f3n domiciliaria\u201d, se\u00f1al\u00f3 Molina.<\/p>\n<\/div>\n<\/div>\n<div class=\"row pb-content-type-text\">\n<div class=\"col-xs-12 col-print-12\">\n<p class=\"element element-paragraph\">Los d\u00edas que estuvo preso en su casa de Ringuelet,\u00a0<b>Villafa\u00f1e los aprovech\u00f3 para terminar de construirla\u00a0<\/b>ya que estaba a medio a hacer. \u201c<b>Aprend\u00ed a colocar pisos, levantar paredes y revocar mirando videos de YouTube.<\/b>\u00a0Pero eso pude hacerlo mientras cobraba la totalidad del suelo. Cuando me pasaron a disponibilidad preventiva solo me pagaban la mitad as\u00ed que tuve que dejar la construcci\u00f3n porque no ten\u00eda plata comprar los materiales y empec\u00e9 a dedicarme a las tareas del hogar.\u00a0<b>Me encargaba de cocinar y de cortar el pasto, que era lo que m\u00e1s me gustaba<\/b>\u201d.<\/p>\n<\/div>\n<\/div>\n<div class=\"row pb-content-type-text\">\n<div class=\"col-xs-12 col-print-12\">\n<p class=\"element element-paragraph\"><b>El juez le permiti\u00f3 a Villafa\u00f1e tener salidas laborales.<\/b>\u00a0\u201cSu prisi\u00f3n domiciliaria fue<b>\u00a0sin pulsera electr\u00f3nica porque as\u00ed lo dispuso el juez.<\/b>\u00a0Hay muchos casos as\u00ed. Cuando esto ocurre por lo general, desde el Patronato de Liberados, controlan que est\u00e9 en el domicilio. Villafa\u00f1e trabaj\u00f3 de alba\u00f1il\u201d, informaron a\u00a0<b>Infobae<\/b>\u00a0fuentes del Servicio Penitenciario Bonaerense (SPB).<\/p>\n<\/div>\n<\/div>\n<div class=\"row pb-content-type-text\">\n<div class=\"col-xs-12 col-print-12\">\n<p class=\"element element-paragraph\">El tiempo que estuvo preso tambi\u00e9n le sirvi\u00f3 para\u00a0<b>reencontarse con la religi\u00f3n y empezar a leer la Biblia.<\/b>\u00a0Lo hac\u00eda como algo terap\u00e9utico Poco despu\u00e9s,\u00a0<b>a su hijo de ocho a\u00f1os le diagnosticaron leucemia<\/b>. Fue por ese motivo que\u00a0<b>decidi\u00f3 violar la prisi\u00f3n domiciliaria y se escap\u00f3 directo al Hospital de Ni\u00f1os de La Plata<\/b>, donde estaba internado el nene, para verlo<\/p>\n<\/div>\n<\/div>\n<div class=\"row pb-content-type-image\">\n<figure class=\"element element-image col-xs-12\">\n<div class=\"single-image\">\n<div class=\"shares\">\n<div class=\"share-button facebook\" data-url=\"https:\/\/www.infobae.com\/sociedad\/policiales\/2019\/09\/28\/es-penitenciario-estuvo-cinco-anos-detenido-por-el-suicidio-de-un-preso-y-era-inocente-su-hijo-murio-mientras-estaba-bajo-arresto\/%23VMY3CFFGXBGVNIBTLDFBTEW2KA\" data-original=\"https:\/\/arc-anglerfish-arc2-prod-infobae.s3.amazonaws.com\/public\/VMY3CFFGXBGVNIBTLDFBTEW2KA\"><\/div>\n<\/div>\n<p><img decoding=\"async\" id=\"VMY3CFFGXBGVNIBTLDFBTEW2KA\" class=\"image-lazy\" src=\"https:\/\/www.infobae.com\/new-resizer\/GRvedy9uYostoxzW_jRB5OTOpTg=\/750x0\/filters:quality(100)\/arc-anglerfish-arc2-prod-infobae.s3.amazonaws.com\/public\/VMY3CFFGXBGVNIBTLDFBTEW2KA\" alt=\" 162\" width=\"750\" height=\"421.79487179487177\" data-url=\"https:\/\/www.infobae.com\/sociedad\/policiales\/2019\/09\/28\/es-penitenciario-estuvo-cinco-anos-detenido-por-el-suicidio-de-un-preso-y-era-inocente-su-hijo-murio-mientras-estaba-bajo-arresto\/%23VMY3CFFGXBGVNIBTLDFBTEW2KA\" data-original=\"https:\/\/www.infobae.com\/new-resizer\/GRvedy9uYostoxzW_jRB5OTOpTg=\/750x0\/filters:quality(100)\/arc-anglerfish-arc2-prod-infobae.s3.amazonaws.com\/public\/VMY3CFFGXBGVNIBTLDFBTEW2KA\" \/><\/div><figcaption class=\"\"><span class=\"credit\">162<\/span><\/figcaption><\/figure>\n<\/div>\n<div class=\"row pb-content-type-text\">\n<div class=\"col-xs-12 col-print-12\">\n<p class=\"element element-paragraph\"><mark class=\"hl_yellow\">\u201cNo me importaba nada.\u00a0<b>No dud\u00e9 ni un segundo de escaparme. La primera quimio fue terrible porque le quemaron los intestinos y tuvieron que operarlo de urgencia.\u00a0<\/b>Se le fue cayendo el pelo, empez\u00f3 a perder peso y no pudo volver a reponerse. Fue fulminante\u201d<\/mark>, se lament\u00f3 Villafa\u00f1e, a quien en esa instancia ya le hab\u00eda permitido visitarlo durante dos horas por d\u00eda. \u201c<b>Mi hijo muri\u00f3 sin enterarse que yo estaba preso<\/b>\u00a0porque lo primero que hice cuando me dieron la domiciliaria fue comprarle la Playstation que yo le hab\u00eda prometido\u201d, asever\u00f3.<\/p>\n<\/div>\n<\/div>\n<div class=\"row pb-content-type-text\">\n<div class=\"col-xs-12 col-print-12\">\n<p class=\"element element-paragraph\">Villafa\u00f1e fue\u00a0<b>absuelto el 17 de julio de este a\u00f1o y d\u00edas despu\u00e9s pidi\u00f3 volver a su trabajo.<\/b><\/p>\n<\/div>\n<\/div>\n<div class=\"row pb-content-type-text\">\n<div class=\"col-xs-12 col-print-12\">\n<p class=\"element element-paragraph\">En tanto, desde el SPB confirmaron que \u201cni bien la justicia lo sobresey\u00f3, el sumario administrativo dej\u00f3 sin efecto la disponibilidad preventiva y se lo readmiti\u00f3\u201d.\u00a0<b>Hoy, Villafa\u00f1e cumple funciones en la Subdirecci\u00f3n General de Supervisi\u00f3n Electr\u00f3nica, en la Direcci\u00f3n de Videovigilancia.<\/b><\/p>\n<\/div>\n<\/div>\n<\/div>\n<\/div>\n<\/div>\n<\/div>\n","protected":false},"excerpt":{"rendered":"<p>Leonardo Villafa\u00f1e fue acusado de \u201cabandono de persona seguido de muerte\u201d pero absuelto por el Tribunal Oral Criminal N\u00ba3 de La Plata. El calvario de vivir de los dos lados de las rejas. Leonardo Villafa\u00f1e estuvo preso en la Alcaid\u00eda Petinatto y luego le dieron prisi\u00f3n domiciliaria El 23 de octubre de 2013 marc\u00f3 un [&hellip;]<\/p>\n","protected":false},"author":1,"featured_media":31966,"comment_status":"closed","ping_status":"closed","sticky":false,"template":"","format":"standard","meta":{"footnotes":""},"categories":[11],"tags":[],"class_list":["post-31965","post","type-post","status-publish","format-standard","has-post-thumbnail","hentry","category-sociedad"],"_links":{"self":[{"href":"http:\/\/informateesquina.com\/index.php?rest_route=\/wp\/v2\/posts\/31965","targetHints":{"allow":["GET"]}}],"collection":[{"href":"http:\/\/informateesquina.com\/index.php?rest_route=\/wp\/v2\/posts"}],"about":[{"href":"http:\/\/informateesquina.com\/index.php?rest_route=\/wp\/v2\/types\/post"}],"author":[{"embeddable":true,"href":"http:\/\/informateesquina.com\/index.php?rest_route=\/wp\/v2\/users\/1"}],"replies":[{"embeddable":true,"href":"http:\/\/informateesquina.com\/index.php?rest_route=%2Fwp%2Fv2%2Fcomments&post=31965"}],"version-history":[{"count":0,"href":"http:\/\/informateesquina.com\/index.php?rest_route=\/wp\/v2\/posts\/31965\/revisions"}],"wp:featuredmedia":[{"embeddable":true,"href":"http:\/\/informateesquina.com\/index.php?rest_route=\/"}],"wp:attachment":[{"href":"http:\/\/informateesquina.com\/index.php?rest_route=%2Fwp%2Fv2%2Fmedia&parent=31965"}],"wp:term":[{"taxonomy":"category","embeddable":true,"href":"http:\/\/informateesquina.com\/index.php?rest_route=%2Fwp%2Fv2%2Fcategories&post=31965"},{"taxonomy":"post_tag","embeddable":true,"href":"http:\/\/informateesquina.com\/index.php?rest_route=%2Fwp%2Fv2%2Ftags&post=31965"}],"curies":[{"name":"wp","href":"https:\/\/api.w.org\/{rel}","templated":true}]}}