{"id":31968,"date":"2019-09-28T11:22:27","date_gmt":"2019-09-28T14:22:27","guid":{"rendered":"https:\/\/informateesquina.com\/?p=31968"},"modified":"2019-09-28T11:22:27","modified_gmt":"2019-09-28T14:22:27","slug":"esquina-el-acusado-de-distribuir-pornografia-infantil-seguira-detenido","status":"publish","type":"post","link":"http:\/\/informateesquina.com\/?p=31968","title":{"rendered":"Esquina: El acusado de distribuir pornograf\u00eda infantil seguir\u00e1 detenido"},"content":{"rendered":"<p class=\"copete\">El Dr. Gustavo Barrias, abogado del hombre de 28 a\u00f1os detenido por distribuci\u00f3n de pornograf\u00eda infantil,\u00a0 adelant\u00f3 que por el momento \u201cno pedir\u00e1n la excarcelaci\u00f3n\u201d. Sostuvo que esperar\u00e1n a que la causa tome su curso y dijo \u201cqueremos conocer m\u00e1s sobre el tema y estudiar en profundidad por los delitos de lo que se le acusa\u201d.<\/p>\n<p>El hombre de apellido Reina (28) se encuentra detenido en Esquina por supuesta distribuci\u00f3n de pornograf\u00eda infantil. La justicia lo atrap\u00f3 tras una intensa investigaci\u00f3n hecha entre el gobierno estadounidense y el argentino.<\/p>\n<p>Reina fue detenido por la distribuci\u00f3n de pornograf\u00eda infantil, aunque hasta el momento indican que no habr\u00eda sido \u00e9l quien las \u201celaboraba\u201d. \u201cHoy estamos investigando y tratando de conocer m\u00e1s en profundidad el tema. Sabemos que son muy graves las acusaciones y estamos estudiando\u201d, dijo el Dr. Gustavo Barrias.<\/p>\n<p>Hasta el momento, el detenido se abstuvo de declarar e indican que no pedir\u00e1n la excarcelaci\u00f3n.<\/p>\n<p>Vale recordar que la investigaci\u00f3n dur\u00f3 casi un a\u00f1o.<\/p>\n<p>FUENTE: RADIO SUDAMERICANA<\/p>\n","protected":false},"excerpt":{"rendered":"<p>El Dr. Gustavo Barrias, abogado del hombre de 28 a\u00f1os detenido por distribuci\u00f3n de pornograf\u00eda infantil,\u00a0 adelant\u00f3 que por el momento \u201cno pedir\u00e1n la excarcelaci\u00f3n\u201d. Sostuvo que esperar\u00e1n a que la causa tome su curso y dijo \u201cqueremos conocer m\u00e1s sobre el tema y estudiar en profundidad por los delitos de lo que se le [&hellip;]<\/p>\n","protected":false},"author":1,"featured_media":31969,"comment_status":"closed","ping_status":"closed","sticky":false,"template":"","format":"standard","meta":{"footnotes":""},"categories":[6,8],"tags":[136],"class_list":["post-31968","post","type-post","status-publish","format-standard","has-post-thumbnail","hentry","category-locales","category-policiales","tag-destacados"],"_links":{"self":[{"href":"http:\/\/informateesquina.com\/index.php?rest_route=\/wp\/v2\/posts\/31968","targetHints":{"allow":["GET"]}}],"collection":[{"href":"http:\/\/informateesquina.com\/index.php?rest_route=\/wp\/v2\/posts"}],"about":[{"href":"http:\/\/informateesquina.com\/index.php?rest_route=\/wp\/v2\/types\/post"}],"author":[{"embeddable":true,"href":"http:\/\/informateesquina.com\/index.php?rest_route=\/wp\/v2\/users\/1"}],"replies":[{"embeddable":true,"href":"http:\/\/informateesquina.com\/index.php?rest_route=%2Fwp%2Fv2%2Fcomments&post=31968"}],"version-history":[{"count":0,"href":"http:\/\/informateesquina.com\/index.php?rest_route=\/wp\/v2\/posts\/31968\/revisions"}],"wp:featuredmedia":[{"embeddable":true,"href":"http:\/\/informateesquina.com\/index.php?rest_route=\/"}],"wp:attachment":[{"href":"http:\/\/informateesquina.com\/index.php?rest_route=%2Fwp%2Fv2%2Fmedia&parent=31968"}],"wp:term":[{"taxonomy":"category","embeddable":true,"href":"http:\/\/informateesquina.com\/index.php?rest_route=%2Fwp%2Fv2%2Fcategories&post=31968"},{"taxonomy":"post_tag","embeddable":true,"href":"http:\/\/informateesquina.com\/index.php?rest_route=%2Fwp%2Fv2%2Ftags&post=31968"}],"curies":[{"name":"wp","href":"https:\/\/api.w.org\/{rel}","templated":true}]}}