{"id":31974,"date":"2019-09-30T12:14:44","date_gmt":"2019-09-30T15:14:44","guid":{"rendered":"https:\/\/informateesquina.com\/?p=31974"},"modified":"2019-09-30T12:14:44","modified_gmt":"2019-09-30T15:14:44","slug":"el-presidente-macri-estaria-en-corrientes-el-viernes-18-de-octubre","status":"publish","type":"post","link":"http:\/\/informateesquina.com\/?p=31974","title":{"rendered":"El Presidente Macri estar\u00eda en Corrientes el viernes 18 de octubre"},"content":{"rendered":"<h2><span style=\"color: #666666; font-family: Roboto, sans-serif; font-size: 15px;\">El cronista de Sudamericana coment\u00f3 que en Casa de Gobierno circula la versi\u00f3n de que el Presidente de la Naci\u00f3n arribar\u00eda el viernes 18 de octubre a Corrientes, poco m\u00e1s de una semana antes de las elecciones generales nacionales. Se espera que esta semana se confirme la visita y la agenda del mandatario nacional en esta provincia, que ser\u00eda la visita n\u00famero 13.<\/span><\/h2>\n<p>Fuente: Radio Sudamericana<\/p>\n","protected":false},"excerpt":{"rendered":"<p>El cronista de Sudamericana coment\u00f3 que en Casa de Gobierno circula la versi\u00f3n de que el Presidente de la Naci\u00f3n arribar\u00eda el viernes 18 de octubre a Corrientes, poco m\u00e1s de una semana antes de las elecciones generales nacionales. Se espera que esta semana se confirme la visita y la agenda del mandatario nacional en [&hellip;]<\/p>\n","protected":false},"author":1,"featured_media":31975,"comment_status":"closed","ping_status":"closed","sticky":false,"template":"","format":"standard","meta":{"footnotes":""},"categories":[9],"tags":[136],"class_list":["post-31974","post","type-post","status-publish","format-standard","has-post-thumbnail","hentry","category-politica","tag-destacados"],"_links":{"self":[{"href":"http:\/\/informateesquina.com\/index.php?rest_route=\/wp\/v2\/posts\/31974","targetHints":{"allow":["GET"]}}],"collection":[{"href":"http:\/\/informateesquina.com\/index.php?rest_route=\/wp\/v2\/posts"}],"about":[{"href":"http:\/\/informateesquina.com\/index.php?rest_route=\/wp\/v2\/types\/post"}],"author":[{"embeddable":true,"href":"http:\/\/informateesquina.com\/index.php?rest_route=\/wp\/v2\/users\/1"}],"replies":[{"embeddable":true,"href":"http:\/\/informateesquina.com\/index.php?rest_route=%2Fwp%2Fv2%2Fcomments&post=31974"}],"version-history":[{"count":0,"href":"http:\/\/informateesquina.com\/index.php?rest_route=\/wp\/v2\/posts\/31974\/revisions"}],"wp:featuredmedia":[{"embeddable":true,"href":"http:\/\/informateesquina.com\/index.php?rest_route=\/"}],"wp:attachment":[{"href":"http:\/\/informateesquina.com\/index.php?rest_route=%2Fwp%2Fv2%2Fmedia&parent=31974"}],"wp:term":[{"taxonomy":"category","embeddable":true,"href":"http:\/\/informateesquina.com\/index.php?rest_route=%2Fwp%2Fv2%2Fcategories&post=31974"},{"taxonomy":"post_tag","embeddable":true,"href":"http:\/\/informateesquina.com\/index.php?rest_route=%2Fwp%2Fv2%2Ftags&post=31974"}],"curies":[{"name":"wp","href":"https:\/\/api.w.org\/{rel}","templated":true}]}}