{"id":31979,"date":"2019-09-30T12:23:55","date_gmt":"2019-09-30T15:23:55","guid":{"rendered":"https:\/\/informateesquina.com\/?p=31979"},"modified":"2019-09-30T12:23:55","modified_gmt":"2019-09-30T15:23:55","slug":"tres-muertos-en-el-interior-provincial-por-siniestros-viales","status":"publish","type":"post","link":"http:\/\/informateesquina.com\/?p=31979","title":{"rendered":"Tres muertos en el interior provincial por siniestros viales"},"content":{"rendered":"<header>\n<h1>Tres\u00a0 hombres perdieron la vida en siniestros viales el s\u00e1bado en localidades del interior provincial. En lo que va del a\u00f1o 2019, \u00a0119 \u00a0personas perdieron la vida en la provincia de Corrientes en accidentes de tr\u00e1nsito, 33 de ellos en la ciudad Capital y 86 Interior provincial.<\/h1>\n<\/header>\n<div class=\"content\">\n<section class=\"body\">\n<div class=\"share\"><\/div>\n<p><time>30 de Septiembre, 2019<\/time>El primero de los hechos se produjo en la localidad de La Cruz, \u00a0en la ruta provincial N\u00ba 145, cuando \u00a0un veh\u00edculo Renault 21 despist\u00f3\u00a0 y volc\u00f3, lo produjo la muerte de un hombre apellido Barboza de 50 a\u00f1os de edad.<\/p>\n<p>En tanto, en Mercedes, un autom\u00f3vil circulaba por ruta provincial N\u00ba 123, cuando colisiona contra un veh\u00edculo Volkswagen, que cruza de carril y termina despistando. Producto del impacto, su conductor fallece en el lugar.<\/p>\n<p>Finalmente,\u00a0 en Santo Tom\u00e9, \u00a0en horas de la noche, aproximadamente a \u00a0las 23, sobre la \u00a0ruta provincial N\u00ba94 colisionaron una camioneta pickup y una Chevrolet Traker y producto del impacto falleci\u00f3 en el lugar el conductor y su acompa\u00f1ante en el hospital de dicha localidad en car\u00e1cter reservado.<\/p>\n<p>Fuente : Radio Dos<\/p>\n<\/section>\n<\/div>\n","protected":false},"excerpt":{"rendered":"<p>Tres\u00a0 hombres perdieron la vida en siniestros viales el s\u00e1bado en localidades del interior provincial. En lo que va del a\u00f1o 2019, \u00a0119 \u00a0personas perdieron la vida en la provincia de Corrientes en accidentes de tr\u00e1nsito, 33 de ellos en la ciudad Capital y 86 Interior provincial. 30 de Septiembre, 2019El primero de los hechos [&hellip;]<\/p>\n","protected":false},"author":1,"featured_media":31980,"comment_status":"closed","ping_status":"closed","sticky":false,"template":"","format":"standard","meta":{"footnotes":""},"categories":[8],"tags":[],"class_list":["post-31979","post","type-post","status-publish","format-standard","has-post-thumbnail","hentry","category-policiales"],"_links":{"self":[{"href":"http:\/\/informateesquina.com\/index.php?rest_route=\/wp\/v2\/posts\/31979","targetHints":{"allow":["GET"]}}],"collection":[{"href":"http:\/\/informateesquina.com\/index.php?rest_route=\/wp\/v2\/posts"}],"about":[{"href":"http:\/\/informateesquina.com\/index.php?rest_route=\/wp\/v2\/types\/post"}],"author":[{"embeddable":true,"href":"http:\/\/informateesquina.com\/index.php?rest_route=\/wp\/v2\/users\/1"}],"replies":[{"embeddable":true,"href":"http:\/\/informateesquina.com\/index.php?rest_route=%2Fwp%2Fv2%2Fcomments&post=31979"}],"version-history":[{"count":0,"href":"http:\/\/informateesquina.com\/index.php?rest_route=\/wp\/v2\/posts\/31979\/revisions"}],"wp:featuredmedia":[{"embeddable":true,"href":"http:\/\/informateesquina.com\/index.php?rest_route=\/"}],"wp:attachment":[{"href":"http:\/\/informateesquina.com\/index.php?rest_route=%2Fwp%2Fv2%2Fmedia&parent=31979"}],"wp:term":[{"taxonomy":"category","embeddable":true,"href":"http:\/\/informateesquina.com\/index.php?rest_route=%2Fwp%2Fv2%2Fcategories&post=31979"},{"taxonomy":"post_tag","embeddable":true,"href":"http:\/\/informateesquina.com\/index.php?rest_route=%2Fwp%2Fv2%2Ftags&post=31979"}],"curies":[{"name":"wp","href":"https:\/\/api.w.org\/{rel}","templated":true}]}}