{"id":31982,"date":"2019-09-30T12:28:44","date_gmt":"2019-09-30T15:28:44","guid":{"rendered":"https:\/\/informateesquina.com\/?p=31982"},"modified":"2019-09-30T12:28:44","modified_gmt":"2019-09-30T15:28:44","slug":"unne-a-partir-de-manana-inicia-la-preinscripcion-online","status":"publish","type":"post","link":"http:\/\/informateesquina.com\/?p=31982","title":{"rendered":"Unne: a partir de ma\u00f1ana inicia la preinscripci\u00f3n online"},"content":{"rendered":"<div class=\"col-md-12\">\n<h2 style=\"text-align: left;\"><span style=\"color: #666666; font-family: Roboto, sans-serif; font-size: 15px;\">Se estableci\u00f3, adem\u00e1s, que el primer per\u00edodo de inscripci\u00f3n presencial de los ingresantes se desarrolle del 2 al 27 de diciembre para todas las carreras. Y habr\u00e1 un segundo per\u00edodo, en 2020, s\u00f3lo para las carreras de Administraci\u00f3n de Empresas Agropecuarias, Comercio Exterior y Licenciatura en Gesti\u00f3n y Desarrollo Cultural.<\/span><\/h2>\n<div class=\"image_review_wrapper\">\n<div class=\"swiper-container swiper-container-horizontal swiper-container-android\">\n<div class=\"swiper-wrapper\">\n<div class=\"swiper-slide swiper-slide-active\"><a href=\"https:\/\/www.radiosudamericana.com\/notix\/multimedia\/imagenes\/fotos\/2019-09-30\/398949.jpg\"><img decoding=\"async\" class=\"img-responsive\" src=\"https:\/\/www.radiosudamericana.com\/notix\/multimedia\/imagenes\/fotos\/2019-09-30\/398949.jpg\" alt=\"Responsive image\" \/><\/a>Desde el pr\u00f3ximo martes 1\u00ba de octubre la Universidad Nacional del Nordeste (Unne) abrir\u00e1 la preinscripci\u00f3n online a sus distintas carreras para ingresantes al ciclo lectivo 2020. Adem\u00e1s, se estableci\u00f3 que el primer per\u00edodo de inscripci\u00f3n presencial de los ingresantes se extender\u00e1 del 2 al 27 de diciembre para todas las carreras. Y habr\u00e1 un segundo per\u00edodo, en 2020, s\u00f3lo para las carreras de Administraci\u00f3n de Empresas Agropecuarias, Comercio Exterior y Licenciatura en Gesti\u00f3n y Desarrollo Cultural.<\/div>\n<\/div>\n<\/div>\n<\/div>\n<\/div>\n<p>Los interesados podr\u00e1n acceder, desde la fecha anunciada, al sistema de preinscripciones desde el portal de la Universidad:\u00a0www.unne.edu.ar, donde deber\u00e1n crear una cuenta como primer paso obligatorio.<\/p>\n<p>En tanto que la inscripci\u00f3n formal de aspirantes a ingreso para el ciclo acad\u00e9mico 2020 es un tr\u00e1mite personal que se realiza de manera presencial en las Facultades e Institutos de la\u00a0Unne\u00a0seg\u00fan corresponda y siguiendo el cronograma establecido por Resoluci\u00f3n 657\/19, a saber:<\/p>\n<h2>\n<strong>Primer per\u00edodo de inscripci\u00f3n-Ingresantes\u00a0Unne\u00a02020:\u00a0<\/strong><\/h2>\n<p>Inicia el lunes 2 de diciembre y se extender\u00e1 hasta el jueves 27 de diciembre de 2019 para las Facultades de Ciencias Agrarias; Ciencias Veterinarias; Odontolog\u00eda; Medicina; Derecho, Ciencias Sociales y Pol\u00edticas; Ciencias Exactas y Naturales y Agrimensura; Arquitectura y Urbanismo; Humanidades; Ciencias Econ\u00f3micas; Ingenier\u00eda; Artes, Dise\u00f1o y Ciencias de la Cultura y el Instituto de Ciencias Criminal\u00edsticas y Criminolog\u00eda.<br \/>\nl Segundo per\u00edodo de inscripci\u00f3n: inicia el 3 de febrero y se extender\u00e1 hasta el 6 de marzo de 2020. El mismo est\u00e1 vigente para los ingresantes del Instituto de Administraci\u00f3n de Empresas Agropecuarias, dependiente de la Facultad de Ciencias Veterinarias (que se dicta en Curuz\u00fa Cuati\u00e1, Corrientes); la carrera de Comercio Exterior (con sede en Paso de los Libres, Corrientes) dependiente de la Facultad de Ciencias Econ\u00f3micas y la carrera de Licenciatura en Gesti\u00f3n y Desarrollo Cultural (con sede en Resistencia), dependiente de la Facultad de Artes, Dise\u00f1o y Ciencias de la Cultura.<br \/>\n<strong><br \/>\nRequisitos de inscripci\u00f3n<\/strong><\/p>\n<p>El interesado (o persona debidamente autorizada por este), deber\u00e1 presentar en carpeta colgante la siguiente documentaci\u00f3n:<br \/>\n1- DNI original acompa\u00f1ado de fotocopia. Para los extranjeros que no tengan DNI, se requerir\u00e1 pasaporte, y si pertenece al Mercosur ser\u00e1 suficiente la C\u00e9dula de Identidad del Mercosur, acompa\u00f1ado de fotocopia.<br \/>\n2- Tres fotograf\u00edas de 4 X 4 cm. fondo blanco.<br \/>\n3- T\u00edtulo de Nivel Medio, Certificado Original, constancia de estudios secundarios completos (con la leyenda \u201cNo adeuda materias\u201d). Si al 27 de diciembre no contase con este requisito, deber\u00e1 presentar constancia de estar cursando el \u00faltimo a\u00f1o de la escuela secundaria.<br \/>\n4- Control de buena salud realizado en la Direcci\u00f3n de Salud Universitaria, dependiente de la Secretar\u00eda General de Asuntos Sociales de esta Universidad.<br \/>\nEs importante consignar que estos controles se realizar\u00e1n en las fechas establecidas en el cronograma determinado para cada unidad acad\u00e9mica, que se informar\u00e1n oportunamente en el inicio del ciclo 2020.<br \/>\n5- Partida de nacimiento actualizada emitida por el Registro Civil, teniendo como plazo m\u00e1ximo de presentaci\u00f3n hasta el 30 de marzo de 2020.<br \/>\n6- Ficha\u00a0de aspirante obtenida\u00a0del Sistema de Preinscripciones (preinscripci\u00f3n online) con todos los datos completos, impreso y firmado por el interesado.<br \/>\n-La inscripci\u00f3n final del ingresante s\u00f3lo ser\u00e1 formalizada con la presentaci\u00f3n de todos los requisitos mencionados anteriormente y la documentaci\u00f3n requerida por las unidades acad\u00e9micas en cada caso.<br \/>\nEl hecho de realizar la carga online de la ficha de aspirante no implica inscripci\u00f3n formal a la Universidad.<\/p>\n","protected":false},"excerpt":{"rendered":"<p>Se estableci\u00f3, adem\u00e1s, que el primer per\u00edodo de inscripci\u00f3n presencial de los ingresantes se desarrolle del 2 al 27 de diciembre para todas las carreras. Y habr\u00e1 un segundo per\u00edodo, en 2020, s\u00f3lo para las carreras de Administraci\u00f3n de Empresas Agropecuarias, Comercio Exterior y Licenciatura en Gesti\u00f3n y Desarrollo Cultural. Desde el pr\u00f3ximo martes 1\u00ba [&hellip;]<\/p>\n","protected":false},"author":1,"featured_media":31983,"comment_status":"closed","ping_status":"closed","sticky":false,"template":"","format":"standard","meta":{"footnotes":""},"categories":[10,11],"tags":[],"class_list":["post-31982","post","type-post","status-publish","format-standard","has-post-thumbnail","hentry","category-provinciales","category-sociedad"],"_links":{"self":[{"href":"http:\/\/informateesquina.com\/index.php?rest_route=\/wp\/v2\/posts\/31982","targetHints":{"allow":["GET"]}}],"collection":[{"href":"http:\/\/informateesquina.com\/index.php?rest_route=\/wp\/v2\/posts"}],"about":[{"href":"http:\/\/informateesquina.com\/index.php?rest_route=\/wp\/v2\/types\/post"}],"author":[{"embeddable":true,"href":"http:\/\/informateesquina.com\/index.php?rest_route=\/wp\/v2\/users\/1"}],"replies":[{"embeddable":true,"href":"http:\/\/informateesquina.com\/index.php?rest_route=%2Fwp%2Fv2%2Fcomments&post=31982"}],"version-history":[{"count":0,"href":"http:\/\/informateesquina.com\/index.php?rest_route=\/wp\/v2\/posts\/31982\/revisions"}],"wp:featuredmedia":[{"embeddable":true,"href":"http:\/\/informateesquina.com\/index.php?rest_route=\/"}],"wp:attachment":[{"href":"http:\/\/informateesquina.com\/index.php?rest_route=%2Fwp%2Fv2%2Fmedia&parent=31982"}],"wp:term":[{"taxonomy":"category","embeddable":true,"href":"http:\/\/informateesquina.com\/index.php?rest_route=%2Fwp%2Fv2%2Fcategories&post=31982"},{"taxonomy":"post_tag","embeddable":true,"href":"http:\/\/informateesquina.com\/index.php?rest_route=%2Fwp%2Fv2%2Ftags&post=31982"}],"curies":[{"name":"wp","href":"https:\/\/api.w.org\/{rel}","templated":true}]}}