{"id":32312,"date":"2019-10-10T16:32:38","date_gmt":"2019-10-10T19:32:38","guid":{"rendered":"https:\/\/informateesquina.com\/?p=32312"},"modified":"2019-10-10T16:32:38","modified_gmt":"2019-10-10T19:32:38","slug":"resistencia-las-dejo-encerradas-la-vivienda-se-incendio-y-murieron-calcinadas","status":"publish","type":"post","link":"http:\/\/informateesquina.com\/?p=32312","title":{"rendered":"Resistencia: Las dej\u00f3 encerradas, la vivienda se incendi\u00f3 y murieron calcinadas"},"content":{"rendered":"<p class=\"copete\">Ocurri\u00f3 en el asentamiento Mate Cosido en la ciudad de Resistencia. El fuego no tard\u00f3 en devorar una precaria vivienda en que se encontraban una mujer de 37 a\u00f1os y sus ni\u00f1as de 8 y uno. El padre de las menores fue detenido.<\/p>\n<div class=\"cuerpo\">\n<p>Un hecho dram\u00e1tico y tr\u00e1gico, cuyas causas y motivos se encuentran en plena investigaci\u00f3n, caus\u00f3 escozor entre los habitantes del denominado asentamiento Mate Cosido de la zona sur de Resistencia, donde una mujer y sus dos hijas murieron calcinadas.<\/p>\n<p>La precaria vivienda qued\u00f3 completamente destruida. Una mujer y sus dos hijas perecieron.<\/p>\n<p><a class=\"fotos-desarrollo unlink\" title=\"Las dej\u00f3 encerradas, la vivienda se incendi\u00f3 y murieron calcinadas\" href=\"http:\/\/www.radiosudamericana.com\/notix\/multimedia\/imagenes\/fotos\/2019-10-09\/828540.jpeg\"><img decoding=\"async\" class=\"img-responsive\" src=\"http:\/\/www.radiosudamericana.com\/notix\/multimedia\/imagenes\/fotos\/2019-10-09\/828540.jpeg\" \/><\/a><\/p>\n<p>El incendio se declar\u00f3 alrededor de las 11 de este lunes y las llamas fueron devastadoras para la precaria estructura que r\u00e1pidamente ardi\u00f3 en su totalidad. La casita tipo rancho se levantaba en mencionado asentamiento, a pocos metros de la intersecci\u00f3n de avenida Mac Lean y calle Tat\u00fa Carreta.<\/p>\n<p>Im\u00e1genes que se difundieron en las redes sociales muestran la intensidad del fuego, mientras se escuchaban los gritos desesperados de vecinos que sab\u00edan que adentro hab\u00eda tres personas.<\/p>\n<p>Dram\u00e1tico testimonio. La puerta qued\u00f3 en pie, y puede notarse el candado puesto del lado de afuera.<\/p>\n<p>La polic\u00eda y los bomberos acudieron con premura al lugar, pero poco pudieron hacer. Una vez sofocadas las llamas todo estaba arrasado, y al inspeccionar el sitio confirmaron la muerte de las tres mujeres.<\/p>\n<p>Las v\u00edctimas ser\u00edan identificadas como Griselda Sosa, de 37 a\u00f1os, y sus hijas Jazm\u00edn y Brisa, de 8 y un a\u00f1o respectivamente.<\/p>\n<p><a class=\"fotos-desarrollo unlink\" title=\"Las dej\u00f3 encerradas, la vivienda se incendi\u00f3 y murieron calcinadas\" href=\"http:\/\/www.radiosudamericana.com\/notix\/multimedia\/imagenes\/fotos\/2019-10-09\/612955.jpg\"><img decoding=\"async\" class=\"img-responsive\" src=\"http:\/\/www.radiosudamericana.com\/notix\/multimedia\/imagenes\/fotos\/2019-10-09\/612955.jpg\" \/><\/a><\/p>\n<p><strong>Detenci\u00f3n del padre de las ni\u00f1as<\/strong><\/p>\n<p>Con el correr de las horas la investigaci\u00f3n dio una r\u00e1pida sorpresa al informarse que fue detenido un hombre identificado como Ram\u00f3n Torres, de 48 a\u00f1os, pareja de la mujer y padre de las ni\u00f1as. La acusaci\u00f3n en primera instancia sobre \u00e9l es por \u201csupuesto homicidio culposo\u201d.<\/p>\n<p>La justicia se maneja con cautela, y esta primera car\u00e1tula responde a un hecho impactante: El hombre hab\u00eda dejado a las mujeres encerradas con un candado desde afuera. Esta, lamentablemente, ser\u00eda una pr\u00e1ctica habitual del hombre que temprano sal\u00eda de su casa para realizar sus tareas cotidianas y no estar\u00eda relacionada con el inicio del fuego en horas cercanas al mediod\u00eda.<\/p>\n<p>Como mudo y escalofriante testigo de lo ocurrido, qued\u00f3 en pie la puerta del rancho, con el candado colocado.<\/p>\n<p>Fuente Diario Norte Chaco<\/p>\n<div class=\"fotos-y-videos\">\n<div class=\"tab-content\">\n<div id=\"fotos\" class=\"tab-pane fade in active\" role=\"tabpanel\"><a class=\"fotos-desarrollo unlink\" title=\"Las dej\u00f3 encerradas, la vivienda se incendi\u00f3 y murieron calcinadas\" href=\"http:\/\/www.radiosudamericana.com\/notix\/multimedia\/imagenes\/fotos\/2019-10-09\/463239.jpg\"><img decoding=\"async\" class=\"img-responsive lazyload center-block\" src=\"http:\/\/www.radiosudamericana.com\/notix\/multimedia\/imagenes\/fotos\/2019-10-09\/463239.jpg\" alt=\"foto: Las dej\u00f3 encerradas, la vivienda se incendi\u00f3 y murieron calcinadas\" \/><\/a><\/div>\n<\/div>\n<\/div>\n<p>&nbsp;<\/p>\n<div class=\"cuerpo\">\n<p>&nbsp;<\/p>\n<\/div>\n<\/div>\n<div align=\"center\"><\/div>\n","protected":false},"excerpt":{"rendered":"<p>Ocurri\u00f3 en el asentamiento Mate Cosido en la ciudad de Resistencia. El fuego no tard\u00f3 en devorar una precaria vivienda en que se encontraban una mujer de 37 a\u00f1os y sus ni\u00f1as de 8 y uno. El padre de las menores fue detenido. Un hecho dram\u00e1tico y tr\u00e1gico, cuyas causas y motivos se encuentran en [&hellip;]<\/p>\n","protected":false},"author":1,"featured_media":32313,"comment_status":"closed","ping_status":"closed","sticky":false,"template":"","format":"standard","meta":{"footnotes":""},"categories":[8],"tags":[],"class_list":["post-32312","post","type-post","status-publish","format-standard","has-post-thumbnail","hentry","category-policiales"],"_links":{"self":[{"href":"http:\/\/informateesquina.com\/index.php?rest_route=\/wp\/v2\/posts\/32312","targetHints":{"allow":["GET"]}}],"collection":[{"href":"http:\/\/informateesquina.com\/index.php?rest_route=\/wp\/v2\/posts"}],"about":[{"href":"http:\/\/informateesquina.com\/index.php?rest_route=\/wp\/v2\/types\/post"}],"author":[{"embeddable":true,"href":"http:\/\/informateesquina.com\/index.php?rest_route=\/wp\/v2\/users\/1"}],"replies":[{"embeddable":true,"href":"http:\/\/informateesquina.com\/index.php?rest_route=%2Fwp%2Fv2%2Fcomments&post=32312"}],"version-history":[{"count":0,"href":"http:\/\/informateesquina.com\/index.php?rest_route=\/wp\/v2\/posts\/32312\/revisions"}],"wp:featuredmedia":[{"embeddable":true,"href":"http:\/\/informateesquina.com\/index.php?rest_route=\/"}],"wp:attachment":[{"href":"http:\/\/informateesquina.com\/index.php?rest_route=%2Fwp%2Fv2%2Fmedia&parent=32312"}],"wp:term":[{"taxonomy":"category","embeddable":true,"href":"http:\/\/informateesquina.com\/index.php?rest_route=%2Fwp%2Fv2%2Fcategories&post=32312"},{"taxonomy":"post_tag","embeddable":true,"href":"http:\/\/informateesquina.com\/index.php?rest_route=%2Fwp%2Fv2%2Ftags&post=32312"}],"curies":[{"name":"wp","href":"https:\/\/api.w.org\/{rel}","templated":true}]}}