{"id":32318,"date":"2019-10-10T17:16:04","date_gmt":"2019-10-10T20:16:04","guid":{"rendered":"https:\/\/informateesquina.com\/?p=32318"},"modified":"2019-10-10T17:16:04","modified_gmt":"2019-10-10T20:16:04","slug":"causa-sapucay-liberaron-y-volvieron-a-detener-a-uno-de-los-implicados","status":"publish","type":"post","link":"http:\/\/informateesquina.com\/?p=32318","title":{"rendered":"Causa Sapucay: liberaron y volvieron a detener a uno de los implicados"},"content":{"rendered":"<div class=\"entity_title\">\n<p><strong>Francisco Noguera qued\u00f3 en libertad luego de realizar un acuerdo de juicio abreviado. Tras salir, volvi\u00f3 a ser detenido por otro cargo.<\/strong><\/p>\n<\/div>\n<div>\n<div class=\"entity_content\">\n<p>\u201cEl TOF de Comodoro Py consider\u00f3 que deb\u00eda quedar en libertad por el tiempo cumplido en prisi\u00f3n preventiva, pero luego nos enteramos que qued\u00f3 detenido en el marco de otra causa, que se genera en 2018 y que est\u00e1 vinculada con hechos de marzo de este a\u00f1o, a partir de unas comunicaciones telef\u00f3nicas entre algunos detenidos en Marcos Paz y otras personas vinculadas a la causa de Saucedo\u201d, explic\u00f3 su abogada, Mariana Barbitta.<\/p>\n<p>\u201cAyer acompa\u00f1amos a Francisco a declarar y fue muy intenso. Pedimos la nulidad de las escuchas, \u00e9l las desconoci\u00f3. Fue un acto violatorio de cualquier intimidad. No es la voz de \u00e9l, y si fuera, viola el derecho constitucional que tiene cualquier detenido. El Estado pretende utilizar unas supuestas escuchas sin fundamentaci\u00f3n\u201d, agreg\u00f3 e indic\u00f3 que pidieron la excarcelaci\u00f3n de Noguera.<\/p>\n<p>Seg\u00fan la defensora, \u201cexiste una vinculaci\u00f3n con inteligencia paralela\u201d, como en la causa que se tramita en Dolores que involucra al esp\u00eda y falso abogado D\u2019Alessio.<\/p>\n<p>\u201cSon mecanismos de extorsi\u00f3n encubiertos\u201d, dijo y lo relacion\u00f3 con maniobras realizadas desde el Ministerio de Seguridad de la Naci\u00f3n.<\/p>\n<\/div>\n<div class=\"banner-google\" align=\"center\">FUENTE: LT 7<\/div>\n<\/div>\n","protected":false},"excerpt":{"rendered":"<p>Francisco Noguera qued\u00f3 en libertad luego de realizar un acuerdo de juicio abreviado. Tras salir, volvi\u00f3 a ser detenido por otro cargo. \u201cEl TOF de Comodoro Py consider\u00f3 que deb\u00eda quedar en libertad por el tiempo cumplido en prisi\u00f3n preventiva, pero luego nos enteramos que qued\u00f3 detenido en el marco de otra causa, que se [&hellip;]<\/p>\n","protected":false},"author":1,"featured_media":32319,"comment_status":"closed","ping_status":"closed","sticky":false,"template":"","format":"standard","meta":{"footnotes":""},"categories":[8,10],"tags":[],"class_list":["post-32318","post","type-post","status-publish","format-standard","has-post-thumbnail","hentry","category-policiales","category-provinciales"],"_links":{"self":[{"href":"http:\/\/informateesquina.com\/index.php?rest_route=\/wp\/v2\/posts\/32318","targetHints":{"allow":["GET"]}}],"collection":[{"href":"http:\/\/informateesquina.com\/index.php?rest_route=\/wp\/v2\/posts"}],"about":[{"href":"http:\/\/informateesquina.com\/index.php?rest_route=\/wp\/v2\/types\/post"}],"author":[{"embeddable":true,"href":"http:\/\/informateesquina.com\/index.php?rest_route=\/wp\/v2\/users\/1"}],"replies":[{"embeddable":true,"href":"http:\/\/informateesquina.com\/index.php?rest_route=%2Fwp%2Fv2%2Fcomments&post=32318"}],"version-history":[{"count":0,"href":"http:\/\/informateesquina.com\/index.php?rest_route=\/wp\/v2\/posts\/32318\/revisions"}],"wp:featuredmedia":[{"embeddable":true,"href":"http:\/\/informateesquina.com\/index.php?rest_route=\/"}],"wp:attachment":[{"href":"http:\/\/informateesquina.com\/index.php?rest_route=%2Fwp%2Fv2%2Fmedia&parent=32318"}],"wp:term":[{"taxonomy":"category","embeddable":true,"href":"http:\/\/informateesquina.com\/index.php?rest_route=%2Fwp%2Fv2%2Fcategories&post=32318"},{"taxonomy":"post_tag","embeddable":true,"href":"http:\/\/informateesquina.com\/index.php?rest_route=%2Fwp%2Fv2%2Ftags&post=32318"}],"curies":[{"name":"wp","href":"https:\/\/api.w.org\/{rel}","templated":true}]}}