{"id":32745,"date":"2019-10-23T16:38:08","date_gmt":"2019-10-23T19:38:08","guid":{"rendered":"https:\/\/informateesquina.com\/?p=32745"},"modified":"2019-10-23T16:38:08","modified_gmt":"2019-10-23T19:38:08","slug":"valdes-llega-a-esquina-y-encabezara-el-acto-de-cierre-de-campana","status":"publish","type":"post","link":"http:\/\/informateesquina.com\/?p=32745","title":{"rendered":"Vald\u00e9s llega a Esquina y encabezar\u00e1 el acto de cierre de campa\u00f1a"},"content":{"rendered":"<p>El gobernador Gustavo Vald\u00e9s llega este mi\u00e9rcoles a Esquina.\u00a0A las 20 har\u00e1 una entrega de bienes de capital del programa &#8220;Emprendedores somos todos&#8221;, en Mitre 680.<\/p>\n<p>Posteriormente se realizar\u00e1 el acto de cierre de campa\u00f1a en el club San Mart\u00edn junto al presidente de la UCR, Ricardo Colombi, y los candidatos a concejales de eEquina.<\/p>\n","protected":false},"excerpt":{"rendered":"<p>El gobernador Gustavo Vald\u00e9s llega este mi\u00e9rcoles a Esquina.\u00a0A las 20 har\u00e1 una entrega de bienes de capital del programa &#8220;Emprendedores somos todos&#8221;, en Mitre 680. Posteriormente se realizar\u00e1 el acto de cierre de campa\u00f1a en el club San Mart\u00edn junto al presidente de la UCR, Ricardo Colombi, y los candidatos a concejales de eEquina.<\/p>\n","protected":false},"author":1,"featured_media":32746,"comment_status":"closed","ping_status":"closed","sticky":false,"template":"","format":"standard","meta":{"footnotes":""},"categories":[6,9],"tags":[136],"class_list":["post-32745","post","type-post","status-publish","format-standard","has-post-thumbnail","hentry","category-locales","category-politica","tag-destacados"],"_links":{"self":[{"href":"http:\/\/informateesquina.com\/index.php?rest_route=\/wp\/v2\/posts\/32745","targetHints":{"allow":["GET"]}}],"collection":[{"href":"http:\/\/informateesquina.com\/index.php?rest_route=\/wp\/v2\/posts"}],"about":[{"href":"http:\/\/informateesquina.com\/index.php?rest_route=\/wp\/v2\/types\/post"}],"author":[{"embeddable":true,"href":"http:\/\/informateesquina.com\/index.php?rest_route=\/wp\/v2\/users\/1"}],"replies":[{"embeddable":true,"href":"http:\/\/informateesquina.com\/index.php?rest_route=%2Fwp%2Fv2%2Fcomments&post=32745"}],"version-history":[{"count":0,"href":"http:\/\/informateesquina.com\/index.php?rest_route=\/wp\/v2\/posts\/32745\/revisions"}],"wp:featuredmedia":[{"embeddable":true,"href":"http:\/\/informateesquina.com\/index.php?rest_route=\/"}],"wp:attachment":[{"href":"http:\/\/informateesquina.com\/index.php?rest_route=%2Fwp%2Fv2%2Fmedia&parent=32745"}],"wp:term":[{"taxonomy":"category","embeddable":true,"href":"http:\/\/informateesquina.com\/index.php?rest_route=%2Fwp%2Fv2%2Fcategories&post=32745"},{"taxonomy":"post_tag","embeddable":true,"href":"http:\/\/informateesquina.com\/index.php?rest_route=%2Fwp%2Fv2%2Ftags&post=32745"}],"curies":[{"name":"wp","href":"https:\/\/api.w.org\/{rel}","templated":true}]}}