{"id":33074,"date":"2019-10-31T17:03:10","date_gmt":"2019-10-31T20:03:10","guid":{"rendered":"https:\/\/informateesquina.com\/?p=33074"},"modified":"2019-10-31T17:03:10","modified_gmt":"2019-10-31T20:03:10","slug":"la-facultad-de-humanidades-de-la-unne-aprobo-el-uso-del-lenguaje-inclusivo","status":"publish","type":"post","link":"http:\/\/informateesquina.com\/?p=33074","title":{"rendered":"La Facultad de Humanidades de la UNNE aprob\u00f3 el uso del lenguaje inclusivo"},"content":{"rendered":"<p class=\"hzzd-italic\">En la sesi\u00f3n del Consejo Directivo de la Facultad de Humanidades de la Universidad Nacional del Nordeste (UNNE) de este jueves, se aprob\u00f3 el proyecto resolutivo de incorporaci\u00f3n del lenguaje inclusivo para su utilizaci\u00f3n en todo tipo de producci\u00f3n acad\u00e9mica-trabajos pr\u00e1cticos, ex\u00e1menes parciales y finales, monograf\u00edas, tesis, proyectos de extensi\u00f3n, etc.<\/p>\n<p><strong><span class=\"dropcap small square\">L<\/span><\/strong>a sesi\u00f3n se desarroll\u00f3 durante la ma\u00f1ana de este jueves, a pesar del corte en el suministro de energ\u00eda el\u00e9ctrica que afectaba la zona del Campus de la UNNE en Resistencia y que oblig\u00f3 durante los \u00faltimos d\u00edas a suspender todas las actividades acad\u00e9micas a las 18 horas.<\/p>\n<p>\u2013<\/p>\n<p><iframe loading=\"lazy\" src=\"https:\/\/www.facebook.com\/plugins\/post.php?href=https%3A%2F%2Fwww.facebook.com%2Fhumanidadesunne%2Fposts%2F2434550906635213&amp;width=500\" width=\"500\" height=\"487\" frameborder=\"0\" scrolling=\"no\" data-mce-fragment=\"1\"><\/iframe><\/p>\n<p>\u2013<\/p>\n<p>El proyecto resolutivo fue impulsado por representantes de los alumnos en el Consejo Directivo y propon\u00eda la incorporaci\u00f3n del lenguaje inclusivo para su utilizaci\u00f3n en todo tipo de producci\u00f3n acad\u00e9mica-trabajos pr\u00e1cticos, ex\u00e1menes parciales y finales, monograf\u00edas, tesis, proyectos de extensi\u00f3n, etc.<\/p>\n","protected":false},"excerpt":{"rendered":"<p>En la sesi\u00f3n del Consejo Directivo de la Facultad de Humanidades de la Universidad Nacional del Nordeste (UNNE) de este jueves, se aprob\u00f3 el proyecto resolutivo de incorporaci\u00f3n del lenguaje inclusivo para su utilizaci\u00f3n en todo tipo de producci\u00f3n acad\u00e9mica-trabajos pr\u00e1cticos, ex\u00e1menes parciales y finales, monograf\u00edas, tesis, proyectos de extensi\u00f3n, etc. La sesi\u00f3n se desarroll\u00f3 [&hellip;]<\/p>\n","protected":false},"author":1,"featured_media":33075,"comment_status":"closed","ping_status":"closed","sticky":false,"template":"","format":"standard","meta":{"footnotes":""},"categories":[11],"tags":[],"class_list":["post-33074","post","type-post","status-publish","format-standard","has-post-thumbnail","hentry","category-sociedad"],"_links":{"self":[{"href":"http:\/\/informateesquina.com\/index.php?rest_route=\/wp\/v2\/posts\/33074","targetHints":{"allow":["GET"]}}],"collection":[{"href":"http:\/\/informateesquina.com\/index.php?rest_route=\/wp\/v2\/posts"}],"about":[{"href":"http:\/\/informateesquina.com\/index.php?rest_route=\/wp\/v2\/types\/post"}],"author":[{"embeddable":true,"href":"http:\/\/informateesquina.com\/index.php?rest_route=\/wp\/v2\/users\/1"}],"replies":[{"embeddable":true,"href":"http:\/\/informateesquina.com\/index.php?rest_route=%2Fwp%2Fv2%2Fcomments&post=33074"}],"version-history":[{"count":0,"href":"http:\/\/informateesquina.com\/index.php?rest_route=\/wp\/v2\/posts\/33074\/revisions"}],"wp:featuredmedia":[{"embeddable":true,"href":"http:\/\/informateesquina.com\/index.php?rest_route=\/"}],"wp:attachment":[{"href":"http:\/\/informateesquina.com\/index.php?rest_route=%2Fwp%2Fv2%2Fmedia&parent=33074"}],"wp:term":[{"taxonomy":"category","embeddable":true,"href":"http:\/\/informateesquina.com\/index.php?rest_route=%2Fwp%2Fv2%2Fcategories&post=33074"},{"taxonomy":"post_tag","embeddable":true,"href":"http:\/\/informateesquina.com\/index.php?rest_route=%2Fwp%2Fv2%2Ftags&post=33074"}],"curies":[{"name":"wp","href":"https:\/\/api.w.org\/{rel}","templated":true}]}}