{"id":33089,"date":"2019-10-31T19:34:40","date_gmt":"2019-10-31T22:34:40","guid":{"rendered":"https:\/\/informateesquina.com\/?p=33089"},"modified":"2019-10-31T19:34:40","modified_gmt":"2019-10-31T22:34:40","slug":"combustibles-desde-esta-medianoche-aumenta-un-5-por-ciento","status":"publish","type":"post","link":"http:\/\/informateesquina.com\/?p=33089","title":{"rendered":"Combustibles: Desde esta medianoche aumenta un 5 por ciento"},"content":{"rendered":"<p>Si bien el congelamiento de precios\u00a0ten\u00eda vigencia hasta el 13 de noviembre pr\u00f3ximo, la\u00a0Secretar\u00eda de Energ\u00eda\u00a0dio v\u00eda libre para el ajuste.<\/p>\n<p>&#8220;Con el objetivo de amortiguar el impacto de la finalizaci\u00f3n el pr\u00f3ximo 13 de noviembre del per\u00edodo de vigencia establecido en el Decreto 566\/2019 en los precios en surtidor, el Gobierno autorizar\u00e1 una suba del 5% de los combustibles y del d\u00f3lar de referencia para el precio del crudo, que se establece en $51,77&#8221;, se\u00f1ala el comunicado oficial.<\/p>\n<p>Las principales petroleras de la Argentina y el gobierno de Mauricio Macri negociaban un adelantar un incremento del 6% aunque la autorizaci\u00f3n de la suba se anticip\u00f3.<\/p>\n<p>Lo confirm\u00f3 el presidente de la Confederaci\u00f3n de Entidades del Comercio de Hidrocarburos y Afines de la Rep\u00fablica Argentina (Cecha), Gabriel Bornoroni,\u00a0tras admitir que empezaron las negociaciones.<\/p>\n<p>El congelamiento de precios y de suba de impuestos sobre los combustibles l\u00edquidos que el Gobierno decidido en medio del proceso electoral venc\u00eda el 13 de noviembre, pero las empresas productoras estaban planteando que quer\u00edan adelantar la suba.<\/p>\n<p>Seg\u00fan Bornoroni, el &#8220;retraso&#8221; en los precios por el congelamiento decidido por la gesti\u00f3n Macri\u00a0ya alcanza al 20%,\u00a0pero habr\u00eda un acuerdo para que la suba sea escalonada entre noviembre y enero.<\/p>\n<p>&#8220;En conversaciones con las petroleras nos han informado que ser\u00eda escalonado y paulatino&#8221;, dijo el presidente de la Cecha.<\/p>\n<p>El estacionero cordob\u00e9s indic\u00f3 que las ventas de combustibles registran una ca\u00edda del 5% anual, en parte por la baja del consumo y en parte porque las petroleras impusieron cupos a las estaciones de bandera y desabastecieron a las denominadas &#8220;blancas&#8221;.<\/p>\n","protected":false},"excerpt":{"rendered":"<p>Si bien el congelamiento de precios\u00a0ten\u00eda vigencia hasta el 13 de noviembre pr\u00f3ximo, la\u00a0Secretar\u00eda de Energ\u00eda\u00a0dio v\u00eda libre para el ajuste. &#8220;Con el objetivo de amortiguar el impacto de la finalizaci\u00f3n el pr\u00f3ximo 13 de noviembre del per\u00edodo de vigencia establecido en el Decreto 566\/2019 en los precios en surtidor, el Gobierno autorizar\u00e1 una suba [&hellip;]<\/p>\n","protected":false},"author":1,"featured_media":33090,"comment_status":"closed","ping_status":"closed","sticky":false,"template":"","format":"standard","meta":{"footnotes":""},"categories":[7],"tags":[136],"class_list":["post-33089","post","type-post","status-publish","format-standard","has-post-thumbnail","hentry","category-nacionales","tag-destacados"],"_links":{"self":[{"href":"http:\/\/informateesquina.com\/index.php?rest_route=\/wp\/v2\/posts\/33089","targetHints":{"allow":["GET"]}}],"collection":[{"href":"http:\/\/informateesquina.com\/index.php?rest_route=\/wp\/v2\/posts"}],"about":[{"href":"http:\/\/informateesquina.com\/index.php?rest_route=\/wp\/v2\/types\/post"}],"author":[{"embeddable":true,"href":"http:\/\/informateesquina.com\/index.php?rest_route=\/wp\/v2\/users\/1"}],"replies":[{"embeddable":true,"href":"http:\/\/informateesquina.com\/index.php?rest_route=%2Fwp%2Fv2%2Fcomments&post=33089"}],"version-history":[{"count":0,"href":"http:\/\/informateesquina.com\/index.php?rest_route=\/wp\/v2\/posts\/33089\/revisions"}],"wp:featuredmedia":[{"embeddable":true,"href":"http:\/\/informateesquina.com\/index.php?rest_route=\/"}],"wp:attachment":[{"href":"http:\/\/informateesquina.com\/index.php?rest_route=%2Fwp%2Fv2%2Fmedia&parent=33089"}],"wp:term":[{"taxonomy":"category","embeddable":true,"href":"http:\/\/informateesquina.com\/index.php?rest_route=%2Fwp%2Fv2%2Fcategories&post=33089"},{"taxonomy":"post_tag","embeddable":true,"href":"http:\/\/informateesquina.com\/index.php?rest_route=%2Fwp%2Fv2%2Ftags&post=33089"}],"curies":[{"name":"wp","href":"https:\/\/api.w.org\/{rel}","templated":true}]}}