{"id":33152,"date":"2019-11-02T11:09:03","date_gmt":"2019-11-02T14:09:03","guid":{"rendered":"https:\/\/informateesquina.com\/?p=33152"},"modified":"2019-11-02T11:09:03","modified_gmt":"2019-11-02T14:09:03","slug":"corrientes-somos-todxs-que-es-y-como-se-utiliza-el-lenguaje-inclusivo","status":"publish","type":"post","link":"http:\/\/informateesquina.com\/?p=33152","title":{"rendered":"Corrientes somos todxs: \u00bfQu\u00e9 es y c\u00f3mo se utiliza el lenguaje inclusivo?"},"content":{"rendered":"<header class=\"wrapper\">\n<h6>Este jueves se aprob\u00f3 el proyecto de uso acad\u00e9mico en la Facultad de Humanidades de la Universidad Nacional del Nordeste del lenguaje inclusivo. En Corrientes el Gobierno lo utiliz\u00f3 en diferentes publicaciones de g\u00e9nero. Adem\u00e1s, la misma rectora de la casa de altos estudios se expresa con el mismo. <strong style=\"color: #666666; font-family: Roboto, sans-serif; font-size: 15px;\">\u00bfQu\u00e9 es y c\u00f3mo se utiliza esta nuevo lenguaje?.\u00a0<\/strong><\/h6>\n<\/header>\n<p><main class=\"wrapper\"><\/p>\n<section class=\"body\">\n<figure class=\"highlight\"><img loading=\"lazy\" decoding=\"async\" class=\"pic\" src=\"https:\/\/www.radiodos.com.ar\/content\/bucket\/6\/55416w940h540c.jpg\" alt=\"\" width=\"940\" height=\"540\" \/><figcaption>En conmemoraci\u00f3n al D\u00eda Internacional del Orgullo L.G.T.B.Q la Casa de Gobierno luci\u00f3 colores diferentes. &#8220;Corrientes Somos Todxs&#8221;, se\u00f1alaron en su cuenta oficial en Twitter.\u00a0<\/figcaption><\/figure>\n<section class=\"content\">\n<div class=\"bar floatFix\">\n<div class=\"share\"><\/div>\n<\/div>\n<p>\u201cAlumnxs\u201d, \u201ctodes\u201d, \u201cles chiques\u201d, son algunas de las formas de expresi\u00f3n que tiene el lenguaje inclusivo y que estudiantes de varias universidades del pa\u00eds pueden usar al momento de escribir sus tesis y otros trabajos acad\u00e9micos sin recibir sanciones. Tambi\u00e9n hay casas de estudio que lo tienen aprobado en resoluciones para sus comunicaciones institucionales, que van de ordenanzas oficiales a la difusi\u00f3n de eventos y actividades.<\/p>\n<p>La propuesta del\u00a0lenguaje inclusivo\u00a0se orienta hacia un rol de g\u00e9nero y un cuestionamiento al sistema patriarcal. En sus or\u00edgenes, hace m\u00e1s de 40 a\u00f1os, se lo llamaba \u201clenguaje no sexista\u201d, y apuntaba justamente a suprimir el desdoblamiento y la secundariedad que siempre se le otorg\u00f3 al g\u00e9nero femenino.<\/p>\n<div class=\"ext-item\">\n<div class=\"SandboxRoot env-bp-350\" data-twitter-event-id=\"0\">\n<div id=\"twitter-widget-0\" class=\"EmbeddedTweet EmbeddedTweet--cta js-clickToOpenTarget\" lang=\"es\" data-click-to-open-target=\"https:\/\/twitter.com\/CorrientesGob\/status\/1144440777503907840\" data-iframe-title=\"Tweet de Twitter\" data-scribe=\"page:tweet\" data-twitter-event-id=\"3\">\n<div class=\"EmbeddedTweet-tweetContainer\">\n<div class=\"EmbeddedTweet-tweet\">\n<blockquote class=\"Tweet h-entry js-tweetIdInfo subject expanded\" cite=\"https:\/\/twitter.com\/CorrientesGob\/status\/1144440777503907840\" data-tweet-id=\"1144440777503907840\" data-scribe=\"section:subject\">\n<div class=\"Tweet-header\"><a class=\"TweetAuthor-avatar  Identity-avatar u-linkBlend\" href=\"https:\/\/twitter.com\/CorrientesGob\" data-scribe=\"element:user_link\" aria-label=\"Gobierno de Corrientes (nombre de pantalla: CorrientesGob)\"><img decoding=\"async\" class=\"Avatar\" src=\"https:\/\/pbs.twimg.com\/profile_images\/963769779457810432\/uLPE5X4__normal.jpg\" alt=\"\" data-scribe=\"element:avatar\" data-src-2x=\"https:\/\/pbs.twimg.com\/profile_images\/963769779457810432\/uLPE5X4__bigger.jpg\" data-src-1x=\"https:\/\/pbs.twimg.com\/profile_images\/963769779457810432\/uLPE5X4__normal.jpg\" \/><\/a><\/p>\n<div class=\"TweetAuthor js-inViewportScribingTarget\" data-scribe=\"component:author\">\n<div class=\"TweetAuthor-nameScreenNameContainer\"><span class=\"TweetAuthor-decoratedName\"><span class=\"TweetAuthor-name Identity-name customisable-highlight\" title=\"Gobierno de Corrientes\" data-scribe=\"element:name\">Gobierno de Corrientes<\/span><\/span><\/p>\n<div class=\"Icon Icon--verified \" title=\"Cuenta verificada\" role=\"img\" aria-label=\"Cuenta verificada\"><\/div>\n<p><span class=\"TweetAuthor-decoratedName\"><span class=\"TweetAuthor-verifiedBadge\" data-scribe=\"element:verified_badge\"><b class=\"u-hiddenVisually\">\u2714<\/b><\/span><\/span><span class=\"TweetAuthor-screenName Identity-screenName\" dir=\"ltr\" title=\"@CorrientesGob\" data-scribe=\"element:screen_name\">@CorrientesGob<\/span><\/div>\n<\/div>\n<div class=\"Tweet-brand\">\n<div class=\"Icon Icon--twitter \" title=\"Ver en Twitter\" role=\"presentation\" aria-label=\"Ver en Twitter\"><\/div>\n<\/div>\n<\/div>\n<div class=\"Tweet-body e-entry-content\" data-scribe=\"component:tweet\">\n<div class=\"Tweet-target js-inViewportScribingTarget\"><\/div>\n<p class=\"Tweet-text e-entry-title\" dir=\"ltr\" lang=\"es\">En conmemoraci\u00f3n al D\u00eda Internacional del Orgullo L.G.T.B.Q +, nuestra Casa de Gobierno luce los colores de su bandera.<a class=\"PrettyLink hashtag customisable\" dir=\"ltr\" href=\"https:\/\/twitter.com\/hashtag\/CorrientesSomosTodxs?src=hash\" rel=\"tag\" data-query-source=\"hashtag_click\" data-scribe=\"element:hashtag\"><span class=\"PrettyLink-prefix\">#<\/span><span class=\"PrettyLink-value\">CorrientesSomosTodxs<\/span><\/a> <img decoding=\"async\" class=\"Emoji Emoji--forText\" title=\"Rainbow flag\" draggable=\"false\" src=\"https:\/\/abs.twimg.com\/emoji\/v2\/72x72\/1f3f3-fe0f-200d-1f308.png\" alt=\"?\ufe0f\u200d?\" aria-label=\"Emoji: Rainbow flag\" \/><\/p>\n<div class=\"Tweet-card\">\n<article class=\"MediaCard\n\n           customisable-border\" dir=\"ltr\" data-scribe=\"component:card\"><\/p>\n<div class=\"MediaCard-media\" data-scribe=\"element:photo\">\n<div class=\"MediaCard-widthConstraint js-cspForcedStyle\" data-style=\"max-width: 1024px\">\n<div class=\"MediaCard-mediaContainer js-cspForcedStyle MediaCard--roundedTop MediaCard--roundedBottom\" data-style=\"padding-bottom: 66.6992%\"><a class=\"MediaCard-mediaAsset NaturalImage\" href=\"https:\/\/twitter.com\/CorrientesGob\/status\/1144440777503907840\/photo\/1\"><img loading=\"lazy\" decoding=\"async\" class=\"NaturalImage-image\" title=\"Ver imagen en Twitter\" src=\"https:\/\/pbs.twimg.com\/media\/D-Hez_4WsAEXUlY?format=jpg&amp;name=small\" alt=\"Ver imagen en Twitter\" width=\"1024\" height=\"683\" data-image=\"https:\/\/pbs.twimg.com\/media\/D-Hez_4WsAEXUlY\" data-image-format=\"jpg\" \/><\/a><\/div>\n<\/div>\n<\/div>\n<\/article>\n<\/div>\n<div class=\"TweetInfo\"><\/div>\n<\/div>\n<\/blockquote>\n<\/div>\n<div class=\"CallToAction-text\" data-scribe=\"element:conversation_text\">La Dos dialog\u00f3 en exclusiva con el profesor de Letras y decano, Aldo Lineras, que asegur\u00f3: \u201cEl lenguaje es sexista, producto de una sociedad patriarcal y ser\u00eda una injusticia seguir realiz\u00e1ndolo cuando, ahora, nos damos cuenta\u201c, asegur\u00f3.<\/div>\n<\/div>\n<\/div>\n<\/div>\n<\/div>\n<p>&#8220;La adecuaci\u00f3n de esta moderna forma de expresarse no es una imposici\u00f3n, es una opci\u00f3n. Lo que molesta es lo ideol\u00f3gico y no la forma&#8221;, apunt\u00f3 Lineras.<\/p>\n<div class=\"ext-item\">\n<div class=\"SandboxRoot env-bp-350\" data-twitter-event-id=\"1\">\n<div id=\"twitter-widget-1\" class=\"EmbeddedTweet EmbeddedTweet--cta js-clickToOpenTarget\" lang=\"es\" data-click-to-open-target=\"https:\/\/twitter.com\/municorrientes\/status\/1012148081016688646\" data-iframe-title=\"Tweet de Twitter\" data-scribe=\"page:tweet\" data-twitter-event-id=\"2\">\n<div class=\"EmbeddedTweet-tweetContainer\">\n<div class=\"EmbeddedTweet-tweet\">\n<blockquote class=\"Tweet h-entry js-tweetIdInfo subject expanded\" cite=\"https:\/\/twitter.com\/municorrientes\/status\/1012148081016688646\" data-tweet-id=\"1012148081016688646\" data-scribe=\"section:subject\">\n<div class=\"Tweet-header\"><a class=\"TweetAuthor-avatar  Identity-avatar u-linkBlend\" href=\"https:\/\/twitter.com\/municorrientes\" data-scribe=\"element:user_link\" aria-label=\"Municipalidad de Corrientes (nombre de pantalla: municorrientes)\"><img decoding=\"async\" class=\"Avatar\" src=\"https:\/\/pbs.twimg.com\/profile_images\/982244859070136320\/9Thp4wdx_normal.jpg\" alt=\"\" data-scribe=\"element:avatar\" data-src-2x=\"https:\/\/pbs.twimg.com\/profile_images\/982244859070136320\/9Thp4wdx_bigger.jpg\" data-src-1x=\"https:\/\/pbs.twimg.com\/profile_images\/982244859070136320\/9Thp4wdx_normal.jpg\" \/><\/a><\/p>\n<div class=\"TweetAuthor js-inViewportScribingTarget\" data-scribe=\"component:author\">\n<div class=\"TweetAuthor-nameScreenNameContainer\"><span class=\"TweetAuthor-decoratedName\"><span class=\"TweetAuthor-name Identity-name customisable-highlight\" title=\"Municipalidad de Corrientes\" data-scribe=\"element:name\">Municipalidad de Corrientes<\/span><\/span><\/p>\n<div class=\"Icon Icon--verified \" title=\"Cuenta verificada\" role=\"img\" aria-label=\"Cuenta verificada\"><\/div>\n<p><span class=\"TweetAuthor-decoratedName\"><span class=\"TweetAuthor-verifiedBadge\" data-scribe=\"element:verified_badge\"><b class=\"u-hiddenVisually\">\u2714<\/b><\/span><\/span><span class=\"TweetAuthor-screenName Identity-screenName\" dir=\"ltr\" title=\"@municorrientes\" data-scribe=\"element:screen_name\">@municorrientes<\/span><\/div>\n<\/div>\n<div class=\"Tweet-brand\">\n<div class=\"Icon Icon--twitter \" title=\"Ver en Twitter\" role=\"presentation\" aria-label=\"Ver en Twitter\"><\/div>\n<\/div>\n<\/div>\n<div class=\"Tweet-body e-entry-content\" data-scribe=\"component:tweet\">\n<div class=\"Tweet-target js-inViewportScribingTarget\"><\/div>\n<p class=\"Tweet-text e-entry-title\" dir=\"ltr\" lang=\"es\"><img decoding=\"async\" class=\"Emoji Emoji--forText\" title=\"Rainbow flag\" draggable=\"false\" src=\"https:\/\/abs.twimg.com\/emoji\/v2\/72x72\/1f3f3-fe0f-200d-1f308.png\" alt=\"?\ufe0f\u200d?\" aria-label=\"Emoji: Rainbow flag\" \/> Corrientes, una ciudad para todxs <img decoding=\"async\" class=\"Emoji Emoji--forText\" title=\"Rainbow flag\" draggable=\"false\" src=\"https:\/\/abs.twimg.com\/emoji\/v2\/72x72\/1f3f3-fe0f-200d-1f308.png\" alt=\"?\ufe0f\u200d?\" aria-label=\"Emoji: Rainbow flag\" \/><\/p>\n<div class=\"Tweet-card\">\n<article class=\"MediaCard\n\n           customisable-border\" dir=\"ltr\" data-scribe=\"component:card\"><\/p>\n<div class=\"MediaCard-media\" data-scribe=\"element:photo\">\n<div class=\"MediaCard-widthConstraint js-cspForcedStyle\" data-style=\"max-width: 960px\">\n<div class=\"MediaCard-mediaContainer js-cspForcedStyle MediaCard--roundedTop MediaCard--roundedBottom\" data-style=\"padding-bottom: 100.0000%\"><a class=\"MediaCard-mediaAsset NaturalImage\" href=\"https:\/\/twitter.com\/municorrientes\/status\/1012148081016688646\/photo\/1\"><img loading=\"lazy\" decoding=\"async\" class=\"NaturalImage-image\" title=\"Ver imagen en Twitter\" src=\"https:\/\/pbs.twimg.com\/media\/DgvfT5LXUAAjKmw?format=jpg&amp;name=small\" alt=\"Ver imagen en Twitter\" width=\"960\" height=\"1091\" data-image=\"https:\/\/pbs.twimg.com\/media\/DgvfT5LXUAAjKmw\" data-image-format=\"jpg\" \/><\/a><\/div>\n<\/div>\n<\/div>\n<\/article>\n<\/div>\n<div class=\"TweetInfo\"><\/div>\n<\/div>\n<\/blockquote>\n<\/div>\n<div class=\"CallToAction-text\" data-scribe=\"element:conversation_text\"><\/div>\n<\/div>\n<\/div>\n<\/div>\n<\/div>\n<p>\u201cSe trata de una medida para que el lenguaje desenmascare la violencia sexual y la prioridad de hombres en lugares decisivos, preferimos acompa\u00f1ar a las minor\u00edas antes que a las mayor\u00edas\u201d, fundament\u00f3 el decano y ratific\u00f3: \u201cel lenguaje cambia a lo largo de los siglos por decisi\u00f3n de las personas y acompa\u00f1amos el proyecto como lo hizo la ONU hace 20 a\u00f1os, no es un capricho ocasional,\u00a0el lenguaje no es inocente y debe reflejar cuestiones de la realidad actual\u201d.<\/p>\n<div class=\"center large m_image\">\n<figure><img decoding=\"async\" class=\"large\" src=\"https:\/\/www.radiodos.com.ar\/content\/bucket\/3\/55423w720.png\" alt=\"INCLUSIVO CORRIENTES.png copy\" \/><figcaption>Publicaci\u00f3n inclusiva de Delfina Veirav\u00e9. Rectora en Universidad Nacional del Nordeste (UNNE).\u00a0<\/figcaption><\/figure>\n<\/div>\n<p><strong>Instituciones universitarias que admiten el lenguaje inclusivo\u00a0<\/strong><\/p>\n<div class=\"ext-item\"><iframe loading=\"lazy\" title=\"Instituciones universitarias que admiten el lenguaje inclusivo\" src=\"https:\/\/e.infogram.com\/2aefa474-723c-48fe-9fb6-71a0d9d0cf45?src=embed\" width=\"100%\" height=\"642\" frameborder=\"0\" scrolling=\"no\" allowfullscreen=\"allowfullscreen\" data-mce-fragment=\"1\"><\/iframe><\/div>\n<p><strong>Qu\u00e9 dice la neuroling\u00fc\u00edstica de la letra &#8220;e&#8221; y el lenguaje racista<\/strong><\/p>\n<p>Aunque algunas instituciones p\u00fablicas ya comenzaron a utilizar el lenguaje inclusivo, ciertos sectores de la sociedad consideran que esta pr\u00e1ctica es incorrecta, y por lo tanto, les generarechazo. \u201cLo ideal no es generar juicios de valor, sino reconocer el fen\u00f3meno y esperar que el devenir del tiempo determine su futuro\u201d, se\u00f1al\u00f3 el prestigioso ling\u00fcista Adolfo Garc\u00eda a\u00a0Unidiversidad<\/p>\n<p>\u201cTal vez puede generar rechazo en ciertos lugares por el conservadurismo que generan la misma pr\u00e1ctica y el uso ling\u00fc\u00edstico. Por un lado, en nuestra primer\u00edsima infancia estamos expuestos a las formas de utilizar la lengua que se nos dan de modo casi natural, en el entorno donde crecemos y nos desarrollamos. Las habilidades ling\u00fc\u00edsticas se utilizan durante much\u00edsimas horas durante el d\u00eda, y lo asumimos como algo tan propio de nuestra identidad que\u00a0aceptar un cambio de estructura cuesta mucho. Por otro lado, tambi\u00e9n hay\u00a0sectores que lo rechazan por motivos normativos, porque se encolumnan bajo academias como la Real Academia Espa\u00f1ola, que se oponen\u00a0a esos cambios estructurales\u00a0impuestos desde un grupo social\u201d, expres\u00f3 Garc\u00eda.<\/p>\n<p>En este sentido y seg\u00fan el especialista, existe una tercera raz\u00f3n que podr\u00eda explicar la dificultad que encuentra el lenguaje inclusivo para instalarse en la sociedad. Esta\u00a0se manifiesta a trav\u00e9s de una cuesti\u00f3n hist\u00f3rica\u00a0que implica que los esfuerzos deliberados por inducir cambios en la estructura gramatical de la lengua\u00a0en general no han prosperado mucho. Esta situaci\u00f3n se vincula con\u00a0la forma de implementaci\u00f3n, es decir,\u00a0la manera no espont\u00e1nea del cambio, sino impuesta y guiada por aquellos colectivos.<\/p>\n<p>FUENTE: RADIO DOS<\/p>\n<\/section>\n<\/section>\n<p><\/main><\/p>\n","protected":false},"excerpt":{"rendered":"<p>Este jueves se aprob\u00f3 el proyecto de uso acad\u00e9mico en la Facultad de Humanidades de la Universidad Nacional del Nordeste del lenguaje inclusivo. En Corrientes el Gobierno lo utiliz\u00f3 en diferentes publicaciones de g\u00e9nero. Adem\u00e1s, la misma rectora de la casa de altos estudios se expresa con el mismo. \u00bfQu\u00e9 es y c\u00f3mo se utiliza [&hellip;]<\/p>\n","protected":false},"author":1,"featured_media":33153,"comment_status":"closed","ping_status":"closed","sticky":false,"template":"","format":"standard","meta":{"footnotes":""},"categories":[11],"tags":[],"class_list":["post-33152","post","type-post","status-publish","format-standard","has-post-thumbnail","hentry","category-sociedad"],"_links":{"self":[{"href":"http:\/\/informateesquina.com\/index.php?rest_route=\/wp\/v2\/posts\/33152","targetHints":{"allow":["GET"]}}],"collection":[{"href":"http:\/\/informateesquina.com\/index.php?rest_route=\/wp\/v2\/posts"}],"about":[{"href":"http:\/\/informateesquina.com\/index.php?rest_route=\/wp\/v2\/types\/post"}],"author":[{"embeddable":true,"href":"http:\/\/informateesquina.com\/index.php?rest_route=\/wp\/v2\/users\/1"}],"replies":[{"embeddable":true,"href":"http:\/\/informateesquina.com\/index.php?rest_route=%2Fwp%2Fv2%2Fcomments&post=33152"}],"version-history":[{"count":0,"href":"http:\/\/informateesquina.com\/index.php?rest_route=\/wp\/v2\/posts\/33152\/revisions"}],"wp:featuredmedia":[{"embeddable":true,"href":"http:\/\/informateesquina.com\/index.php?rest_route=\/"}],"wp:attachment":[{"href":"http:\/\/informateesquina.com\/index.php?rest_route=%2Fwp%2Fv2%2Fmedia&parent=33152"}],"wp:term":[{"taxonomy":"category","embeddable":true,"href":"http:\/\/informateesquina.com\/index.php?rest_route=%2Fwp%2Fv2%2Fcategories&post=33152"},{"taxonomy":"post_tag","embeddable":true,"href":"http:\/\/informateesquina.com\/index.php?rest_route=%2Fwp%2Fv2%2Ftags&post=33152"}],"curies":[{"name":"wp","href":"https:\/\/api.w.org\/{rel}","templated":true}]}}