{"id":33171,"date":"2019-11-04T11:37:53","date_gmt":"2019-11-04T14:37:53","guid":{"rendered":"https:\/\/informateesquina.com\/?p=33171"},"modified":"2019-11-04T11:37:53","modified_gmt":"2019-11-04T14:37:53","slug":"el-camion-de-frutas-a-bajos-precios-llega-a-esquina","status":"publish","type":"post","link":"http:\/\/informateesquina.com\/?p=33171","title":{"rendered":"El cami\u00f3n de frutas a bajos precios llega a Esquina"},"content":{"rendered":"<p>El Cami\u00f3n de Frutas y Verduras llegar\u00e1 este Martes a Esquina. Estar\u00e1 de 8 a 17, frente a plaza 25 de Mayo<\/p>\n","protected":false},"excerpt":{"rendered":"<p>El Cami\u00f3n de Frutas y Verduras llegar\u00e1 este Martes a Esquina. Estar\u00e1 de 8 a 17, frente a plaza 25 de Mayo<\/p>\n","protected":false},"author":1,"featured_media":33173,"comment_status":"closed","ping_status":"closed","sticky":false,"template":"","format":"gallery","meta":{"footnotes":""},"categories":[6],"tags":[136],"class_list":["post-33171","post","type-post","status-publish","format-gallery","has-post-thumbnail","hentry","category-locales","tag-destacados","post_format-post-format-gallery"],"_links":{"self":[{"href":"http:\/\/informateesquina.com\/index.php?rest_route=\/wp\/v2\/posts\/33171","targetHints":{"allow":["GET"]}}],"collection":[{"href":"http:\/\/informateesquina.com\/index.php?rest_route=\/wp\/v2\/posts"}],"about":[{"href":"http:\/\/informateesquina.com\/index.php?rest_route=\/wp\/v2\/types\/post"}],"author":[{"embeddable":true,"href":"http:\/\/informateesquina.com\/index.php?rest_route=\/wp\/v2\/users\/1"}],"replies":[{"embeddable":true,"href":"http:\/\/informateesquina.com\/index.php?rest_route=%2Fwp%2Fv2%2Fcomments&post=33171"}],"version-history":[{"count":0,"href":"http:\/\/informateesquina.com\/index.php?rest_route=\/wp\/v2\/posts\/33171\/revisions"}],"wp:featuredmedia":[{"embeddable":true,"href":"http:\/\/informateesquina.com\/index.php?rest_route=\/"}],"wp:attachment":[{"href":"http:\/\/informateesquina.com\/index.php?rest_route=%2Fwp%2Fv2%2Fmedia&parent=33171"}],"wp:term":[{"taxonomy":"category","embeddable":true,"href":"http:\/\/informateesquina.com\/index.php?rest_route=%2Fwp%2Fv2%2Fcategories&post=33171"},{"taxonomy":"post_tag","embeddable":true,"href":"http:\/\/informateesquina.com\/index.php?rest_route=%2Fwp%2Fv2%2Ftags&post=33171"}],"curies":[{"name":"wp","href":"https:\/\/api.w.org\/{rel}","templated":true}]}}