{"id":33175,"date":"2019-11-04T12:24:41","date_gmt":"2019-11-04T15:24:41","guid":{"rendered":"https:\/\/informateesquina.com\/?p=33175"},"modified":"2019-11-04T12:24:41","modified_gmt":"2019-11-04T15:24:41","slug":"joven-murio-al-caer-de-un-cuarto-piso-e-investigan-las-causas","status":"publish","type":"post","link":"http:\/\/informateesquina.com\/?p=33175","title":{"rendered":"J\u00f3ven muri\u00f3 al caer de un cuarto piso e investigan las causas"},"content":{"rendered":"<p style=\"text-align: center;\"><strong><em>Pereci\u00f3 en el acto. Ten\u00eda 16 a\u00f1os. Era un conocido jugador de b\u00e1squet del Club San Mart\u00edn de la ciudad de Corrientes. No hay detenidos.<\/em><\/strong><\/p>\n<p>&nbsp;<\/p>\n<p>En un pri\u00admer mo\u00admen\u00adto se pen\u00ads\u00f3 que el chi\u00adco de tan so\u00adlo 16 a\u00f1os, Octavio Ortmann, se qui\u00adt\u00f3 la vi\u00adda. Ami\u00adgos que es\u00adta\u00adban mo\u00admen\u00adtos pre\u00advios del he\u00adcho con \u00e9l, ha\u00adbr\u00ed\u00adan co\u00admen\u00adta\u00addo que hu\u00adbo una pe\u00adle\u00ada.<\/p>\n<p>&#8220;Hay m\u00e1s du\u00addas que cer\u00adte\u00adzas&#8221;, di\u00adjo una fuen\u00adte ofi\u00adcial a diario \u00c9po\u00adca. A las 6 de este domingo, per\u00adso\u00adnal de la Co\u00admi\u00adsa\u00adr\u00eda Ter\u00adce\u00adra fue in\u00adfor\u00adma\u00adda de un he\u00adri\u00addo por ca\u00adlle Ma\u00adria\u00adno Mo\u00adre\u00adno al 1700 de la Ca\u00adpi\u00adtal provincial.<\/p>\n<p>Al lle\u00adgar los efec\u00adti\u00advos en\u00adcon\u00adtra\u00adron el cuer\u00adpo sin vi\u00adda de un mu\u00adcha\u00adcho, iden\u00adti\u00adfi\u00adca\u00addo lue\u00adgo co\u00admo Oc\u00adta\u00advio Ortmann, quien se\u00adg\u00fan al\u00adgu\u00adnos tes\u00adti\u00adgos ha\u00adb\u00eda ca\u00ad\u00ed\u00addo del cuar\u00adto pi\u00adso del edi\u00adfi\u00adcio &#8220;Bre\u00ad\u00f1a\u00adles&#8221;. Con el co\u00adrrer de las ho\u00adras, y lue\u00adgo de al\u00adgu\u00adnas tes\u00adti\u00admo\u00adnia\u00adles de ami\u00adgos que es\u00adtu\u00advie\u00adron con \u00e9l mo\u00admen\u00adtos an\u00adtes del he\u00adcho, habr\u00ed\u00adan ma\u00adni\u00adfes\u00adta\u00addo que &#8220;hu\u00adbo una pe\u00adlea en el de\u00adpar\u00adta\u00admen\u00adto&#8221;.<\/p>\n<p>Pa\u00adra la Po\u00adli\u00adc\u00eda es ma\u00adte\u00adria de in\u00adves\u00adti\u00adga\u00adci\u00f3n el ca\u00adso, por\u00adque se tie\u00adnen va\u00adrias hi\u00adp\u00f3\u00adte\u00adsis y a\u00fan res\u00adtan declaraciones de m\u00e1s j\u00f3\u00adve\u00adnes que es\u00adtu\u00advie\u00adron con el adolescente. &#8220;La ca\u00adr\u00e1\u00adtu\u00adla es ave\u00adri\u00adgua\u00adci\u00f3n de cau\u00adsal de muer\u00adte&#8221;, di\u00adjo una fuen\u00adte ofi\u00adcial.<\/p>\n<p>&#8220;No hay per\u00adso\u00adnas de\u00adte\u00adni\u00addas. Se to\u00adman tes\u00adti\u00admo\u00adnia\u00adles pa\u00adra sa\u00adber qu\u00e9 pa\u00ads\u00f3&#8221;, agre\u00adg\u00f3.<\/p>\n<p>&nbsp;<\/p>\n<p><strong>Re\u00addes so\u00adcia\u00adles<\/strong><\/p>\n<p>&nbsp;<\/p>\n<p>Co\u00adno\u00adci\u00adda la muer\u00adte del ju\u00adga\u00addor de b\u00e1s\u00adquet, la red so\u00adcial Fa\u00adce\u00adbo\u00adok del club al cual per\u00adte\u00adne\u00adc\u00ed\u00ada, in\u00adfor\u00adm\u00f3 del fa\u00adlle\u00adci\u00admien\u00adto. &#8220;Des\u00adde aho\u00adra ten\u00addre\u00admos otro \u00e1n\u00adgel m\u00e1s que nos alen\u00adta\u00adr\u00e1 des\u00adde el cie\u00adlo&#8221;, es\u00adcri\u00adbie\u00adron.<\/p>\n<p>Va\u00adrios fue\u00adron los men\u00adsa\u00adjes de c\u00f3\u00admo era el chi\u00adco co\u00admo per\u00adso\u00adna y es\u00adpe\u00adran jus\u00adti\u00adcia por su muer\u00adte. &#8220;Fuer\u00adza a sus pa\u00addres, son quie\u00adnes su\u00adfri\u00adr\u00e1n es\u00adta p\u00e9r\u00addi\u00adda tan gran\u00adde e irre\u00adpa\u00adra\u00adble que que\u00adda pa\u00adra siem\u00adpre&#8221;, fue uno de los tan\u00adtos co\u00admen\u00adta\u00adrios.<\/p>\n<p>&nbsp;<\/p>\n<p><strong>Due\u00adlo<\/strong><\/p>\n<p>&nbsp;<\/p>\n<p>Tam\u00adbi\u00e9n des\u00adde la ins\u00adti\u00adtu\u00adci\u00f3n a la cual con\u00adcu\u00adrr\u00ed\u00ada, el Co\u00adle\u00adgio Na\u00adcio\u00adnal, in\u00adfor\u00adm\u00f3 que este lunes no ha\u00adbr\u00e1 actividad es\u00adco\u00adlar en la jor\u00adna\u00adda.<\/p>\n<p>&nbsp;<\/p>\n<p><em>FUENTE: www.diarioepoca.com<\/em><\/p>\n","protected":false},"excerpt":{"rendered":"<p>Pereci\u00f3 en el acto. Ten\u00eda 16 a\u00f1os. Era un conocido jugador de b\u00e1squet del Club San Mart\u00edn de la ciudad de Corrientes. No hay detenidos. &nbsp; En un pri\u00admer mo\u00admen\u00adto se pen\u00ads\u00f3 que el chi\u00adco de tan so\u00adlo 16 a\u00f1os, Octavio Ortmann, se qui\u00adt\u00f3 la vi\u00adda. Ami\u00adgos que es\u00adta\u00adban mo\u00admen\u00adtos pre\u00advios del he\u00adcho con \u00e9l, [&hellip;]<\/p>\n","protected":false},"author":1,"featured_media":33179,"comment_status":"closed","ping_status":"closed","sticky":false,"template":"","format":"standard","meta":{"footnotes":""},"categories":[8],"tags":[136],"class_list":["post-33175","post","type-post","status-publish","format-standard","has-post-thumbnail","hentry","category-policiales","tag-destacados"],"_links":{"self":[{"href":"http:\/\/informateesquina.com\/index.php?rest_route=\/wp\/v2\/posts\/33175","targetHints":{"allow":["GET"]}}],"collection":[{"href":"http:\/\/informateesquina.com\/index.php?rest_route=\/wp\/v2\/posts"}],"about":[{"href":"http:\/\/informateesquina.com\/index.php?rest_route=\/wp\/v2\/types\/post"}],"author":[{"embeddable":true,"href":"http:\/\/informateesquina.com\/index.php?rest_route=\/wp\/v2\/users\/1"}],"replies":[{"embeddable":true,"href":"http:\/\/informateesquina.com\/index.php?rest_route=%2Fwp%2Fv2%2Fcomments&post=33175"}],"version-history":[{"count":0,"href":"http:\/\/informateesquina.com\/index.php?rest_route=\/wp\/v2\/posts\/33175\/revisions"}],"wp:featuredmedia":[{"embeddable":true,"href":"http:\/\/informateesquina.com\/index.php?rest_route=\/"}],"wp:attachment":[{"href":"http:\/\/informateesquina.com\/index.php?rest_route=%2Fwp%2Fv2%2Fmedia&parent=33175"}],"wp:term":[{"taxonomy":"category","embeddable":true,"href":"http:\/\/informateesquina.com\/index.php?rest_route=%2Fwp%2Fv2%2Fcategories&post=33175"},{"taxonomy":"post_tag","embeddable":true,"href":"http:\/\/informateesquina.com\/index.php?rest_route=%2Fwp%2Fv2%2Ftags&post=33175"}],"curies":[{"name":"wp","href":"https:\/\/api.w.org\/{rel}","templated":true}]}}