{"id":33186,"date":"2019-11-04T12:38:12","date_gmt":"2019-11-04T15:38:12","guid":{"rendered":"https:\/\/informateesquina.com\/?p=33186"},"modified":"2019-11-04T12:38:12","modified_gmt":"2019-11-04T15:38:12","slug":"alistan-la-llegada-de-jatobazinho-a-la-reserva-del-ibera","status":"publish","type":"post","link":"http:\/\/informateesquina.com\/?p=33186","title":{"rendered":"Alistan la llegada de &#8220;Jatobazinho&#8221; a la reserva del Iber\u00e1"},"content":{"rendered":"<div class=\"col-md-12\">\n<h2><span style=\"color: #666666; font-family: Roboto, sans-serif; font-size: 15px;\">El m\u00e9dico veterinario Gustavo Sol\u00eds que trabaja en la Estancia San Alonso, confirm\u00f3 que est\u00e1 concluyendo la cuarentena previa a la reinserci\u00f3n en los Esteros del Iber\u00e1 del ejemplar trasladado desde Brasil. Coment\u00f3 que \u201cJatobazinho\u201d pesa actualmente 85 kilogramos, tiene una edad de aproximadamente tres a\u00f1os y se encuentra \u201cen condiciones \u00f3ptimas\u201d para sumarse al resto de los ejemplares.<\/span><\/h2>\n<div class=\"image_review_wrapper\">\n<div class=\"swiper-container swiper-container-horizontal swiper-container-android\">\n<div class=\"swiper-wrapper\">\n<div class=\"swiper-slide swiper-slide-active\"><a href=\"http:\/\/www.radiosudamericana.com\/notix\/multimedia\/imagenes\/fotos\/2019-11-04\/930122.jpg\"><img decoding=\"async\" class=\"img-responsive\" src=\"http:\/\/www.radiosudamericana.com\/notix\/multimedia\/imagenes\/fotos\/2019-11-04\/930122.jpg\" alt=\"Responsive image\" \/><\/a><\/div>\n<\/div>\n<\/div>\n<\/div>\n<\/div>\n<div class=\"col-md-12\"><\/div>\n<div class=\"col-md-12\">\n<div><audio src=\"http:\/\/www.radiosudamericana.com\/\/multimedia\/audios\/2019-11-04\/310412.mp3\" controls=\"controls\" data-mce-fragment=\"1\"><\/audio><\/div>\n<\/div>\n<p>En el marco del Proyecto de Rewilding en el Iber\u00e1, lleg\u00f3 a la Argentina un macho brasile\u00f1o de yaguaret\u00e9 que se sumar\u00e1 al trabajo para recuperar especies extinguidas en el \u00e1rea protegida que se ubica en el coraz\u00f3n de la provincia de Corrientes. Sol\u00eds coment\u00f3 que \u201cla historia se inici\u00f3 en agosto, cuando en una escuela que se llama Jatob\u00e1, apareci\u00f3 muy desnutrido, nadando hacia la costa\u201d el ejemplar.<\/p>\n<p>El mismo fue trasladado a un Hospital Veterinario en Brasil donde \u201chab\u00eda pocas esperanzas de que viva porque estaba muy desnutrido y deshidratado, as\u00ed que pensaron que mor\u00eda esa noche\u201d. El animal pesaba 35 kilogramos pero con asistencia m\u00e9dica sobrevivi\u00f3, se recuper\u00f3 y en enero lo derivaron al sur de Brasil, donde \u201ccon m\u00e1s peso y mejores esperanzas se recuper\u00f3\u201d.<\/p>\n<p>Relat\u00f3 que hoy tiene un peso de 85 kilogramos y se encuentra en cuarentena pero est\u00e1 cercana la fecha de reinserci\u00f3n de este ejemplar de yaguaret\u00e9 a los Esteros. \u201cVamos de a poco porque queremos tener la situaci\u00f3n controlada y ver que est\u00e9n perfectamente adaptados\u201d, expres\u00f3.<\/p>\n","protected":false},"excerpt":{"rendered":"<p>El m\u00e9dico veterinario Gustavo Sol\u00eds que trabaja en la Estancia San Alonso, confirm\u00f3 que est\u00e1 concluyendo la cuarentena previa a la reinserci\u00f3n en los Esteros del Iber\u00e1 del ejemplar trasladado desde Brasil. Coment\u00f3 que \u201cJatobazinho\u201d pesa actualmente 85 kilogramos, tiene una edad de aproximadamente tres a\u00f1os y se encuentra \u201cen condiciones \u00f3ptimas\u201d para sumarse al [&hellip;]<\/p>\n","protected":false},"author":1,"featured_media":33187,"comment_status":"closed","ping_status":"closed","sticky":false,"template":"","format":"standard","meta":{"footnotes":""},"categories":[10,11],"tags":[],"class_list":["post-33186","post","type-post","status-publish","format-standard","has-post-thumbnail","hentry","category-provinciales","category-sociedad"],"_links":{"self":[{"href":"http:\/\/informateesquina.com\/index.php?rest_route=\/wp\/v2\/posts\/33186","targetHints":{"allow":["GET"]}}],"collection":[{"href":"http:\/\/informateesquina.com\/index.php?rest_route=\/wp\/v2\/posts"}],"about":[{"href":"http:\/\/informateesquina.com\/index.php?rest_route=\/wp\/v2\/types\/post"}],"author":[{"embeddable":true,"href":"http:\/\/informateesquina.com\/index.php?rest_route=\/wp\/v2\/users\/1"}],"replies":[{"embeddable":true,"href":"http:\/\/informateesquina.com\/index.php?rest_route=%2Fwp%2Fv2%2Fcomments&post=33186"}],"version-history":[{"count":0,"href":"http:\/\/informateesquina.com\/index.php?rest_route=\/wp\/v2\/posts\/33186\/revisions"}],"wp:featuredmedia":[{"embeddable":true,"href":"http:\/\/informateesquina.com\/index.php?rest_route=\/"}],"wp:attachment":[{"href":"http:\/\/informateesquina.com\/index.php?rest_route=%2Fwp%2Fv2%2Fmedia&parent=33186"}],"wp:term":[{"taxonomy":"category","embeddable":true,"href":"http:\/\/informateesquina.com\/index.php?rest_route=%2Fwp%2Fv2%2Fcategories&post=33186"},{"taxonomy":"post_tag","embeddable":true,"href":"http:\/\/informateesquina.com\/index.php?rest_route=%2Fwp%2Fv2%2Ftags&post=33186"}],"curies":[{"name":"wp","href":"https:\/\/api.w.org\/{rel}","templated":true}]}}