{"id":33197,"date":"2019-11-04T16:00:39","date_gmt":"2019-11-04T19:00:39","guid":{"rendered":"https:\/\/informateesquina.com\/?p=33197"},"modified":"2019-11-04T16:00:39","modified_gmt":"2019-11-04T19:00:39","slug":"monte-caseros-joven-muere-de-una-punalada-en-el-corazon-asestada-por-un-menor","status":"publish","type":"post","link":"http:\/\/informateesquina.com\/?p=33197","title":{"rendered":"MONTE CASEROS: Joven muere de una pu\u00f1alada en el coraz\u00f3n asestada por un menor"},"content":{"rendered":"<div class=\"contentFlex\">\n<div class=\"entry-title col-lg-6 col-md-12 col-sm-12 col-xs-12\">\n<div class=\"title\">\n<div class=\"bajada\">\n<h2>Miguel Rosbaco Centena quiso defender a su hermano a la salida de un baile. Recibi\u00f3 una pu\u00f1alada en el coraz\u00f3n.<\/h2>\n<\/div>\n<\/div>\n<\/div>\n<div id=\"galeria-trigger\" class=\"entry-media no-p main-image col-lg-12 col-md-12 \">\n<figure class=\"ppalFigure clip lazy_2\"><img decoding=\"async\" class=\"ppal lazyload\" src=\"https:\/\/images.clarin.com\/2019\/11\/04\/miguel-rosbaco-centena-18-el___3MozdODI_1256x620__2.jpg#1572876925247\" data-big=\"https:\/\/images.clarin.com\/2019\/11\/04\/miguel-rosbaco-centena-18-el___3MozdODI_1256x620__2.jpg#1572876925247\" data-small=\"https:\/\/images.clarin.com\/2019\/11\/04\/miguel-rosbaco-centena-18-el___3MozdODI_340x340__1.jpg\" data-observer-function=\"loadLazyImg\" \/><\/figure>\n<p style=\"text-align: center;\"><em>Miguel Rosbaco Centena (18), el adolescente asesinado de una pu\u00f1alada en Monte Caseros, Corrientes<\/em>.<\/p>\n<\/div>\n<\/div>\n<div class=\"interior-l page\">\n<div class=\"notas-content\" data-width=\"1256\">\n<div class=\"entry-row col-lg-3 col-md-4 hidden-sm hidden-xs no-p pull-right\">\n<div id=\"sticky-col\" class=\" js-stickybit-parent\">\n<div id=\"colDer\" class=\"5712\">\n<div class=\"col-der-box\">\n<div id=\"auspicio\" class=\"ad-slot\" data-adtype=\"auspicio\"><\/div>\n<\/div>\n<div class=\"col-der-box\">\n<div id=\"caja1\" class=\"ad-slot\" data-adtype=\"cajagrande\">\n<div id=\"caja1_ad\" data-google-query-id=\"CNuu15Oe0eUCFQgIswAd3tYNog\">\n<div id=\"google_ads_iframe_\/242767168\/clarin\/policiales\/nota\/caja1_0__container__\"><\/div>\n<\/div>\n<\/div>\n<\/div>\n<div class=\"col-der-box\">\n<div id=\"caja3\" class=\"ad-slot\" data-adtype=\"cajagrande\">\n<div id=\"caja3_ad\" data-google-query-id=\"CIWt0pOe0eUCFQgIswAd3tYNog\">\n<div id=\"google_ads_iframe_\/242767168\/clarin\/policiales\/nota\/caja3_0__container__\"><\/div>\n<\/div>\n<\/div>\n<\/div>\n<\/div>\n<\/div>\n<\/div>\n<div class=\"entry-body col-lg-6 col-md-8 col-sm-12 col-xs-12 \">\n<div class=\"body-nota\">\n<p>Miguel Rosbaco Centena (18), herido de una pu\u00f1alada en el coraz\u00f3n, intentaba escapar del ataque de otro adolescente, de 17 a\u00f1os. Ya era tarde. El cuchillazo le terminar\u00eda ocasionando la muerte minutos m\u00e1s tarde y causar\u00eda una gran conmoci\u00f3n en la ciudad correntina de Monte Caseros, ubicada a casi 400 kil\u00f3metros de la capital provincial.<\/p>\n<p>El crimen ocurri\u00f3 el domingo, a las seis de la ma\u00f1ana, a la salida de un baile organizado en el Club Progreso, en la esquina de Italia y Col\u00f3n, en medio de una gresca entre un grupo de j\u00f3venes. Seg\u00fan las versiones, Miguel\u00a0<strong>quiso defender a su hermano de 17 a\u00f1os cuando recibi\u00f3 la pu\u00f1alada mortal<\/strong>.<\/p>\n<div id=\"nl-box\">\n<div class=\"newsletter-embeb\"><\/div>\n<\/div>\n<p>El agresor, que ser\u00eda oriundo de Jujuy, qued\u00f3 detenido y la \u00faltima secuencia del hecho fue filmada con los celulares de quienes observaban lo que suced\u00eda, seg\u00fan public\u00f3\u00a0<strong>Radio Dos<\/strong>.<\/p>\n<p>El jefe policial Claudio Fern\u00e1ndez, en conferencia de prensa, inform\u00f3 que, tras el testimonio de testigos, identificaron &#8220;al supuesto autor del hecho, quien a las pocas horas fue aprehendido y alojado incomunicado en la comisar\u00eda Distrito I&#8221;.<\/p>\n<div class=\"sp__SM\">\n<div class=\"content-new \">\n<div class=\"mt\"><\/div>\n<\/div>\n<\/div>\n<p>El arma homicida no pudo ser encontrada, aunque por estas horas continuaban los allanamientos.<\/p>\n<p>&#8220;Aparentemente fue una ri\u00f1a entre ambos grupos&#8221;, expres\u00f3 el comisario Fern\u00e1ndez.<\/p>\n<p>La v\u00edctima era hijo de un conocido cooperativista y ten\u00eda otros dos hermanos.<\/p>\n<p>&nbsp;<\/p>\n<\/div>\n<\/div>\n<\/div>\n<\/div>\n","protected":false},"excerpt":{"rendered":"<p>Miguel Rosbaco Centena quiso defender a su hermano a la salida de un baile. Recibi\u00f3 una pu\u00f1alada en el coraz\u00f3n. Miguel Rosbaco Centena (18), el adolescente asesinado de una pu\u00f1alada en Monte Caseros, Corrientes. Miguel Rosbaco Centena (18), herido de una pu\u00f1alada en el coraz\u00f3n, intentaba escapar del ataque de otro adolescente, de 17 a\u00f1os. [&hellip;]<\/p>\n","protected":false},"author":1,"featured_media":33198,"comment_status":"closed","ping_status":"closed","sticky":false,"template":"","format":"standard","meta":{"footnotes":""},"categories":[8],"tags":[],"class_list":["post-33197","post","type-post","status-publish","format-standard","has-post-thumbnail","hentry","category-policiales"],"_links":{"self":[{"href":"http:\/\/informateesquina.com\/index.php?rest_route=\/wp\/v2\/posts\/33197","targetHints":{"allow":["GET"]}}],"collection":[{"href":"http:\/\/informateesquina.com\/index.php?rest_route=\/wp\/v2\/posts"}],"about":[{"href":"http:\/\/informateesquina.com\/index.php?rest_route=\/wp\/v2\/types\/post"}],"author":[{"embeddable":true,"href":"http:\/\/informateesquina.com\/index.php?rest_route=\/wp\/v2\/users\/1"}],"replies":[{"embeddable":true,"href":"http:\/\/informateesquina.com\/index.php?rest_route=%2Fwp%2Fv2%2Fcomments&post=33197"}],"version-history":[{"count":0,"href":"http:\/\/informateesquina.com\/index.php?rest_route=\/wp\/v2\/posts\/33197\/revisions"}],"wp:featuredmedia":[{"embeddable":true,"href":"http:\/\/informateesquina.com\/index.php?rest_route=\/"}],"wp:attachment":[{"href":"http:\/\/informateesquina.com\/index.php?rest_route=%2Fwp%2Fv2%2Fmedia&parent=33197"}],"wp:term":[{"taxonomy":"category","embeddable":true,"href":"http:\/\/informateesquina.com\/index.php?rest_route=%2Fwp%2Fv2%2Fcategories&post=33197"},{"taxonomy":"post_tag","embeddable":true,"href":"http:\/\/informateesquina.com\/index.php?rest_route=%2Fwp%2Fv2%2Ftags&post=33197"}],"curies":[{"name":"wp","href":"https:\/\/api.w.org\/{rel}","templated":true}]}}