{"id":33203,"date":"2019-11-04T16:43:06","date_gmt":"2019-11-04T19:43:06","guid":{"rendered":"https:\/\/informateesquina.com\/?p=33203"},"modified":"2019-11-04T16:43:06","modified_gmt":"2019-11-04T19:43:06","slug":"video-asi-habria-sido-el-ataque-al-joven-de-19-anos-en-monte-caseros","status":"publish","type":"post","link":"http:\/\/informateesquina.com\/?p=33203","title":{"rendered":"Video: as\u00ed habr\u00eda sido el ataque al joven de 19 a\u00f1os en Monte Caseros"},"content":{"rendered":"<p class=\"copete\">En las ultimas horas se virarliz\u00f3 un video en el que grabaron una pelea entre varios adolescentes y se puede observar el momento en el que el joven Miguel Rosbaco era apu\u00f1alado ayer en Monte Caseros. La v\u00edctima ten\u00eda 19 a\u00f1os y era el hijo mayor del conocido productor y cooperativista Miguel Rosbaco. Por el caso est\u00e1 detenido un menor de edad.<\/p>\n<p>FUENTE: RADIO SUDAMERICANA<\/p>\n<div style=\"width: 720px;\" class=\"wp-video\"><video class=\"wp-video-shortcode\" id=\"video-33203-1\" width=\"720\" height=\"480\" preload=\"metadata\" controls=\"controls\"><source type=\"video\/mp4\" src=\"https:\/\/informateesquina.com\/wp-content\/uploads\/2019\/11\/Radio-Sudamericana-100.5-tu-voz.mp4?_=1\" \/><a href=\"https:\/\/informateesquina.com\/wp-content\/uploads\/2019\/11\/Radio-Sudamericana-100.5-tu-voz.mp4\">https:\/\/informateesquina.com\/wp-content\/uploads\/2019\/11\/Radio-Sudamericana-100.5-tu-voz.mp4<\/a><\/video><\/div>\n","protected":false},"excerpt":{"rendered":"<p>En las ultimas horas se virarliz\u00f3 un video en el que grabaron una pelea entre varios adolescentes y se puede observar el momento en el que el joven Miguel Rosbaco era apu\u00f1alado ayer en Monte Caseros. La v\u00edctima ten\u00eda 19 a\u00f1os y era el hijo mayor del conocido productor y cooperativista Miguel Rosbaco. Por el [&hellip;]<\/p>\n","protected":false},"author":1,"featured_media":33216,"comment_status":"closed","ping_status":"closed","sticky":false,"template":"","format":"video","meta":{"footnotes":""},"categories":[8],"tags":[136],"class_list":["post-33203","post","type-post","status-publish","format-video","has-post-thumbnail","hentry","category-policiales","tag-destacados","post_format-post-format-video"],"_links":{"self":[{"href":"http:\/\/informateesquina.com\/index.php?rest_route=\/wp\/v2\/posts\/33203","targetHints":{"allow":["GET"]}}],"collection":[{"href":"http:\/\/informateesquina.com\/index.php?rest_route=\/wp\/v2\/posts"}],"about":[{"href":"http:\/\/informateesquina.com\/index.php?rest_route=\/wp\/v2\/types\/post"}],"author":[{"embeddable":true,"href":"http:\/\/informateesquina.com\/index.php?rest_route=\/wp\/v2\/users\/1"}],"replies":[{"embeddable":true,"href":"http:\/\/informateesquina.com\/index.php?rest_route=%2Fwp%2Fv2%2Fcomments&post=33203"}],"version-history":[{"count":0,"href":"http:\/\/informateesquina.com\/index.php?rest_route=\/wp\/v2\/posts\/33203\/revisions"}],"wp:featuredmedia":[{"embeddable":true,"href":"http:\/\/informateesquina.com\/index.php?rest_route=\/"}],"wp:attachment":[{"href":"http:\/\/informateesquina.com\/index.php?rest_route=%2Fwp%2Fv2%2Fmedia&parent=33203"}],"wp:term":[{"taxonomy":"category","embeddable":true,"href":"http:\/\/informateesquina.com\/index.php?rest_route=%2Fwp%2Fv2%2Fcategories&post=33203"},{"taxonomy":"post_tag","embeddable":true,"href":"http:\/\/informateesquina.com\/index.php?rest_route=%2Fwp%2Fv2%2Ftags&post=33203"}],"curies":[{"name":"wp","href":"https:\/\/api.w.org\/{rel}","templated":true}]}}