{"id":33219,"date":"2019-11-04T18:08:22","date_gmt":"2019-11-04T21:08:22","guid":{"rendered":"https:\/\/informateesquina.com\/?p=33219"},"modified":"2019-11-04T18:08:22","modified_gmt":"2019-11-04T21:08:22","slug":"investigaran-cuantos-argentinos-padecen-de-apnea-del-sueno","status":"publish","type":"post","link":"http:\/\/informateesquina.com\/?p=33219","title":{"rendered":"Investigar\u00e1n cu\u00e1ntos argentinos padecen de apnea del sue\u00f1o"},"content":{"rendered":"<p class=\"hzzd-italic\">La encuesta, que ser\u00e1 voluntaria y en la que participar\u00e1n mayores de 25 a\u00f1os, se desarrollar\u00e1 en diferentes provincias del pa\u00eds. Se estima que entre 3 y 6 de cada 10 adultos sufren de esta enfermedad. Algunos s\u00edntomas son los ronquidos y tener sue\u00f1o durante el d\u00eda.<\/p>\n<p><strong><span class=\"dropcap small square\">O<\/span><\/strong>rganismos dedicados a la salud realizar\u00e1n una investigaci\u00f3n para saber cu\u00e1ntas personas mayores de 25 a\u00f1os padecen la enfermedad Apnea Obstructiva del Sue\u00f1o (AOS), inform\u00f3 ayer la Asociaci\u00f3n Argentina de Medicina Respiratoria (AAMR).<\/p>\n<p>En la actualidad, se desconocen la su importancia y las consecuencias de dicha enfermedad. En Argentina, se realizar\u00e1 un estudio acerca de ella por primera vez, inform\u00f3 la AAMR.<br \/>\nA nivel mundial, diferentes estudios estiman que entre 3 y 6 de cada 10 adultos sufren AOS, una dolencia que puede causar deterioro de la calidad de vida, hipertensi\u00f3n arterial, enfermedades cardiovasculares, cerebrovasculares, accidentes de tr\u00e1fico y laborales.<\/p>\n<div id=\"attachment_1013057\" class=\"wp-caption aligncenter\"><img loading=\"lazy\" decoding=\"async\" class=\"size-large wp-image-1013057\" src=\"http:\/\/cdn5.diarioepoca.com\/wp-content\/uploads\/2019\/11\/fotontr-1-1024x729.jpg\" alt=\"EL TRATAMIENTO  CONSISTE EN EJERCER PRESI\u00d3N MEDIANTE UNA M\u00c1SCARA FACIAL O NASAL (CPAP).\" width=\"960\" height=\"683\" \/><\/p>\n<p class=\"wp-caption-text\">EL TRATAMIENTO CONSISTE EN EJERCER PRESI\u00d3N MEDIANTE UNA M\u00c1SCARA FACIAL O NASAL (CPAP).<\/p>\n<\/div>\n<p>&#8211;<br \/>\nLos estudios internacionales permiten conocer que quienes tienen mayor tendencia a padecer AOS son los hombres, los individuos con sobrepeso u obesidad, los hipertensos (sobre todo los severos), con trastornos cardiovasculares y diab\u00e9ticos. En el caso de las mujeres, la apnea aumenta luego de la menopausia.<br \/>\nLa encuesta ser\u00e1 voluntaria y participar\u00e1n mayores de 25 a\u00f1os en las ciudades C\u00f3rdoba, Rosario, Ciudad Aut\u00f3noma de Buenos Aires y el Gran Buenos Aires; comenzar\u00e1 en noviembre y se realizar\u00e1 de manera conjunta entre el Ministerio de Salud y Desarrollo Social y la AAMR.<br \/>\nPara la investigaci\u00f3n, se realizar\u00e1n 3.000 encuestas que ser\u00e1n analizadas para contar con el total de los datos a mediados del a\u00f1o que viene.<br \/>\nEl especialista en cl\u00ednica m\u00e9dica y neumon\u00f3logo Daniel Sch\u00f6nfedl, expresidente de la AAMR, explic\u00f3 que la AOS \u201ces una enfermedad que se produce por la v\u00eda a\u00e9rea superior, no s\u00f3lo en gente con sobrepeso, sino tambi\u00e9n en gente delgada, chicos y adultos\u201d.<br \/>\n\u201cNo hay cifras sobre la apnea, porque reci\u00e9n en la \u00faltima parte del siglo pasado y principios de este se le est\u00e1 dando importancia\u201d, indic\u00f3 el especialista, quien record\u00f3 que \u201chace muchos a\u00f1os, en la facultad no se ense\u00f1aba\u201d sobre la AOS.<br \/>\nIndic\u00f3, adem\u00e1s, que \u201ces un problema de salud p\u00fablica y hay que tomar pol\u00edticas sanitarias\u201d. Agreg\u00f3 que el objetivo de la investigaci\u00f3n es saber \u201clas consecuencias que tiene la enfermedad en la poblaci\u00f3n y tomar medidas para difundirla\u201d.<br \/>\nSch\u00f6nfeld precis\u00f3 que el estudio se realizar\u00e1 en dos etapas: \u201cLa primera ser\u00e1 a trav\u00e9s de encuestas para conocer la posibilidad que tiene la persona de padecer esta patolog\u00eda\u201d.<br \/>\n\u201cEn la segunda etapa, se llevar\u00e1 a cabo un registro de sue\u00f1o a trav\u00e9s de una poligraf\u00eda respiratoria domiciliaria\u201d para corroborar las presunciones que indicaron las encuestas, sostuvo.<\/p>\n<p><img loading=\"lazy\" decoding=\"async\" class=\"aligncenter size-full wp-image-1013058\" src=\"http:\/\/cdn5.diarioepoca.com\/wp-content\/uploads\/2019\/11\/fOTOontratap-2.jpg\" alt=\"fOTOontratap 2\" width=\"700\" height=\"467\" \/><\/p>\n<p>&#8211;<\/p>\n<p><strong>\u00bfC\u00f3mo se manifiesta?<\/strong><br \/>\nLa apnea obstructiva del sue\u00f1o puede manifestarse en todos los grupos etarios, pero la frecuencia aumenta con la edad y la obesidad. Algunos s\u00edntomas son los ronquidos y tener sue\u00f1o durante el d\u00eda. La p\u00e9rdida de peso, dormir de costado y disminuir el consumo de alcohol pueden ser de ayuda.<br \/>\nEn algunos casos, el tratamiento puede consistir en ejercer presi\u00f3n mediante una m\u00e1scara facial o nasal (CPAP). Otros tratamientos habituales incluyen el uso de un dispositivo oral y la cirug\u00eda.<br \/>\nLas apneas obstructivas del sue\u00f1o las padecen una de cada diez personas adultas, siendo m\u00e1s frecuente en hombres, y aumenta su prevalencia con la edad. Existen ciertos factores que pueden favorecer su presentaci\u00f3n: Exceso de peso: a predominio de la zona del cuello, debido a que el dep\u00f3sito de grasa en esa zona provoca la obstrucci\u00f3n de la v\u00eda a\u00e9rea.<br \/>\nCaracter\u00edsticas del cuello: aquellas personas con cuello m\u00e1s ancho y corto tienen mayor predisposici\u00f3n. Am\u00edgdalas aumentadas de tama\u00f1o: debido a que se disminuye el tama\u00f1o del orificio por el que pasa el aire que respiramos. Consumo de ansiol\u00edticos o alcohol. Consumo de cigarrillos: generar\u00eda inflamaci\u00f3n de la zona en la que se producen las obstrucciones.<\/p>\n","protected":false},"excerpt":{"rendered":"<p>La encuesta, que ser\u00e1 voluntaria y en la que participar\u00e1n mayores de 25 a\u00f1os, se desarrollar\u00e1 en diferentes provincias del pa\u00eds. Se estima que entre 3 y 6 de cada 10 adultos sufren de esta enfermedad. Algunos s\u00edntomas son los ronquidos y tener sue\u00f1o durante el d\u00eda. Organismos dedicados a la salud realizar\u00e1n una investigaci\u00f3n [&hellip;]<\/p>\n","protected":false},"author":1,"featured_media":33220,"comment_status":"closed","ping_status":"closed","sticky":false,"template":"","format":"standard","meta":{"footnotes":""},"categories":[11],"tags":[],"class_list":["post-33219","post","type-post","status-publish","format-standard","has-post-thumbnail","hentry","category-sociedad"],"_links":{"self":[{"href":"http:\/\/informateesquina.com\/index.php?rest_route=\/wp\/v2\/posts\/33219","targetHints":{"allow":["GET"]}}],"collection":[{"href":"http:\/\/informateesquina.com\/index.php?rest_route=\/wp\/v2\/posts"}],"about":[{"href":"http:\/\/informateesquina.com\/index.php?rest_route=\/wp\/v2\/types\/post"}],"author":[{"embeddable":true,"href":"http:\/\/informateesquina.com\/index.php?rest_route=\/wp\/v2\/users\/1"}],"replies":[{"embeddable":true,"href":"http:\/\/informateesquina.com\/index.php?rest_route=%2Fwp%2Fv2%2Fcomments&post=33219"}],"version-history":[{"count":0,"href":"http:\/\/informateesquina.com\/index.php?rest_route=\/wp\/v2\/posts\/33219\/revisions"}],"wp:featuredmedia":[{"embeddable":true,"href":"http:\/\/informateesquina.com\/index.php?rest_route=\/"}],"wp:attachment":[{"href":"http:\/\/informateesquina.com\/index.php?rest_route=%2Fwp%2Fv2%2Fmedia&parent=33219"}],"wp:term":[{"taxonomy":"category","embeddable":true,"href":"http:\/\/informateesquina.com\/index.php?rest_route=%2Fwp%2Fv2%2Fcategories&post=33219"},{"taxonomy":"post_tag","embeddable":true,"href":"http:\/\/informateesquina.com\/index.php?rest_route=%2Fwp%2Fv2%2Ftags&post=33219"}],"curies":[{"name":"wp","href":"https:\/\/api.w.org\/{rel}","templated":true}]}}