{"id":33225,"date":"2019-11-04T18:57:08","date_gmt":"2019-11-04T21:57:08","guid":{"rendered":"https:\/\/informateesquina.com\/?p=33225"},"modified":"2019-11-04T18:57:08","modified_gmt":"2019-11-04T21:57:08","slug":"estos-son-los-artistas-confirmados-hasta-ahora-para-la-fiesta-nacional-del-chamame","status":"publish","type":"post","link":"http:\/\/informateesquina.com\/?p=33225","title":{"rendered":"Estos son los artistas confirmados hasta ahora para la Fiesta Nacional del Chamam\u00e9"},"content":{"rendered":"<p><main class=\"viewitem\"><\/p>\n<article class=\"floatFix\">\n<section class=\"container\">\n<header>\n<h6>El Instituto de Cultura, dio a conocer los primeros nombres de la grilla de artistas que actuar\u00e1n en el anfiteatro Cocomarola, en el marco de la 30\u00aa Fiesta Nacional del Chamam\u00e9 y 16\u00aa Fiesta del Chamam\u00e9 del MERCOSUR, a desarrollarse del viernes 17 al domingo 26 de enero de 2020.<\/h6>\n<\/header>\n<section class=\"body\">Sucesivamente se ir\u00e1n agregando nombres conforme se vayan confirmando con los artistas. Est\u00e1 previsto que todos los chamameceros participen adem\u00e1s de las m\u00faltiples actividades que tendr\u00e1n lugar en los municipios del Gran Corrientes que para esta edici\u00f3n conformar\u00e1n el escenario ampliado de la Fiesta.<\/p>\n<p>Durante diez d\u00edas y diez noches, intensos, tendr\u00e1 lugar una de las fiestas de mayor culto, de nuestro pa\u00eds y de esta regi\u00f3n de Am\u00e9rica. Una celebraci\u00f3n que moviliza reverencialmente a miles de personas para participar en un sinn\u00famero de manifestaciones disparadas desde el Chamam\u00e9 y la identidad de la regi\u00f3n guaran\u00edtica. La &#8220;Naci\u00f3n Chamamecera&#8221; se re\u00fane y celebra en Corrientes.<\/p>\n<div class=\"content-ad\">\n<div id=\"eplAdDivIn1_300x250\"><\/div>\n<\/div>\n<p>Desde la ma\u00f1ana, en Itat\u00ed, San Cosme, Paso de la Patria,\u00a0 Riachuelo, Santa Ana de los Gu\u00e1caras, San Luis del Palmar, El Sombrero, Empedrado, San Roque, Corrientes y otros lugares cercanos, se podr\u00e1n ver y compartir formas puras de la m\u00fasica, la danza y otras expresiones que nutren a la cultura chamamecera. En ellos se entrelazan, historia y tradici\u00f3n, fe y creencias, el culto de sus pescadores al gran Paran\u00e1, con baile, m\u00fasica y recitados, rituales, paisajes, olores y sabores.<\/p>\n<p>En las noches el anfiteatro \u201cMario del Tr\u00e1nsito Cocomarola\u201d dar\u00e1 pie a m\u00fasicos, bailarines, poetas y decidores, para oficiar, el ritual de cierre de cada d\u00eda para la feligres\u00eda chamamecera. El imponente escenario \u201cOsvaldo Sosa Cordero\u201d, recibe los referentes absolutos e imprescindibles del g\u00e9nero. Todos los estilos del Chamam\u00e9, tienen su espacio y pueden verse como una paleta inagotable de aromas y texturas musicales, y de bailes con distintas cadencias de movimientos entrelazados. El concepto de puesta en escena tem\u00e1tico que acompa\u00f1a cada edici\u00f3n ha sido pionera en el uso de recursos esc\u00e9nicos y audiovisuales combinados.<\/p>\n<p><strong>PRIMERAS CONFIRMACIONES<\/strong><\/p>\n<div class=\"content-ad\">\n<div id=\"eplAdDivIn2_300x250\"><\/div>\n<\/div>\n<p><strong>Viernes 17 de Enero<\/strong><\/p>\n<p><strong>APERTURA<\/strong><\/p>\n<p>Las Hermanas Vera con Mirta Talavera, y Juli\u00e1n Zini y Neike Chamigo<\/p>\n<p><strong>S\u00e1bado 18<\/strong><\/p>\n<p>Amanday\u00e9, y Coquimarola y su Conjunto<\/p>\n<p><strong>Domingo 19<\/strong><\/p>\n<p>Mario Bofill, Hugo flores, y Rudi Flores<\/p>\n<p><strong>Lunes 20<\/strong><\/p>\n<p>Los Hijos de los Barrios, y Chango Spasiuk<\/p>\n<p><strong>Martes 21<\/strong><\/p>\n<p>Santiago \u201cBocha\u201d Sheridan, y Bruno Mendoza<\/p>\n<p><strong>Mi\u00e9rcoles 22<\/strong><\/p>\n<p>Ra\u00fal Barboza, Antonio Tarrag\u00f3 Ros, y Luis Landriscina<\/p>\n<p><strong>Jueves 23<\/strong><\/p>\n<div class=\"content-ad\">\n<div id=\"eplAdDivIn1_300x250\"><\/div>\n<\/div>\n<p>Los de Imaguar\u00e9 y Los N\u00fa\u00f1ez<\/p>\n<p><strong>Viernes 24<\/strong><\/p>\n<p>Los Alonsitos, Sim\u00f3n de Jes\u00fas Palacios y Juancito G\u00fcenaga<\/p>\n<p><strong>S\u00e1bado 25<\/strong><\/p>\n<p>Tup\u00e1 y Movimiento Corriente Nueva, y Tr\u00e9bol de Ases con Gustavo Miqueri<\/p>\n<p>Domingo 26<\/p>\n<p><strong>CIERRE<\/strong><\/p>\n<p>Ernestito Montiel y Cuarteto Santa Ana, y Ofelia Leiva<\/p>\n<p>&nbsp;<\/p>\n<\/section>\n<\/section>\n<\/article>\n<section class=\"container\">\n<div id=\"disqus_thread\"><\/div>\n<\/section>\n<div class=\"container\"><\/div>\n<p><\/main><\/p>\n<footer>\n<section class=\"container\">\n<div class=\"company-info\">\n<p>&nbsp;<\/p>\n<\/div>\n<\/section>\n<\/footer>\n","protected":false},"excerpt":{"rendered":"<p>El Instituto de Cultura, dio a conocer los primeros nombres de la grilla de artistas que actuar\u00e1n en el anfiteatro Cocomarola, en el marco de la 30\u00aa Fiesta Nacional del Chamam\u00e9 y 16\u00aa Fiesta del Chamam\u00e9 del MERCOSUR, a desarrollarse del viernes 17 al domingo 26 de enero de 2020. Sucesivamente se ir\u00e1n agregando nombres [&hellip;]<\/p>\n","protected":false},"author":1,"featured_media":33226,"comment_status":"closed","ping_status":"closed","sticky":false,"template":"","format":"standard","meta":{"footnotes":""},"categories":[10,11],"tags":[136],"class_list":["post-33225","post","type-post","status-publish","format-standard","has-post-thumbnail","hentry","category-provinciales","category-sociedad","tag-destacados"],"_links":{"self":[{"href":"http:\/\/informateesquina.com\/index.php?rest_route=\/wp\/v2\/posts\/33225","targetHints":{"allow":["GET"]}}],"collection":[{"href":"http:\/\/informateesquina.com\/index.php?rest_route=\/wp\/v2\/posts"}],"about":[{"href":"http:\/\/informateesquina.com\/index.php?rest_route=\/wp\/v2\/types\/post"}],"author":[{"embeddable":true,"href":"http:\/\/informateesquina.com\/index.php?rest_route=\/wp\/v2\/users\/1"}],"replies":[{"embeddable":true,"href":"http:\/\/informateesquina.com\/index.php?rest_route=%2Fwp%2Fv2%2Fcomments&post=33225"}],"version-history":[{"count":0,"href":"http:\/\/informateesquina.com\/index.php?rest_route=\/wp\/v2\/posts\/33225\/revisions"}],"wp:featuredmedia":[{"embeddable":true,"href":"http:\/\/informateesquina.com\/index.php?rest_route=\/"}],"wp:attachment":[{"href":"http:\/\/informateesquina.com\/index.php?rest_route=%2Fwp%2Fv2%2Fmedia&parent=33225"}],"wp:term":[{"taxonomy":"category","embeddable":true,"href":"http:\/\/informateesquina.com\/index.php?rest_route=%2Fwp%2Fv2%2Fcategories&post=33225"},{"taxonomy":"post_tag","embeddable":true,"href":"http:\/\/informateesquina.com\/index.php?rest_route=%2Fwp%2Fv2%2Ftags&post=33225"}],"curies":[{"name":"wp","href":"https:\/\/api.w.org\/{rel}","templated":true}]}}