{"id":33228,"date":"2019-11-04T20:33:06","date_gmt":"2019-11-04T23:33:06","guid":{"rendered":"https:\/\/informateesquina.com\/?p=33228"},"modified":"2019-11-04T20:33:06","modified_gmt":"2019-11-04T23:33:06","slug":"22-fotos-de-la-restitucion-de-la-virgen-de-lujan-que-estuvo-en-malvinas","status":"publish","type":"post","link":"http:\/\/informateesquina.com\/?p=33228","title":{"rendered":"22 fotos de la restituci\u00f3n de la Virgen de Luj\u00e1n que estuvo en Malvinas"},"content":{"rendered":"<div id=\"fM7kCT1vL7aRbr\" class=\"wrapper clearfix col-lg-12 pb-feature pb-layout-item pb-f-article-header col-md-12 col-sm-12 col-xs-12 no-align\">\n<div class=\"row\">\n<header class=\"article-header hed-first col-sm-12\"><span class=\"subheadline\">La imagen que durante 37 a\u00f1os permaneci\u00f3 exhibida en una catedral brit\u00e1nica regres\u00f3 al pa\u00eds esta ma\u00f1ana. Las autoridades eclesi\u00e1sticas que gestionaron la recuperaci\u00f3n la trasladaron a la Catedral Castrense Stella Maris donde se celebr\u00f3 una Santa Misa por los fieles difuntos<\/span><\/p>\n<\/header>\n<\/div>\n<\/div>\n<div class=\"byline col-xs-12 col-print-12\"><\/div>\n<div>\n<section id=\"main\" class=\"container\">\n<div class=\"pb-container\">\n<div id=\"f1azhb1vL7aRbr\" class=\"wrapper clearfix col-lg-12 col-md-12 pb-feature pb-layout-item pb-f-article-byline col-sm-12 col-xs-12 no-align\">\n<div class=\"byline col-xs-12 col-print-12\"><\/div>\n<\/div>\n<\/div>\n<\/section>\n<section id=\"body\" class=\"\">\n<div id=\"fjcW2h1vL7aRbr\" class=\"wrapper clearfix full pb-feature pb-layout-item pb-f-article-photo-gallery\">\n<div id=\"article-body\" class=\"article-body article-body-elements photogallery-body\">\n<div id=\"article-content\" class=\"article-content\">\n<div class=\"row\">\n<figure class=\"element element-image\">\n<div class=\" fullwidthImg\">\n<p><img decoding=\"async\" src=\"https:\/\/arc-anglerfish-arc2-prod-infobae.s3.amazonaws.com\/public\/M4C32IZ3WVASNI7YOG556T2XE4.jpg\" alt=\"La Virgen de Luj\u00e1n que acompa\u00f1\u00f3 a los soldados argentinos a la Guerra de Malvinas regres\u00f3 al pa\u00eds luego de permanecer durante 37 a\u00f1os entronizada en una catedral brit\u00e1nica. El 4 de noviembre, alrededor de las seis de la ma\u00f1ana, lleg\u00f3 en un vuelo directo de Roma el avi\u00f3n la delegaci\u00f3n argentina y la imagen de la santa patrona del pa\u00eds y fue recibida con honores por efectivos de fuerzas armadas, de seguridad, veteranos y familiares de ca\u00eddos\" data-url=\"https:\/\/www.infobae.com\/fotos\/2019\/11\/04\/22-fotos-de-la-restitucion-de-la-virgen-de-lujan-que-estuvo-en-malvinas\/%23M4C32IZ3WVASNI7YOG556T2XE4\" data-original=\"https:\/\/arc-anglerfish-arc2-prod-infobae.s3.amazonaws.com\/public\/M4C32IZ3WVASNI7YOG556T2XE4.jpg\" \/><\/p>\n<div class=\"shares share-holder\">\n<div class=\"share-button facebook\" data-url=\"https:\/\/www.infobae.com\/fotos\/2019\/11\/04\/22-fotos-de-la-restitucion-de-la-virgen-de-lujan-que-estuvo-en-malvinas\/%23M4C32IZ3WVASNI7YOG556T2XE4\" data-original=\"https:\/\/arc-anglerfish-arc2-prod-infobae.s3.amazonaws.com\/public\/M4C32IZ3WVASNI7YOG556T2XE4.jpg\"><\/div>\n<\/div>\n<\/div>\n<p class=\"caption\">La Virgen de Luj\u00e1n que acompa\u00f1\u00f3 a los soldados argentinos a la Guerra de Malvinas regres\u00f3 al pa\u00eds luego de permanecer durante 37 a\u00f1os entronizada en una catedral brit\u00e1nica. El 4 de noviembre, alrededor de las seis de la ma\u00f1ana, lleg\u00f3 en un vuelo directo de Roma el avi\u00f3n la delegaci\u00f3n argentina y la imagen de la santa patrona del pa\u00eds y fue recibida con honores por efectivos de fuerzas armadas, de seguridad, veteranos y familiares de ca\u00eddos<\/p>\n<\/figure>\n<\/div>\n<div class=\"row\">\n<figure class=\"element element-image\">\n<div class=\" fullwidthImg\">\n<p><img decoding=\"async\" src=\"https:\/\/arc-anglerfish-arc2-prod-infobae.s3.amazonaws.com\/public\/QJLWH3HATJDKJBXVQAUSR3OV5I.jpg\" alt=\"A las diez de la ma\u00f1ana del lunes comenz\u00f3 la Santa Misa por el \" data-url=\"https:\/\/www.infobae.com\/fotos\/2019\/11\/04\/22-fotos-de-la-restitucion-de-la-virgen-de-lujan-que-estuvo-en-malvinas\/%23QJLWH3HATJDKJBXVQAUSR3OV5I\" data-original=\"https:\/\/arc-anglerfish-arc2-prod-infobae.s3.amazonaws.com\/public\/QJLWH3HATJDKJBXVQAUSR3OV5I.jpg\" \/><\/p>\n<div class=\"shares share-holder\">\n<div class=\"share-button facebook\" data-url=\"https:\/\/www.infobae.com\/fotos\/2019\/11\/04\/22-fotos-de-la-restitucion-de-la-virgen-de-lujan-que-estuvo-en-malvinas\/%23QJLWH3HATJDKJBXVQAUSR3OV5I\" data-original=\"https:\/\/arc-anglerfish-arc2-prod-infobae.s3.amazonaws.com\/public\/QJLWH3HATJDKJBXVQAUSR3OV5I.jpg\"><\/div>\n<\/div>\n<\/div>\n<p class=\"caption\">A las diez de la ma\u00f1ana del lunes comenz\u00f3 la Santa Misa por el &#8220;D\u00eda de los Muertos por la Patria&#8221;, una iniciativa que coincide con el &#8220;D\u00eda de Todos los Santos&#8221; y corresponde a la idea del docente correntino Jos\u00e9 Alfredo Ferreira, quien en 1908, propuso al Consejo nacional de Educaci\u00f3n una jornada para recordar a las mujeres y hombres que dieron su vida por la patria<\/p>\n<\/figure>\n<\/div>\n<div class=\"row\">\n<figure class=\"element element-image\">\n<div class=\" fullwidthImg\">\n<p><img decoding=\"async\" src=\"https:\/\/arc-anglerfish-arc2-prod-infobae.s3.amazonaws.com\/public\/BZK33FQBVZEKZHPIVADWFJO2VI.jpg\" alt=\"La ceremonia comprende no solo a los ca\u00eddos en la Guerra de Malvinas, sino tambi\u00e9n a aquellos que murieron en servicio en todas las Fuerzas Armadas y Fuerzas Federales de Seguridad. Dur\u00f3 una hora en la Catedral Castrense Stella Maris y cont\u00f3 con la presencia de la imagen de Ntra. Sra. de Luj\u00e1n que estuvo en las Islas Malvinas durante el conflicto b\u00e9lico\" data-url=\"https:\/\/www.infobae.com\/fotos\/2019\/11\/04\/22-fotos-de-la-restitucion-de-la-virgen-de-lujan-que-estuvo-en-malvinas\/%23BZK33FQBVZEKZHPIVADWFJO2VI\" data-original=\"https:\/\/arc-anglerfish-arc2-prod-infobae.s3.amazonaws.com\/public\/BZK33FQBVZEKZHPIVADWFJO2VI.jpg\" \/><\/p>\n<div class=\"shares share-holder\">\n<div class=\"share-button facebook\" data-url=\"https:\/\/www.infobae.com\/fotos\/2019\/11\/04\/22-fotos-de-la-restitucion-de-la-virgen-de-lujan-que-estuvo-en-malvinas\/%23BZK33FQBVZEKZHPIVADWFJO2VI\" data-original=\"https:\/\/arc-anglerfish-arc2-prod-infobae.s3.amazonaws.com\/public\/BZK33FQBVZEKZHPIVADWFJO2VI.jpg\"><\/div>\n<\/div>\n<\/div>\n<p class=\"caption\">La ceremonia comprende no solo a los ca\u00eddos en la Guerra de Malvinas, sino tambi\u00e9n a aquellos que murieron en servicio en todas las Fuerzas Armadas y Fuerzas Federales de Seguridad. Dur\u00f3 una hora en la Catedral Castrense Stella Maris y cont\u00f3 con la presencia de la imagen de Ntra. Sra. de Luj\u00e1n que estuvo en las Islas Malvinas durante el conflicto b\u00e9lico<\/p>\n<\/figure>\n<\/div>\n<div class=\"row\">\n<figure class=\"element element-image\">\n<div class=\" fullwidthImg\">\n<p><img decoding=\"async\" src=\"https:\/\/arc-anglerfish-arc2-prod-infobae.s3.amazonaws.com\/public\/XSBQXOXUFFBBHASTR4MSQ5P4NI.jpg\" alt=\"La misa estuvo cargada de emoci\u00f3n y de respeto a los h\u00e9roes ca\u00eddos en defensa de la patria\" data-url=\"https:\/\/www.infobae.com\/fotos\/2019\/11\/04\/22-fotos-de-la-restitucion-de-la-virgen-de-lujan-que-estuvo-en-malvinas\/%23XSBQXOXUFFBBHASTR4MSQ5P4NI\" data-original=\"https:\/\/arc-anglerfish-arc2-prod-infobae.s3.amazonaws.com\/public\/XSBQXOXUFFBBHASTR4MSQ5P4NI.jpg\" \/><\/p>\n<div class=\"shares share-holder\">\n<div class=\"share-button facebook\" data-url=\"https:\/\/www.infobae.com\/fotos\/2019\/11\/04\/22-fotos-de-la-restitucion-de-la-virgen-de-lujan-que-estuvo-en-malvinas\/%23XSBQXOXUFFBBHASTR4MSQ5P4NI\" data-original=\"https:\/\/arc-anglerfish-arc2-prod-infobae.s3.amazonaws.com\/public\/XSBQXOXUFFBBHASTR4MSQ5P4NI.jpg\"><\/div>\n<\/div>\n<\/div>\n<p class=\"caption\">La misa estuvo cargada de emoci\u00f3n y de respeto a los h\u00e9roes ca\u00eddos en defensa de la patria<\/p>\n<\/figure>\n<\/div>\n<div class=\"row\">\n<figure class=\"element element-image\">\n<div class=\" fullwidthImg\">\n<p><img decoding=\"async\" src=\"https:\/\/arc-anglerfish-arc2-prod-infobae.s3.amazonaws.com\/public\/DEUVCBYGLJEKDAP6VD5EEYVAJU.jpg\" alt=\"Monse\u00f1or Santiago Olivera, principal promotor de la restituci\u00f3n de la imagen, condujo la misa. Hab\u00eda calificado el regreso como \u201cun milagro\u201d y, en conferencia de prensa, declar\u00f3: \" data-url=\"https:\/\/www.infobae.com\/fotos\/2019\/11\/04\/22-fotos-de-la-restitucion-de-la-virgen-de-lujan-que-estuvo-en-malvinas\/%23DEUVCBYGLJEKDAP6VD5EEYVAJU\" data-original=\"https:\/\/arc-anglerfish-arc2-prod-infobae.s3.amazonaws.com\/public\/DEUVCBYGLJEKDAP6VD5EEYVAJU.jpg\" \/><\/p>\n<div class=\"shares share-holder\">\n<div class=\"share-button facebook\" data-url=\"https:\/\/www.infobae.com\/fotos\/2019\/11\/04\/22-fotos-de-la-restitucion-de-la-virgen-de-lujan-que-estuvo-en-malvinas\/%23DEUVCBYGLJEKDAP6VD5EEYVAJU\" data-original=\"https:\/\/arc-anglerfish-arc2-prod-infobae.s3.amazonaws.com\/public\/DEUVCBYGLJEKDAP6VD5EEYVAJU.jpg\"><\/div>\n<\/div>\n<\/div>\n<p class=\"caption\">Monse\u00f1or Santiago Olivera, principal promotor de la restituci\u00f3n de la imagen, condujo la misa. Hab\u00eda calificado el regreso como \u201cun milagro\u201d y, en conferencia de prensa, declar\u00f3: &#8220;La Virgen nos habla de la fraternidad entre los pueblos, es madre de todos. Tenemos que empezar a vivir como hermanos, a pensar distinto. Mar\u00eda nos recuerda que tenemos un Dios en com\u00fan&#8221;<\/p>\n<\/figure>\n<\/div>\n<div class=\"row\">\n<figure class=\"element element-image\">\n<div class=\" fullwidthImg\">\n<p><img decoding=\"async\" src=\"https:\/\/arc-anglerfish-arc2-prod-infobae.s3.amazonaws.com\/public\/47TECW7NDNAPRJHQDEHY6QSLHQ.jpg\" alt=\"\" data-url=\"https:\/\/www.infobae.com\/fotos\/2019\/11\/04\/22-fotos-de-la-restitucion-de-la-virgen-de-lujan-que-estuvo-en-malvinas\/%2347TECW7NDNAPRJHQDEHY6QSLHQ\" data-original=\"https:\/\/arc-anglerfish-arc2-prod-infobae.s3.amazonaws.com\/public\/47TECW7NDNAPRJHQDEHY6QSLHQ.jpg\" \/><\/p>\n<div class=\"shares share-holder\">\n<div class=\"share-button facebook\" data-url=\"https:\/\/www.infobae.com\/fotos\/2019\/11\/04\/22-fotos-de-la-restitucion-de-la-virgen-de-lujan-que-estuvo-en-malvinas\/%2347TECW7NDNAPRJHQDEHY6QSLHQ\" data-original=\"https:\/\/arc-anglerfish-arc2-prod-infobae.s3.amazonaws.com\/public\/47TECW7NDNAPRJHQDEHY6QSLHQ.jpg\"><\/div>\n<\/div>\n<\/div>\n<p class=\"caption\">&#8220;Esta imagen ha sido mirada y contemplada por nuestros soldados. Muchos seguramente le ped\u00edan que nos ayude en esta vida y en esa guerra que estaban teniendo. Tenemos la gracia de tener a ex combatientes aqu\u00ed y a otros Mar\u00eda los ayud\u00f3 al tr\u00e1nsito a la vida eterna\u201d, describi\u00f3 Monse\u00f1or Santiago Olivera, obispo castrense de Argentina<\/p>\n<\/figure>\n<\/div>\n<div class=\"row\">\n<figure class=\"element element-image\">\n<div class=\" fullwidthImg\">\n<p><img decoding=\"async\" src=\"https:\/\/arc-anglerfish-arc2-prod-infobae.s3.amazonaws.com\/public\/GZJ6UWNSHJA6RP6EVIBZQPAXKU.jpg\" alt=\"La imagen lleg\u00f3 a la sala Malvinas Argentinas del Aeropuerto de Ezeiza en manos de Monse\u00f1or Santiago Olivera y custodiada de cerca por dos veteranos. Uno de ellos fue Jorge Palacios, del Regimiento de Infanter\u00eda Mecanizado 25, quien fue el encargado de pasear la imagen en peregrinaci\u00f3n luego de haber sobrevivido al bombardeo brit\u00e1nico del 4 de mayo. Su misi\u00f3n fue traer la Virgen al pa\u00eds\" data-url=\"https:\/\/www.infobae.com\/fotos\/2019\/11\/04\/22-fotos-de-la-restitucion-de-la-virgen-de-lujan-que-estuvo-en-malvinas\/%23GZJ6UWNSHJA6RP6EVIBZQPAXKU\" data-original=\"https:\/\/arc-anglerfish-arc2-prod-infobae.s3.amazonaws.com\/public\/GZJ6UWNSHJA6RP6EVIBZQPAXKU.jpg\" \/><\/p>\n<div class=\"shares share-holder\">\n<div class=\"share-button facebook\" data-url=\"https:\/\/www.infobae.com\/fotos\/2019\/11\/04\/22-fotos-de-la-restitucion-de-la-virgen-de-lujan-que-estuvo-en-malvinas\/%23GZJ6UWNSHJA6RP6EVIBZQPAXKU\" data-original=\"https:\/\/arc-anglerfish-arc2-prod-infobae.s3.amazonaws.com\/public\/GZJ6UWNSHJA6RP6EVIBZQPAXKU.jpg\"><\/div>\n<\/div>\n<\/div>\n<p class=\"caption\">La imagen lleg\u00f3 a la sala Malvinas Argentinas del Aeropuerto de Ezeiza en manos de Monse\u00f1or Santiago Olivera y custodiada de cerca por dos veteranos. Uno de ellos fue Jorge Palacios, del Regimiento de Infanter\u00eda Mecanizado 25, quien fue el encargado de pasear la imagen en peregrinaci\u00f3n luego de haber sobrevivido al bombardeo brit\u00e1nico del 4 de mayo. Su misi\u00f3n fue traer la Virgen al pa\u00eds<\/p>\n<\/figure>\n<\/div>\n<div class=\"row\">\n<figure class=\"element element-image\">\n<div class=\" fullwidthImg\">\n<p><img decoding=\"async\" src=\"https:\/\/arc-anglerfish-arc2-prod-infobae.s3.amazonaws.com\/public\/GT3ARCNNYVGWFAGSXPMEWWSEGE.jpg\" alt=\"\" data-url=\"https:\/\/www.infobae.com\/fotos\/2019\/11\/04\/22-fotos-de-la-restitucion-de-la-virgen-de-lujan-que-estuvo-en-malvinas\/%23GT3ARCNNYVGWFAGSXPMEWWSEGE\" data-original=\"https:\/\/arc-anglerfish-arc2-prod-infobae.s3.amazonaws.com\/public\/GT3ARCNNYVGWFAGSXPMEWWSEGE.jpg\" \/><\/p>\n<div class=\"shares share-holder\">\n<div class=\"share-button facebook\" data-url=\"https:\/\/www.infobae.com\/fotos\/2019\/11\/04\/22-fotos-de-la-restitucion-de-la-virgen-de-lujan-que-estuvo-en-malvinas\/%23GT3ARCNNYVGWFAGSXPMEWWSEGE\" data-original=\"https:\/\/arc-anglerfish-arc2-prod-infobae.s3.amazonaws.com\/public\/GT3ARCNNYVGWFAGSXPMEWWSEGE.jpg\"><\/div>\n<\/div>\n<\/div>\n<\/figure>\n<\/div>\n<div class=\"row\">\n<figure class=\"element element-image\">\n<div class=\" fullwidthImg\">\n<p><img decoding=\"async\" src=\"https:\/\/arc-anglerfish-arc2-prod-infobae.s3.amazonaws.com\/public\/RMHKUN45XFGEPHQKYASE3B7NAA.jpg\" alt=\"\" data-url=\"https:\/\/www.infobae.com\/fotos\/2019\/11\/04\/22-fotos-de-la-restitucion-de-la-virgen-de-lujan-que-estuvo-en-malvinas\/%23RMHKUN45XFGEPHQKYASE3B7NAA\" data-original=\"https:\/\/arc-anglerfish-arc2-prod-infobae.s3.amazonaws.com\/public\/RMHKUN45XFGEPHQKYASE3B7NAA.jpg\" \/><\/p>\n<div class=\"shares share-holder\">\n<div class=\"share-button facebook\" data-url=\"https:\/\/www.infobae.com\/fotos\/2019\/11\/04\/22-fotos-de-la-restitucion-de-la-virgen-de-lujan-que-estuvo-en-malvinas\/%23RMHKUN45XFGEPHQKYASE3B7NAA\" data-original=\"https:\/\/arc-anglerfish-arc2-prod-infobae.s3.amazonaws.com\/public\/RMHKUN45XFGEPHQKYASE3B7NAA.jpg\"><\/div>\n<\/div>\n<\/div>\n<p class=\"caption\">&#8220;El cielo de la ciudad de Buenos Aires derrama l\u00e1grimas de emoci\u00f3n al ya saber que Ntra. Sra. de Luj\u00e1n ya est\u00e1 en nuestra tierra&#8221;, defini\u00f3 el Obispado Castrense de Argentina a trav\u00e9s de un comunicado<\/p>\n<\/figure>\n<\/div>\n<div class=\"row\">\n<figure class=\"element element-image\">\n<div class=\" fullwidthImg\">\n<p><img decoding=\"async\" src=\"https:\/\/arc-anglerfish-arc2-prod-infobae.s3.amazonaws.com\/public\/YU5ZE6UIOREODOBKEQC2AWKUB4.jpg\" alt=\"Despu\u00e9s de la guerra, la imagen se entroniz\u00f3 en la ventana oriental de la Catedral de San Miguel y San Jorge de Aldershot, en el condado de Hampshire, sede del obispado castrense brit\u00e1nico, a trav\u00e9s de la gesti\u00f3n del monse\u00f1or Dan Spraggon. En la parroquia Saint Mary de las Islas Malvinas, donde permaneci\u00f3 a resguardo durante la guerra, hab\u00eda dos im\u00e1genes. Cuando los soldados, acompa\u00f1ados por la Cruz Roja, quisieron recuperarla, le dieron una de las dos esculturas, porque la que hab\u00edan llevado ya estaba embalada en el H\u00e9rcules para ser enviada al Reino Unido. Se desconoce el paradero de la otra Virgen de Luj\u00e1n que regres\u00f3 al pa\u00eds inmediatamente despu\u00e9s de concluido el conflicto\" data-url=\"https:\/\/www.infobae.com\/fotos\/2019\/11\/04\/22-fotos-de-la-restitucion-de-la-virgen-de-lujan-que-estuvo-en-malvinas\/%23YU5ZE6UIOREODOBKEQC2AWKUB4\" data-original=\"https:\/\/arc-anglerfish-arc2-prod-infobae.s3.amazonaws.com\/public\/YU5ZE6UIOREODOBKEQC2AWKUB4.jpg\" \/><\/p>\n<div class=\"shares share-holder\">\n<div class=\"share-button facebook\" data-url=\"https:\/\/www.infobae.com\/fotos\/2019\/11\/04\/22-fotos-de-la-restitucion-de-la-virgen-de-lujan-que-estuvo-en-malvinas\/%23YU5ZE6UIOREODOBKEQC2AWKUB4\" data-original=\"https:\/\/arc-anglerfish-arc2-prod-infobae.s3.amazonaws.com\/public\/YU5ZE6UIOREODOBKEQC2AWKUB4.jpg\"><\/div>\n<\/div>\n<\/div>\n<p class=\"caption\">Despu\u00e9s de la guerra, la imagen se entroniz\u00f3 en la ventana oriental de la Catedral de San Miguel y San Jorge de Aldershot, en el condado de Hampshire, sede del obispado castrense brit\u00e1nico, a trav\u00e9s de la gesti\u00f3n del monse\u00f1or Dan Spraggon. En la parroquia Saint Mary de las Islas Malvinas, donde permaneci\u00f3 a resguardo durante la guerra, hab\u00eda dos im\u00e1genes. Cuando los soldados, acompa\u00f1ados por la Cruz Roja, quisieron recuperarla, le dieron una de las dos esculturas, porque la que hab\u00edan llevado ya estaba embalada en el H\u00e9rcules para ser enviada al Reino Unido. Se desconoce el paradero de la otra Virgen de Luj\u00e1n que regres\u00f3 al pa\u00eds inmediatamente despu\u00e9s de concluido el conflicto<\/p>\n<\/figure>\n<\/div>\n<div class=\"row\">\n<figure class=\"element element-image\">\n<div class=\" fullwidthImg\">\n<p><img decoding=\"async\" src=\"https:\/\/arc-anglerfish-arc2-prod-infobae.s3.amazonaws.com\/public\/ECHPW5FSQNB3XFOF3HGQC7CC6Y.jpg\" alt=\"En la catedral brit\u00e1nica, debajo de la santa patrona argentina, hab\u00eda una placa negra escrita en ingl\u00e9s que explicaba: \u201cLos argentinos invadieron las Islas Malvinas en 1982 y llevaron con ellos esta estatua de Nuestra Se\u00f1ora de Luj\u00e1n. Despu\u00e9s de su rendici\u00f3n dejaron la imagen con el prefecto apost\u00f3lico de las islas, monse\u00f1or Dan Spraggon. \u00c9l se la present\u00f3 al padre Alfred Hayes, quien estaba con las fuerzas brit\u00e1nicas a lo largo de la campa\u00f1a\u201d\" data-url=\"https:\/\/www.infobae.com\/fotos\/2019\/11\/04\/22-fotos-de-la-restitucion-de-la-virgen-de-lujan-que-estuvo-en-malvinas\/%23ECHPW5FSQNB3XFOF3HGQC7CC6Y\" data-original=\"https:\/\/arc-anglerfish-arc2-prod-infobae.s3.amazonaws.com\/public\/ECHPW5FSQNB3XFOF3HGQC7CC6Y.jpg\" \/><\/p>\n<div class=\"shares share-holder\">\n<div class=\"share-button facebook\" data-url=\"https:\/\/www.infobae.com\/fotos\/2019\/11\/04\/22-fotos-de-la-restitucion-de-la-virgen-de-lujan-que-estuvo-en-malvinas\/%23ECHPW5FSQNB3XFOF3HGQC7CC6Y\" data-original=\"https:\/\/arc-anglerfish-arc2-prod-infobae.s3.amazonaws.com\/public\/ECHPW5FSQNB3XFOF3HGQC7CC6Y.jpg\"><\/div>\n<\/div>\n<\/div>\n<p class=\"caption\">En la catedral brit\u00e1nica, debajo de la santa patrona argentina, hab\u00eda una placa negra escrita en ingl\u00e9s que explicaba: \u201cLos argentinos invadieron las Islas Malvinas en 1982 y llevaron con ellos esta estatua de Nuestra Se\u00f1ora de Luj\u00e1n. Despu\u00e9s de su rendici\u00f3n dejaron la imagen con el prefecto apost\u00f3lico de las islas, monse\u00f1or Dan Spraggon. \u00c9l se la present\u00f3 al padre Alfred Hayes, quien estaba con las fuerzas brit\u00e1nicas a lo largo de la campa\u00f1a\u201d<\/p>\n<\/figure>\n<\/div>\n<div class=\"row\">\n<figure class=\"element element-image\">\n<div class=\" fullwidthImg\">\n<p><img decoding=\"async\" src=\"https:\/\/arc-anglerfish-arc2-prod-infobae.s3.amazonaws.com\/public\/ZSP2RNCZIFEBTFA23OXGSTIRCY.jpg\" alt=\"Adri\u00e1n Escandar\" data-url=\"https:\/\/www.infobae.com\/fotos\/2019\/11\/04\/22-fotos-de-la-restitucion-de-la-virgen-de-lujan-que-estuvo-en-malvinas\/%23ZSP2RNCZIFEBTFA23OXGSTIRCY\" data-original=\"https:\/\/arc-anglerfish-arc2-prod-infobae.s3.amazonaws.com\/public\/ZSP2RNCZIFEBTFA23OXGSTIRCY.jpg\" \/><\/p>\n<div class=\"shares share-holder\">\n<div class=\"share-button facebook\" data-url=\"https:\/\/www.infobae.com\/fotos\/2019\/11\/04\/22-fotos-de-la-restitucion-de-la-virgen-de-lujan-que-estuvo-en-malvinas\/%23ZSP2RNCZIFEBTFA23OXGSTIRCY\" data-original=\"https:\/\/arc-anglerfish-arc2-prod-infobae.s3.amazonaws.com\/public\/ZSP2RNCZIFEBTFA23OXGSTIRCY.jpg\"><\/div>\n<\/div>\n<\/div>\n<p class=\"caption\">Adri\u00e1n Escandar<\/p>\n<\/figure>\n<\/div>\n<div class=\"row\">\n<figure class=\"element element-image\">\n<div class=\" fullwidthImg\">\n<p><img decoding=\"async\" src=\"https:\/\/arc-anglerfish-arc2-prod-infobae.s3.amazonaws.com\/public\/LJJRAOTHI5BXFDIFMUIDXWMEJA.jpg\" alt=\"Finalizada la misa, autoridades del ej\u00e9rcito, veteranos, familiares de ca\u00eddos y fieles se acercaron a la Virgen de Luj\u00e1n\" data-url=\"https:\/\/www.infobae.com\/fotos\/2019\/11\/04\/22-fotos-de-la-restitucion-de-la-virgen-de-lujan-que-estuvo-en-malvinas\/%23LJJRAOTHI5BXFDIFMUIDXWMEJA\" data-original=\"https:\/\/arc-anglerfish-arc2-prod-infobae.s3.amazonaws.com\/public\/LJJRAOTHI5BXFDIFMUIDXWMEJA.jpg\" \/><\/p>\n<div class=\"shares share-holder\">\n<div class=\"share-button facebook\" data-url=\"https:\/\/www.infobae.com\/fotos\/2019\/11\/04\/22-fotos-de-la-restitucion-de-la-virgen-de-lujan-que-estuvo-en-malvinas\/%23LJJRAOTHI5BXFDIFMUIDXWMEJA\" data-original=\"https:\/\/arc-anglerfish-arc2-prod-infobae.s3.amazonaws.com\/public\/LJJRAOTHI5BXFDIFMUIDXWMEJA.jpg\"><\/div>\n<\/div>\n<\/div>\n<p class=\"caption\">Finalizada la misa, autoridades del ej\u00e9rcito, veteranos, familiares de ca\u00eddos y fieles se acercaron a la Virgen de Luj\u00e1n<\/p>\n<\/figure>\n<\/div>\n<div class=\"row\">\n<figure class=\"element element-image\">\n<div class=\" fullwidthImg\">\n<p><img decoding=\"async\" src=\"https:\/\/arc-anglerfish-arc2-prod-infobae.s3.amazonaws.com\/public\/3DIWWSCOEBCWPKIAR6RS7DBNSQ.jpg\" alt=\"\" data-url=\"https:\/\/www.infobae.com\/fotos\/2019\/11\/04\/22-fotos-de-la-restitucion-de-la-virgen-de-lujan-que-estuvo-en-malvinas\/%233DIWWSCOEBCWPKIAR6RS7DBNSQ\" data-original=\"https:\/\/arc-anglerfish-arc2-prod-infobae.s3.amazonaws.com\/public\/3DIWWSCOEBCWPKIAR6RS7DBNSQ.jpg\" \/><\/p>\n<div class=\"shares share-holder\">\n<div class=\"share-button facebook\" data-url=\"https:\/\/www.infobae.com\/fotos\/2019\/11\/04\/22-fotos-de-la-restitucion-de-la-virgen-de-lujan-que-estuvo-en-malvinas\/%233DIWWSCOEBCWPKIAR6RS7DBNSQ\" data-original=\"https:\/\/arc-anglerfish-arc2-prod-infobae.s3.amazonaws.com\/public\/3DIWWSCOEBCWPKIAR6RS7DBNSQ.jpg\"><\/div>\n<\/div>\n<\/div>\n<p class=\"caption\">&#8220;\u00a1Bienvenida Madre! Cu\u00e1nto hay que agradecer, pues sin duda, ha sido un Milagro tu regreso, en tal sentido, contemplemos a Mar\u00eda, la llena de Gracia, la que supo decir, s\u00ed al proyecto de Dios&#8221;, manifest\u00f3 Monse\u00f1or Santiago Olivera, quien adem\u00e1s destac\u00f3 la prontitud y la buena predisposici\u00f3n de restituir la virgen de su par ingl\u00e9s, el obispo Paul Mason<\/p>\n<\/figure>\n<\/div>\n<div class=\"row\">\n<figure class=\"element element-image\">\n<div class=\" fullwidthImg\">\n<p><img decoding=\"async\" src=\"https:\/\/arc-anglerfish-arc2-prod-infobae.s3.amazonaws.com\/public\/WJFI4RHESRBQPNAMLRY77BMAKY.jpg\" alt=\"\" data-url=\"https:\/\/www.infobae.com\/fotos\/2019\/11\/04\/22-fotos-de-la-restitucion-de-la-virgen-de-lujan-que-estuvo-en-malvinas\/%23WJFI4RHESRBQPNAMLRY77BMAKY\" data-original=\"https:\/\/arc-anglerfish-arc2-prod-infobae.s3.amazonaws.com\/public\/WJFI4RHESRBQPNAMLRY77BMAKY.jpg\" \/><\/p>\n<div class=\"shares share-holder\">\n<div class=\"share-button facebook\" data-url=\"https:\/\/www.infobae.com\/fotos\/2019\/11\/04\/22-fotos-de-la-restitucion-de-la-virgen-de-lujan-que-estuvo-en-malvinas\/%23WJFI4RHESRBQPNAMLRY77BMAKY\" data-original=\"https:\/\/arc-anglerfish-arc2-prod-infobae.s3.amazonaws.com\/public\/WJFI4RHESRBQPNAMLRY77BMAKY.jpg\"><\/div>\n<\/div>\n<\/div>\n<\/figure>\n<\/div>\n<div class=\"row\">\n<figure class=\"element element-image\">\n<div class=\" fullwidthImg\">\n<p><img decoding=\"async\" src=\"https:\/\/arc-anglerfish-arc2-prod-infobae.s3.amazonaws.com\/public\/6H3HI3TRYFCEJAILCNTUGS5VO4.jpg\" alt=\"\" data-url=\"https:\/\/www.infobae.com\/fotos\/2019\/11\/04\/22-fotos-de-la-restitucion-de-la-virgen-de-lujan-que-estuvo-en-malvinas\/%236H3HI3TRYFCEJAILCNTUGS5VO4\" data-original=\"https:\/\/arc-anglerfish-arc2-prod-infobae.s3.amazonaws.com\/public\/6H3HI3TRYFCEJAILCNTUGS5VO4.jpg\" \/><\/p>\n<div class=\"shares share-holder\">\n<div class=\"share-button facebook\" data-url=\"https:\/\/www.infobae.com\/fotos\/2019\/11\/04\/22-fotos-de-la-restitucion-de-la-virgen-de-lujan-que-estuvo-en-malvinas\/%236H3HI3TRYFCEJAILCNTUGS5VO4\" data-original=\"https:\/\/arc-anglerfish-arc2-prod-infobae.s3.amazonaws.com\/public\/6H3HI3TRYFCEJAILCNTUGS5VO4.jpg\"><\/div>\n<\/div>\n<\/div>\n<p class=\"caption\">&#8220;Cuando veo a la Virgen recuerdo a los ca\u00eddos, a mis compa\u00f1eros. Yo tuve la misi\u00f3n para ir a repatriarla y estoy tremendamente orgulloso y emocionado de haber representado a mis camaradas\u201d, expres\u00f3 el veterano de Malvinas, Jorge Palacios, quien seg\u00fan su testimonio la Virgen de Luj\u00e1n lo salv\u00f3 de morir tras el bombardeo brit\u00e1nico del 4 de mayo<\/p>\n<\/figure>\n<\/div>\n<div class=\"row\">\n<figure class=\"element element-image\">\n<div class=\" fullwidthImg\">\n<p><img decoding=\"async\" src=\"https:\/\/arc-anglerfish-arc2-prod-infobae.s3.amazonaws.com\/public\/ERJM36PRNFBHPB5KR2QCWSCF5I.jpg\" alt=\"El itinerario de la Virgen de Luj\u00e1n restituida continuar\u00e1 en el inicio de la Conferencia Episcopal Argentina (CEA) y en la Regi\u00f3n I de la Gendarmer\u00eda Nacional Argentina en Campo de Mayo. El mi\u00e9rcoles recorrer\u00e1 la Fuerza A\u00e9rea Argentina, la Polic\u00eda de Seguridad Aeroportuaria, el Hospital Aeron\u00e1utico, el Hospital Militar y el Hospital Naval. El jueves visitar\u00e1 la Parroquia Inmaculada Concepci\u00f3n de la Medalla Milagrosa. El viernes ser\u00e1 enviada al Edificio C\u00f3ndor, sede de la Fuerza A\u00e9rea Argentina y a la Parroquia de El Palomar. El s\u00e1bado acompa\u00f1ar\u00e1 a la Congregaci\u00f3n de los Hermanos Maristas de Luj\u00e1n en el Retiro de Veteranos de Guerra de Malvinas y el domingo a las cinco de la tarde se realizar\u00e1 la Santa Misa de Acci\u00f3n de Gracia en la Bas\u00edlica de Luj\u00e1n, que dar\u00e1 inicio a su peregrinaci\u00f3n por otra di\u00f3cesis del interior del pa\u00eds\" data-url=\"https:\/\/www.infobae.com\/fotos\/2019\/11\/04\/22-fotos-de-la-restitucion-de-la-virgen-de-lujan-que-estuvo-en-malvinas\/%23ERJM36PRNFBHPB5KR2QCWSCF5I\" data-original=\"https:\/\/arc-anglerfish-arc2-prod-infobae.s3.amazonaws.com\/public\/ERJM36PRNFBHPB5KR2QCWSCF5I.jpg\" \/><\/p>\n<div class=\"shares share-holder\">\n<div class=\"share-button facebook\" data-url=\"https:\/\/www.infobae.com\/fotos\/2019\/11\/04\/22-fotos-de-la-restitucion-de-la-virgen-de-lujan-que-estuvo-en-malvinas\/%23ERJM36PRNFBHPB5KR2QCWSCF5I\" data-original=\"https:\/\/arc-anglerfish-arc2-prod-infobae.s3.amazonaws.com\/public\/ERJM36PRNFBHPB5KR2QCWSCF5I.jpg\"><\/div>\n<\/div>\n<\/div>\n<p class=\"caption\">El itinerario de la Virgen de Luj\u00e1n restituida continuar\u00e1 en el inicio de la Conferencia Episcopal Argentina (CEA) y en la Regi\u00f3n I de la Gendarmer\u00eda Nacional Argentina en Campo de Mayo. El mi\u00e9rcoles recorrer\u00e1 la Fuerza A\u00e9rea Argentina, la Polic\u00eda de Seguridad Aeroportuaria, el Hospital Aeron\u00e1utico, el Hospital Militar y el Hospital Naval. El jueves visitar\u00e1 la Parroquia Inmaculada Concepci\u00f3n de la Medalla Milagrosa. El viernes ser\u00e1 enviada al Edificio C\u00f3ndor, sede de la Fuerza A\u00e9rea Argentina y a la Parroquia de El Palomar. El s\u00e1bado acompa\u00f1ar\u00e1 a la Congregaci\u00f3n de los Hermanos Maristas de Luj\u00e1n en el Retiro de Veteranos de Guerra de Malvinas y el domingo a las cinco de la tarde se realizar\u00e1 la Santa Misa de Acci\u00f3n de Gracia en la Bas\u00edlica de Luj\u00e1n, que dar\u00e1 inicio a su peregrinaci\u00f3n por otra di\u00f3cesis del interior del pa\u00eds<\/p>\n<\/figure>\n<\/div>\n<div class=\"row\">\n<figure class=\"element element-image\">\n<div class=\" fullwidthImg\">\n<p><img decoding=\"async\" src=\"https:\/\/arc-anglerfish-arc2-prod-infobae.s3.amazonaws.com\/public\/SXSTHZYPQRE7FAWCQH6OJZXZ5Y.jpg\" alt=\"La Santa Misa por el \" data-url=\"https:\/\/www.infobae.com\/fotos\/2019\/11\/04\/22-fotos-de-la-restitucion-de-la-virgen-de-lujan-que-estuvo-en-malvinas\/%23SXSTHZYPQRE7FAWCQH6OJZXZ5Y\" data-original=\"https:\/\/arc-anglerfish-arc2-prod-infobae.s3.amazonaws.com\/public\/SXSTHZYPQRE7FAWCQH6OJZXZ5Y.jpg\" \/><\/p>\n<div class=\"shares share-holder\">\n<div class=\"share-button facebook\" data-url=\"https:\/\/www.infobae.com\/fotos\/2019\/11\/04\/22-fotos-de-la-restitucion-de-la-virgen-de-lujan-que-estuvo-en-malvinas\/%23SXSTHZYPQRE7FAWCQH6OJZXZ5Y\" data-original=\"https:\/\/arc-anglerfish-arc2-prod-infobae.s3.amazonaws.com\/public\/SXSTHZYPQRE7FAWCQH6OJZXZ5Y.jpg\"><\/div>\n<\/div>\n<\/div>\n<p class=\"caption\">La Santa Misa por el &#8220;D\u00eda de los Muertos por la Patria&#8221; estaba llena. Hubo mensajes sentidos y brot\u00f3 un sentimiento de emoci\u00f3n en los asistentes a la Catedral Castrense del barrio de Retiro<\/p>\n<\/figure>\n<\/div>\n<div class=\"row\">\n<figure class=\"element element-image\">\n<div class=\" fullwidthImg\">\n<p><img decoding=\"async\" src=\"https:\/\/arc-anglerfish-arc2-prod-infobae.s3.amazonaws.com\/public\/I3CMCUQUUJEFRIHCSWUB7BULYE.jpg\" alt=\"Adem\u00e1s de Monse\u00f1or Santiago Olivera, Obispo Castrense de Argentina, y el veterano Jorge Palacios, la delegaci\u00f3n argentina que viaj\u00f3 al Vaticano se complet\u00f3 con el Padre Miguel de la Di\u00f3cesis de Quilmes, Mar\u00eda Fernanda Araujo, Presidente de la Comisi\u00f3n de familiares ca\u00eddos en Malvinas, el Padre Vicente Mart\u00ednez Torrens, capell\u00e1n voluntario y quien cuid\u00f3 a la Virgen en Malvinas, el veterano Roberto D\u00edas, soldado del Regimiento de Infanter\u00eda 3, y Daniel Doronzoro y Marcela Hern\u00e1ndez, integrantes del grupo \" data-url=\"https:\/\/www.infobae.com\/fotos\/2019\/11\/04\/22-fotos-de-la-restitucion-de-la-virgen-de-lujan-que-estuvo-en-malvinas\/%23I3CMCUQUUJEFRIHCSWUB7BULYE\" data-original=\"https:\/\/arc-anglerfish-arc2-prod-infobae.s3.amazonaws.com\/public\/I3CMCUQUUJEFRIHCSWUB7BULYE.jpg\" \/><\/p>\n<div class=\"shares share-holder\">\n<div class=\"share-button facebook\" data-url=\"https:\/\/www.infobae.com\/fotos\/2019\/11\/04\/22-fotos-de-la-restitucion-de-la-virgen-de-lujan-que-estuvo-en-malvinas\/%23I3CMCUQUUJEFRIHCSWUB7BULYE\" data-original=\"https:\/\/arc-anglerfish-arc2-prod-infobae.s3.amazonaws.com\/public\/I3CMCUQUUJEFRIHCSWUB7BULYE.jpg\"><\/div>\n<\/div>\n<\/div>\n<p class=\"caption\">Adem\u00e1s de Monse\u00f1or Santiago Olivera, Obispo Castrense de Argentina, y el veterano Jorge Palacios, la delegaci\u00f3n argentina que viaj\u00f3 al Vaticano se complet\u00f3 con el Padre Miguel de la Di\u00f3cesis de Quilmes, Mar\u00eda Fernanda Araujo, Presidente de la Comisi\u00f3n de familiares ca\u00eddos en Malvinas, el Padre Vicente Mart\u00ednez Torrens, capell\u00e1n voluntario y quien cuid\u00f3 a la Virgen en Malvinas, el veterano Roberto D\u00edas, soldado del Regimiento de Infanter\u00eda 3, y Daniel Doronzoro y Marcela Hern\u00e1ndez, integrantes del grupo &#8220;La Fe del Centuri\u00f3n&#8221;<\/p>\n<\/figure>\n<\/div>\n<div class=\"row\">\n<figure class=\"element element-image\">\n<div class=\" fullwidthImg\">\n<p><img decoding=\"async\" src=\"https:\/\/arc-anglerfish-arc2-prod-infobae.s3.amazonaws.com\/public\/6YE46TFYVJBJNBODNIMT67YBMU.jpg\" alt=\"Carlos Pascual, m\u00e1s conocido como Tula, el due\u00f1o del bombo m\u00e1s famoso del f\u00fatbol argentino, tambi\u00e9n estuvo presente en la misa para conmemorar a los h\u00e9roes ca\u00eddos en la Catedral Castrense\" data-url=\"https:\/\/www.infobae.com\/fotos\/2019\/11\/04\/22-fotos-de-la-restitucion-de-la-virgen-de-lujan-que-estuvo-en-malvinas\/%236YE46TFYVJBJNBODNIMT67YBMU\" data-original=\"https:\/\/arc-anglerfish-arc2-prod-infobae.s3.amazonaws.com\/public\/6YE46TFYVJBJNBODNIMT67YBMU.jpg\" \/><\/p>\n<div class=\"shares share-holder\">\n<div class=\"share-button facebook\" data-url=\"https:\/\/www.infobae.com\/fotos\/2019\/11\/04\/22-fotos-de-la-restitucion-de-la-virgen-de-lujan-que-estuvo-en-malvinas\/%236YE46TFYVJBJNBODNIMT67YBMU\" data-original=\"https:\/\/arc-anglerfish-arc2-prod-infobae.s3.amazonaws.com\/public\/6YE46TFYVJBJNBODNIMT67YBMU.jpg\"><\/div>\n<\/div>\n<\/div>\n<p class=\"caption\">Carlos Pascual, m\u00e1s conocido como Tula, el due\u00f1o del bombo m\u00e1s famoso del f\u00fatbol argentino, tambi\u00e9n estuvo presente en la misa para conmemorar a los h\u00e9roes ca\u00eddos en la Catedral Castrense<\/p>\n<\/figure>\n<\/div>\n<div class=\"row\">\n<figure class=\"element element-image\">\n<div class=\" fullwidthImg\">\n<p><img decoding=\"async\" src=\"https:\/\/arc-anglerfish-arc2-prod-infobae.s3.amazonaws.com\/public\/6RFGX44RQRBDFOUSTW4DQP4H5A.jpg\" alt=\"La escultura mide 38 cent\u00edmetros y est\u00e1 realizada en terracota (arcilla cocida). En 1763 se inaugur\u00f3 el primer santuario, pero la celebraci\u00f3n anual corresponde al 8 de mayo de 1887 cuando el Papa Le\u00f3n XXVII celebr\u00f3 la coronaci\u00f3n can\u00f3nica de la imagen, con la asistencia de altos dignatarios de la Iglesia Romana y del Cabildo Eclesi\u00e1stico Metropolitano\" data-url=\"https:\/\/www.infobae.com\/fotos\/2019\/11\/04\/22-fotos-de-la-restitucion-de-la-virgen-de-lujan-que-estuvo-en-malvinas\/%236RFGX44RQRBDFOUSTW4DQP4H5A\" data-original=\"https:\/\/arc-anglerfish-arc2-prod-infobae.s3.amazonaws.com\/public\/6RFGX44RQRBDFOUSTW4DQP4H5A.jpg\" \/><\/p>\n<div class=\"shares share-holder\">\n<div class=\"share-button facebook\" data-url=\"https:\/\/www.infobae.com\/fotos\/2019\/11\/04\/22-fotos-de-la-restitucion-de-la-virgen-de-lujan-que-estuvo-en-malvinas\/%236RFGX44RQRBDFOUSTW4DQP4H5A\" data-original=\"https:\/\/arc-anglerfish-arc2-prod-infobae.s3.amazonaws.com\/public\/6RFGX44RQRBDFOUSTW4DQP4H5A.jpg\"><\/div>\n<\/div>\n<\/div>\n<p class=\"caption\">La escultura mide 38 cent\u00edmetros y est\u00e1 realizada en terracota (arcilla cocida). En 1763 se inaugur\u00f3 el primer santuario, pero la celebraci\u00f3n anual corresponde al 8 de mayo de 1887 cuando el Papa Le\u00f3n XXVII celebr\u00f3 la coronaci\u00f3n can\u00f3nica de la imagen, con la asistencia de altos dignatarios de la Iglesia Romana y del Cabildo Eclesi\u00e1stico Metropolitano<\/p>\n<\/figure>\n<\/div>\n<div class=\"row\">\n<figure class=\"element element-image\">\n<div class=\" fullwidthImg\">\n<p><img decoding=\"async\" src=\"https:\/\/arc-anglerfish-arc2-prod-infobae.s3.amazonaws.com\/public\/NALHVA26NBFEZAFCWCPIDDGTF4.jpg\" alt=\"Fotos: Adri\u00e1n Escandar\" data-url=\"https:\/\/www.infobae.com\/fotos\/2019\/11\/04\/22-fotos-de-la-restitucion-de-la-virgen-de-lujan-que-estuvo-en-malvinas\/%23NALHVA26NBFEZAFCWCPIDDGTF4\" data-original=\"https:\/\/arc-anglerfish-arc2-prod-infobae.s3.amazonaws.com\/public\/NALHVA26NBFEZAFCWCPIDDGTF4.jpg\" \/><\/p>\n<div class=\"shares share-holder\">\n<div class=\"share-button facebook\" data-url=\"https:\/\/www.infobae.com\/fotos\/2019\/11\/04\/22-fotos-de-la-restitucion-de-la-virgen-de-lujan-que-estuvo-en-malvinas\/%23NALHVA26NBFEZAFCWCPIDDGTF4\" data-original=\"https:\/\/arc-anglerfish-arc2-prod-infobae.s3.amazonaws.com\/public\/NALHVA26NBFEZAFCWCPIDDGTF4.jpg\"><\/div>\n<\/div>\n<\/div>\n<p class=\"caption\">Fotos: Adri\u00e1n Escandar<\/p>\n<\/figure>\n<\/div>\n<\/div>\n<\/div>\n<\/div>\n<\/section>\n<\/div>\n","protected":false},"excerpt":{"rendered":"<p>La imagen que durante 37 a\u00f1os permaneci\u00f3 exhibida en una catedral brit\u00e1nica regres\u00f3 al pa\u00eds esta ma\u00f1ana. Las autoridades eclesi\u00e1sticas que gestionaron la recuperaci\u00f3n la trasladaron a la Catedral Castrense Stella Maris donde se celebr\u00f3 una Santa Misa por los fieles difuntos La Virgen de Luj\u00e1n que acompa\u00f1\u00f3 a los soldados argentinos a la Guerra [&hellip;]<\/p>\n","protected":false},"author":1,"featured_media":33230,"comment_status":"closed","ping_status":"closed","sticky":false,"template":"","format":"standard","meta":{"footnotes":""},"categories":[2,7],"tags":[],"class_list":["post-33228","post","type-post","status-publish","format-standard","has-post-thumbnail","hentry","category-culturales","category-nacionales"],"_links":{"self":[{"href":"http:\/\/informateesquina.com\/index.php?rest_route=\/wp\/v2\/posts\/33228","targetHints":{"allow":["GET"]}}],"collection":[{"href":"http:\/\/informateesquina.com\/index.php?rest_route=\/wp\/v2\/posts"}],"about":[{"href":"http:\/\/informateesquina.com\/index.php?rest_route=\/wp\/v2\/types\/post"}],"author":[{"embeddable":true,"href":"http:\/\/informateesquina.com\/index.php?rest_route=\/wp\/v2\/users\/1"}],"replies":[{"embeddable":true,"href":"http:\/\/informateesquina.com\/index.php?rest_route=%2Fwp%2Fv2%2Fcomments&post=33228"}],"version-history":[{"count":0,"href":"http:\/\/informateesquina.com\/index.php?rest_route=\/wp\/v2\/posts\/33228\/revisions"}],"wp:featuredmedia":[{"embeddable":true,"href":"http:\/\/informateesquina.com\/index.php?rest_route=\/"}],"wp:attachment":[{"href":"http:\/\/informateesquina.com\/index.php?rest_route=%2Fwp%2Fv2%2Fmedia&parent=33228"}],"wp:term":[{"taxonomy":"category","embeddable":true,"href":"http:\/\/informateesquina.com\/index.php?rest_route=%2Fwp%2Fv2%2Fcategories&post=33228"},{"taxonomy":"post_tag","embeddable":true,"href":"http:\/\/informateesquina.com\/index.php?rest_route=%2Fwp%2Fv2%2Ftags&post=33228"}],"curies":[{"name":"wp","href":"https:\/\/api.w.org\/{rel}","templated":true}]}}