{"id":33232,"date":"2019-11-05T10:11:37","date_gmt":"2019-11-05T13:11:37","guid":{"rendered":"https:\/\/informateesquina.com\/?p=33232"},"modified":"2019-11-05T10:11:37","modified_gmt":"2019-11-05T13:11:37","slug":"macri-no-dejo-la-politica-aca-hay-gato-para-rato","status":"publish","type":"post","link":"http:\/\/informateesquina.com\/?p=33232","title":{"rendered":"Macri: &#8220;No dejo la pol\u00edtica, ac\u00e1 hay gato para rato&#8221;"},"content":{"rendered":"<div id=\"f0CmZZMhAKs6Gr\" class=\"wrapper clearfix col-lg-12 pb-feature pb-layout-item pb-f-article-header col-md-12 col-sm-12 col-xs-12 no-align\">\n<div class=\"row\" style=\"text-align: center;\">\n<header class=\"article-header hed-first col-sm-12\"><strong><em><span class=\"subheadline\">En un discurso de tono inusualmente instropectivo, el Presidente agradeci\u00f3 al equipo que desbord\u00f3 la Sala Sinf\u00f3nica del Centro Cultura Kirschner (CCK). Hubo hegemon\u00eda de funcionarios y dirigentes de Propuesta Republicana (PRO), y muy pocos radicales y dirigentes de la Coalici\u00f3n C\u00edvica.<\/span><\/em><\/strong><\/header>\n<\/div>\n<\/div>\n<header><\/header>\n<div id=\"f0CmZZMhAKs6Gr\" class=\"wrapper clearfix col-lg-12 pb-feature pb-layout-item pb-f-article-header col-md-12 col-sm-12 col-xs-12 no-align\">\n<div class=\"row\">\n<header>\n<div class=\"row pb-content-type-text\">\n<div class=\"col-xs-12 col-print-12\">\n<p>&#8220;Desde el 2003 que est\u00e1n diciendo que me voy de la pol\u00edtica, pero aqu\u00ed estoy y seguir\u00e9 estando, porque hay gato para rato&#8221;, fue la frase con la que el presidente Mauricio Macri cerr\u00f3 su \u00faltimo discurso ante el Gabinete ampliado este lunes, provocando los aplausos euf\u00f3ricos de funcionarios y legisladores que colmaron como nunca antes la Sala Sinf\u00f3nica del CCK, con gente que tuvo que sentarse en las escaleras o quedar directamente afuera. El acto empez\u00f3 con discursos de la vicepresidenta Gabriela Michetti, la gobernadora saliente de la provincia de Buenos Aires, Mar\u00eda Eugenia Vidal, y el jefe de Gobierno de la Ciudad Aut\u00f3noma de Buenos Aires (CABA), Horacio Rodr\u00edguez Larreta, que logr\u00f3 reelegir.<\/p>\n<p>Por lo que trascendi\u00f3, los tres no pudieron evitar un tono melanc\u00f3lico. En cambio, el compa\u00f1ero de f\u00f3rmula Miguel \u00c1ngel Pichetto dio el tono pol\u00edtico y aguerrido a la tarde, diciendo que &#8220;todo lo que hacemos es para tomar el poder, adonde vamos a volver&#8221;.<\/p>\n<p>Antes de que hablara Macri, se trasmiti\u00f3 un video muy emotivo donde se mostraron las marchas por las 30 ciudades que movilizaron al electorado con el &#8220;S\u00ed, se puede&#8221;. Y despu\u00e9s de agradecer a su equipo ampliado, el Presidente asegur\u00f3: &#8220;Nos vamos con la conciencia tranquila y con las manos limpias, porque gobernamos con honestidad&#8221;, &#8220;cambiamos la cultura pol\u00edtica&#8221; y &#8220;no atropellamos a nadie cuando estuvimos en el poder&#8221;.<\/p>\n<p>El Presidente, que lleg\u00f3 al CCK acompa\u00f1ado por su esposa Juliana Awada y su hija Antonia, con quienes pas\u00f3 el fin de semana en Chapadmalal, cont\u00f3 que varias veces le preguntaron por qu\u00e9 se hab\u00eda metido &#8220;en esta locura de la pol\u00edtica&#8221;. &#8220;Y yo siempre contesto lo mismo, por amor a la Argentina, y despu\u00e9s de los m\u00e1s de 200 mil kil\u00f3metros que recorr\u00ed del pa\u00eds puedo decir que cada d\u00eda amo m\u00e1s a mi pueblo y al pa\u00eds&#8221; agreg\u00f3.<\/p>\n<p>Macri tambi\u00e9n pidi\u00f3 que, ahora que estar\u00e1n en la oposici\u00f3n, tienen la obligaci\u00f3n de hacer una oposici\u00f3n responsable. &#8220;No podemos hacer declaraciones fuertes, nuestras respuestas tienen que ser fundamentadas en ideas, en nuestras ideas, tenemos que ser razonables y tranquilos&#8221;, les dijo a las m\u00e1s de mil personas que lo escuchaban. Y puntualiz\u00f3: &#8220;Tenemos que defender los valores del 41% del electorado que nos vot\u00f3, porque nos debemos a ellos&#8221;.<\/p>\n<p>El Presidente estaba emocionado pero entero, no ten\u00eda un tono nostalgioso, y m\u00e1s bien parec\u00eda decidido a mostrar los caminos para seguir adelante, contrastando con el discurso que hizo Vidal, que m\u00e1s bien pareci\u00f3 un discurso de despedida porque &#8220;todo esto implica que viene algo nuevo&#8221;.<\/p>\n<p>Para los pocos radicales que asistieron, se trat\u00f3 m\u00e1s que nada de una reuni\u00f3n para ordenar la tropa del PRO, que fue la que hegemoniz\u00f3 con su presencia en la Sala m\u00e1s grande del CCK, la &#8220;Ballena&#8221;. Ning\u00fan radical habl\u00f3, tampoco Lilita Cari\u00f3.<\/p>\n<p>Macri mencion\u00f3 reiteradamente y agradeci\u00f3 a los gobernadores radicales de Mendoza, Alfredo Cornejo; de Jujuy, Gerardo Morales; y de Corrientes, Gustavo Vald\u00e9s, que por distintas razones no estuvieron presentes. Tampoco el presidente del interbloque, Mario Negri, candidato a volver a conducir el bloque de la coalici\u00f3n de Juntos por el Cambio en la C\u00e1mara de Diputados de la Naci\u00f3n.<\/p>\n<p>Pero aun en el PRO el liderazgo de la oposici\u00f3n de Macri ya no ser\u00e1 natural, a pesa de la postura que este lunes mismo volvi\u00f3 a exponer Pichetto en Gabinete ampliado. A la salida de la reuni\u00f3n, los que informaron a los periodistas fueron el todav\u00eda ministro de Seguridad de la provincia de Buenos Aires, Cristian Ritondo, a quien ya el Mandatario design\u00f3 como el futuro presidente del bloque del PRO en Diputados, el vicejefe de Gobierno de la Ciudad, Diego Santilli, y el senador Esteban Bullrich, presidente de la Comisi\u00f3n de Presupuesto y presumiblemente, titular del futuro bloque PRO en el Senado.<\/p>\n<\/div>\n<p>&nbsp;<\/p>\n<p><em>FUENTE: www.infobae.com<\/em><\/p>\n<div class=\"col-xs-12 col-print-12\">\n<div class=\"row pb-content-type-image\">\n<figure class=\"element element-image col-xs-12\">\n<div class=\"single-image\">\n<div class=\"shares\">\n<div class=\"share-button facebook\" data-url=\"https:\/\/www.infobae.com\/politica\/2019\/11\/04\/mauricio-macri-envio-un-mensaje-a-su-tropa-en-la-reunion-de-gabinete-ampliado-no-dejo-la-politica-aca-hay-gato-para-rato\/%23P6A25IO5HFHXBKZM4BK2PUULHE\" data-original=\"https:\/\/arc-anglerfish-arc2-prod-infobae.s3.amazonaws.com\/public\/P6A25IO5HFHXBKZM4BK2PUULHE.jpg\"><\/div>\n<\/div>\n<\/div>\n<\/figure>\n<\/div>\n<\/div>\n<\/div>\n<div class=\"row pb-content-type-video\">\n<figure class=\"element element-video\">\n<div class=\"col-md-12\">\n<div id=\"arc-player-c33b0032-f1a4-40cf-8ae4-64f161e6d244\" class=\"powa powa-processed\" data-org=\"infobae\" data-uuid=\"c33b0032-f1a4-40cf-8ae4-64f161e6d244\" data-powa-index=\"0\" data-env=\"prod\"><\/div>\n<\/div>\n<\/figure>\n<\/div>\n<\/header>\n<\/div>\n<\/div>\n<div id=\"f0xx2qbhAKs6Gr\" class=\"wrapper clearfix col-lg-12 col-md-12 pb-feature pb-layout-item pb-f-article-byline col-sm-12 col-xs-12 no-align\">\n<div class=\"byline col-md-8 col-xs-12 col-print-12\">\n<div class=\"clearfix byline-entry\">\n<div class=\"byline-firstline\"><\/div>\n<\/div>\n<\/div>\n<\/div>\n","protected":false},"excerpt":{"rendered":"<p>En un discurso de tono inusualmente instropectivo, el Presidente agradeci\u00f3 al equipo que desbord\u00f3 la Sala Sinf\u00f3nica del Centro Cultura Kirschner (CCK). Hubo hegemon\u00eda de funcionarios y dirigentes de Propuesta Republicana (PRO), y muy pocos radicales y dirigentes de la Coalici\u00f3n C\u00edvica. &#8220;Desde el 2003 que est\u00e1n diciendo que me voy de la pol\u00edtica, pero [&hellip;]<\/p>\n","protected":false},"author":1,"featured_media":33233,"comment_status":"closed","ping_status":"closed","sticky":false,"template":"","format":"standard","meta":{"footnotes":""},"categories":[7,9],"tags":[136],"class_list":["post-33232","post","type-post","status-publish","format-standard","has-post-thumbnail","hentry","category-nacionales","category-politica","tag-destacados"],"_links":{"self":[{"href":"http:\/\/informateesquina.com\/index.php?rest_route=\/wp\/v2\/posts\/33232","targetHints":{"allow":["GET"]}}],"collection":[{"href":"http:\/\/informateesquina.com\/index.php?rest_route=\/wp\/v2\/posts"}],"about":[{"href":"http:\/\/informateesquina.com\/index.php?rest_route=\/wp\/v2\/types\/post"}],"author":[{"embeddable":true,"href":"http:\/\/informateesquina.com\/index.php?rest_route=\/wp\/v2\/users\/1"}],"replies":[{"embeddable":true,"href":"http:\/\/informateesquina.com\/index.php?rest_route=%2Fwp%2Fv2%2Fcomments&post=33232"}],"version-history":[{"count":0,"href":"http:\/\/informateesquina.com\/index.php?rest_route=\/wp\/v2\/posts\/33232\/revisions"}],"wp:featuredmedia":[{"embeddable":true,"href":"http:\/\/informateesquina.com\/index.php?rest_route=\/"}],"wp:attachment":[{"href":"http:\/\/informateesquina.com\/index.php?rest_route=%2Fwp%2Fv2%2Fmedia&parent=33232"}],"wp:term":[{"taxonomy":"category","embeddable":true,"href":"http:\/\/informateesquina.com\/index.php?rest_route=%2Fwp%2Fv2%2Fcategories&post=33232"},{"taxonomy":"post_tag","embeddable":true,"href":"http:\/\/informateesquina.com\/index.php?rest_route=%2Fwp%2Fv2%2Ftags&post=33232"}],"curies":[{"name":"wp","href":"https:\/\/api.w.org\/{rel}","templated":true}]}}