{"id":33235,"date":"2019-11-05T11:02:51","date_gmt":"2019-11-05T14:02:51","guid":{"rendered":"https:\/\/informateesquina.com\/?p=33235"},"modified":"2019-11-05T11:02:51","modified_gmt":"2019-11-05T14:02:51","slug":"alertan-por-el-estado-del-puente-sarandi","status":"publish","type":"post","link":"http:\/\/informateesquina.com\/?p=33235","title":{"rendered":"Alertan por el estado del puente Sarand\u00ed"},"content":{"rendered":"<p style=\"text-align: center;\"><strong><em>Un maestro de la Escuela N\u00b0526 del paraje Rinc\u00f3n de Sarand\u00ed, Sergio Bord\u00f3n, en comunicaci\u00f3n con &#8220;La ma\u00f1ana de noticias&#8221;, se refiri\u00f3 al estado del puente Sarand\u00ed, aparentemente damnificado por las inclemencias clim\u00e1ticas. Explic\u00f3 que \u201cen lo que va de la ma\u00f1ana (por este lunes) van cayendo 45 mil\u00edmetros, sumado a la lluvia de este momento cerca de 135 mil\u00edmetros.\u00a0 Hay esperanzas de que el clima mejore un poco en las pr\u00f3ximas horas&#8221;.<\/em><\/strong><\/p>\n<p>&nbsp;<\/p>\n<p>Con respecto al estado del puente, que corre riesgo por las lluvias intensas, Bord\u00f3n dijo que &#8220;hay una cabecera norte que tiene poco apoyo y ahora con la humedad y la lluvia se va a hundir un poco m\u00e1s. Todav\u00eda la creciente no es tan importante como para que insuma riesgos al puente&#8221;.<\/p>\n<p>El docente sostuvo que en el caso de que se corte el puente, la poblaci\u00f3n de Rinc\u00f3n de Sarand\u00ed quedar\u00eda aislada: &#8220;No tomaron consciencia sobre la gravedad del estado del puente, se hab\u00eda pedido que no circularan veh\u00edculos de gran porte pero no se control\u00f3\u201d y se incumpli\u00f3.<\/p>\n<p>&nbsp;<\/p>\n<p><em>FUENTE: www.tnesquina.com<\/em><\/p>\n","protected":false},"excerpt":{"rendered":"<p>Un maestro de la Escuela N\u00b0526 del paraje Rinc\u00f3n de Sarand\u00ed, Sergio Bord\u00f3n, en comunicaci\u00f3n con &#8220;La ma\u00f1ana de noticias&#8221;, se refiri\u00f3 al estado del puente Sarand\u00ed, aparentemente damnificado por las inclemencias clim\u00e1ticas. Explic\u00f3 que \u201cen lo que va de la ma\u00f1ana (por este lunes) van cayendo 45 mil\u00edmetros, sumado a la lluvia de este [&hellip;]<\/p>\n","protected":false},"author":1,"featured_media":33236,"comment_status":"closed","ping_status":"closed","sticky":false,"template":"","format":"standard","meta":{"footnotes":""},"categories":[6],"tags":[136],"class_list":["post-33235","post","type-post","status-publish","format-standard","has-post-thumbnail","hentry","category-locales","tag-destacados"],"_links":{"self":[{"href":"http:\/\/informateesquina.com\/index.php?rest_route=\/wp\/v2\/posts\/33235","targetHints":{"allow":["GET"]}}],"collection":[{"href":"http:\/\/informateesquina.com\/index.php?rest_route=\/wp\/v2\/posts"}],"about":[{"href":"http:\/\/informateesquina.com\/index.php?rest_route=\/wp\/v2\/types\/post"}],"author":[{"embeddable":true,"href":"http:\/\/informateesquina.com\/index.php?rest_route=\/wp\/v2\/users\/1"}],"replies":[{"embeddable":true,"href":"http:\/\/informateesquina.com\/index.php?rest_route=%2Fwp%2Fv2%2Fcomments&post=33235"}],"version-history":[{"count":0,"href":"http:\/\/informateesquina.com\/index.php?rest_route=\/wp\/v2\/posts\/33235\/revisions"}],"wp:featuredmedia":[{"embeddable":true,"href":"http:\/\/informateesquina.com\/index.php?rest_route=\/"}],"wp:attachment":[{"href":"http:\/\/informateesquina.com\/index.php?rest_route=%2Fwp%2Fv2%2Fmedia&parent=33235"}],"wp:term":[{"taxonomy":"category","embeddable":true,"href":"http:\/\/informateesquina.com\/index.php?rest_route=%2Fwp%2Fv2%2Fcategories&post=33235"},{"taxonomy":"post_tag","embeddable":true,"href":"http:\/\/informateesquina.com\/index.php?rest_route=%2Fwp%2Fv2%2Ftags&post=33235"}],"curies":[{"name":"wp","href":"https:\/\/api.w.org\/{rel}","templated":true}]}}