{"id":33241,"date":"2019-11-05T12:29:08","date_gmt":"2019-11-05T15:29:08","guid":{"rendered":"https:\/\/informateesquina.com\/?p=33241"},"modified":"2019-11-05T12:29:08","modified_gmt":"2019-11-05T15:29:08","slug":"la-realidad-es-que-la-familia-no-cree-en-la-hipotesis-del-suicidio","status":"publish","type":"post","link":"http:\/\/informateesquina.com\/?p=33241","title":{"rendered":"&#8220;La realidad es que la familia no cree en la hip\u00f3tesis del suicidio&#8221;"},"content":{"rendered":"<p>El Dr. Guillermo Escalante, abogado de la familia Ortmann, dialog\u00f3 con Radio Sudamericana en exclusiva tras el conmocionante hecho. Indic\u00f3 que desde la familia no creen en la hip\u00f3tesis del suicidio de Octavio y en base a ello comenzar\u00e1n con la investigaci\u00f3n.<\/p>\n<div class=\"col-md-12\">\n<div class=\"image_review_wrapper\">\n<div class=\"swiper-container swiper-container-horizontal swiper-container-android\">\n<div class=\"swiper-wrapper\">\n<div class=\"swiper-slide swiper-slide-active\"><a href=\"http:\/\/www.radiosudamericana.com\/notix\/multimedia\/imagenes\/fotos\/2019-11-05\/127918.jpg\"><img decoding=\"async\" class=\"img-responsive\" src=\"http:\/\/www.radiosudamericana.com\/notix\/multimedia\/imagenes\/fotos\/2019-11-05\/127918.jpg\" alt=\"Responsive image\" \/><\/a><\/div>\n<\/div>\n<\/div>\n<\/div>\n<\/div>\n<div class=\"col-md-12\"><\/div>\n<div class=\"col-md-12\">\n<div><audio src=\"http:\/\/www.radiosudamericana.com\/\/multimedia\/audios\/2019-11-05\/903802.mp3\" controls=\"controls\" data-mce-fragment=\"1\"><\/audio><\/div>\n<\/div>\n<p>El Dr. Guillermo Escalante, abogado de la familia Ortmann, dialog\u00f3 con Radio Sudamericana luego de asumir oficialmente como representante de la familia del chico fallecido tras caer de un cuarto piso de un edificio c\u00e9ntrico de la Capital. Escalante estar\u00e1 acompa\u00f1ado por otro abogado, t\u00edo de la v\u00edctima.<\/p>\n<p>\u201cEn principio tenemos vox p\u00f3puli la declaraci\u00f3n de su se\u00f1or\u00eda y el fiscal. Ahora estamos esperando ver la documental que hay en el expediente. Vamos a buscar los elementos necesarios y en base a eso las estrategias para esclarecer el hecho\u201d.<\/p>\n<p>En la entrevista Escalante asegur\u00f3 que la familia \u201cno cree en el suicidio\u201d y agreg\u00f3 \u201cen realidad la familia no cree en la hip\u00f3tesis del suicidio; esto reci\u00e9n comienza y vamos a investigar. No podemos ser irresponsables de inculpar a alguien porque hay muchas familias de por medio\u201d.<\/p>\n","protected":false},"excerpt":{"rendered":"<p>El Dr. Guillermo Escalante, abogado de la familia Ortmann, dialog\u00f3 con Radio Sudamericana en exclusiva tras el conmocionante hecho. Indic\u00f3 que desde la familia no creen en la hip\u00f3tesis del suicidio de Octavio y en base a ello comenzar\u00e1n con la investigaci\u00f3n. El Dr. Guillermo Escalante, abogado de la familia Ortmann, dialog\u00f3 con Radio Sudamericana [&hellip;]<\/p>\n","protected":false},"author":1,"featured_media":33242,"comment_status":"closed","ping_status":"closed","sticky":false,"template":"","format":"standard","meta":{"footnotes":""},"categories":[8],"tags":[],"class_list":["post-33241","post","type-post","status-publish","format-standard","has-post-thumbnail","hentry","category-policiales"],"_links":{"self":[{"href":"http:\/\/informateesquina.com\/index.php?rest_route=\/wp\/v2\/posts\/33241","targetHints":{"allow":["GET"]}}],"collection":[{"href":"http:\/\/informateesquina.com\/index.php?rest_route=\/wp\/v2\/posts"}],"about":[{"href":"http:\/\/informateesquina.com\/index.php?rest_route=\/wp\/v2\/types\/post"}],"author":[{"embeddable":true,"href":"http:\/\/informateesquina.com\/index.php?rest_route=\/wp\/v2\/users\/1"}],"replies":[{"embeddable":true,"href":"http:\/\/informateesquina.com\/index.php?rest_route=%2Fwp%2Fv2%2Fcomments&post=33241"}],"version-history":[{"count":0,"href":"http:\/\/informateesquina.com\/index.php?rest_route=\/wp\/v2\/posts\/33241\/revisions"}],"wp:featuredmedia":[{"embeddable":true,"href":"http:\/\/informateesquina.com\/index.php?rest_route=\/"}],"wp:attachment":[{"href":"http:\/\/informateesquina.com\/index.php?rest_route=%2Fwp%2Fv2%2Fmedia&parent=33241"}],"wp:term":[{"taxonomy":"category","embeddable":true,"href":"http:\/\/informateesquina.com\/index.php?rest_route=%2Fwp%2Fv2%2Fcategories&post=33241"},{"taxonomy":"post_tag","embeddable":true,"href":"http:\/\/informateesquina.com\/index.php?rest_route=%2Fwp%2Fv2%2Ftags&post=33241"}],"curies":[{"name":"wp","href":"https:\/\/api.w.org\/{rel}","templated":true}]}}