{"id":33249,"date":"2019-11-05T16:39:53","date_gmt":"2019-11-05T19:39:53","guid":{"rendered":"https:\/\/informateesquina.com\/?p=33249"},"modified":"2019-11-05T16:39:53","modified_gmt":"2019-11-05T19:39:53","slug":"caso-grim-ratifican-condena-de-17-anos-de-prision-para-policias-por-abuso-sexual","status":"publish","type":"post","link":"http:\/\/informateesquina.com\/?p=33249","title":{"rendered":"Caso GRIM: ratifican condena de 17 a\u00f1os de prisi\u00f3n para polic\u00edas por abuso sexual"},"content":{"rendered":"<p class=\"hzzd-italic\">La Corte Provincial rechaz\u00f3 el recurso de casaci\u00f3n presentado por la defensa de los tres polic\u00edas condenados por el TOP N\u00b0 2 de Capital. Ratific\u00f3 de ese modo la condena de 17 a\u00f1os de prisi\u00f3n por el abuso sexual con acceso carnal y vejaciones contra un joven que circunstancialmente se hallaba demorado en el 2018.<\/p>\n<p><strong><span class=\"dropcap small square\">E<\/span><\/strong>l Superior Tribunal de Justicia en la Sentencia Penal N\u00b0 120 confirm\u00f3 la sentencia del TOP N\u00b02 de Capital por la cual se conden\u00f3 a 17 a\u00f1os de prisi\u00f3n a tres polic\u00edas integrantes del GRIM 3 (Grupo de Respuesta Inmediata Motorizada) de la polic\u00eda provincial.<\/p>\n<p>Se trata de Jos\u00e9 Abel Aguirre como autor material, y Ricardo Alberto Ram\u00edrez y Jos\u00e9 Ricardo Romero como part\u00edcipes.<\/p>\n<p>Se los encontr\u00f3 responsables del delito de abuso sexual con acceso carnal doblemente calificado por el concurso de dos o m\u00e1s personas y por haber sido cometido por personal perteneciente a las fuerzas policiales o de seguridad en ocasi\u00f3n de sus funciones y vejaciones.<\/p>\n<div id=\"attachment_953061\" class=\"wp-caption aligncenter\"><img loading=\"lazy\" decoding=\"async\" class=\"size-full wp-image-953061\" src=\"http:\/\/cdn5.diarioepoca.com\/wp-content\/uploads\/2019\/04\/01_abogacia_cargosjusticia.jpg\" alt=\"OTRO FALLO IN\u00c9DITO.\" width=\"800\" height=\"600\" \/><\/p>\n<p class=\"wp-caption-text\">OTRO FALLO IN\u00c9DITO.<\/p>\n<\/div>\n<p>&#8211;<\/p>\n<p>La v\u00edctima es un joven que se encontraba demorado en una comisar\u00eda y denunci\u00f3 que el 7 de agosto de 2016 fue v\u00edctima de abuso por parte de personal policial, que deb\u00eda bregar por su seguridad y no quebrantarla.<\/p>\n<p>El doctor Alejandro Alberto Cha\u00edn, en su primer voto consider\u00f3 que deb\u00eda ratificarse el fallo del Tribunal de Juicio ya que los hechos estaban acreditados seg\u00fan las pruebas que constaban en la causa.<\/p>\n<p>Sostuvo que en la casaci\u00f3n, la defensa s\u00f3lo reeditaba los cuestionamientos que ya hab\u00edan sido rechazados por el TOP.<\/p>\n<p>El voto del doctor Chain cont\u00f3 con la adhesi\u00f3n del de los doctores Eduardo Panseri; Guillermo Horacio Semhan, Luis Eduardo Rey V\u00e1zquez y Fernando Augusto Niz.<\/p>\n<h3>FUENTE: DIARIO \u00c9POCA<\/h3>\n","protected":false},"excerpt":{"rendered":"<p>La Corte Provincial rechaz\u00f3 el recurso de casaci\u00f3n presentado por la defensa de los tres polic\u00edas condenados por el TOP N\u00b0 2 de Capital. Ratific\u00f3 de ese modo la condena de 17 a\u00f1os de prisi\u00f3n por el abuso sexual con acceso carnal y vejaciones contra un joven que circunstancialmente se hallaba demorado en el 2018. [&hellip;]<\/p>\n","protected":false},"author":1,"featured_media":33250,"comment_status":"closed","ping_status":"closed","sticky":false,"template":"","format":"standard","meta":{"footnotes":""},"categories":[8],"tags":[],"class_list":["post-33249","post","type-post","status-publish","format-standard","has-post-thumbnail","hentry","category-policiales"],"_links":{"self":[{"href":"http:\/\/informateesquina.com\/index.php?rest_route=\/wp\/v2\/posts\/33249","targetHints":{"allow":["GET"]}}],"collection":[{"href":"http:\/\/informateesquina.com\/index.php?rest_route=\/wp\/v2\/posts"}],"about":[{"href":"http:\/\/informateesquina.com\/index.php?rest_route=\/wp\/v2\/types\/post"}],"author":[{"embeddable":true,"href":"http:\/\/informateesquina.com\/index.php?rest_route=\/wp\/v2\/users\/1"}],"replies":[{"embeddable":true,"href":"http:\/\/informateesquina.com\/index.php?rest_route=%2Fwp%2Fv2%2Fcomments&post=33249"}],"version-history":[{"count":0,"href":"http:\/\/informateesquina.com\/index.php?rest_route=\/wp\/v2\/posts\/33249\/revisions"}],"wp:featuredmedia":[{"embeddable":true,"href":"http:\/\/informateesquina.com\/index.php?rest_route=\/"}],"wp:attachment":[{"href":"http:\/\/informateesquina.com\/index.php?rest_route=%2Fwp%2Fv2%2Fmedia&parent=33249"}],"wp:term":[{"taxonomy":"category","embeddable":true,"href":"http:\/\/informateesquina.com\/index.php?rest_route=%2Fwp%2Fv2%2Fcategories&post=33249"},{"taxonomy":"post_tag","embeddable":true,"href":"http:\/\/informateesquina.com\/index.php?rest_route=%2Fwp%2Fv2%2Ftags&post=33249"}],"curies":[{"name":"wp","href":"https:\/\/api.w.org\/{rel}","templated":true}]}}