{"id":33264,"date":"2019-11-06T11:38:33","date_gmt":"2019-11-06T14:38:33","guid":{"rendered":"https:\/\/informateesquina.com\/?p=33264"},"modified":"2019-11-06T11:38:33","modified_gmt":"2019-11-06T14:38:33","slug":"se-viene-la-fiesta-de-la-educacion-fisica-del-colegio-secundario-en-esquina","status":"publish","type":"post","link":"http:\/\/informateesquina.com\/?p=33264","title":{"rendered":"Se viene la Fiesta de la Educaci\u00f3n F\u00edsica del Colegio Secundario en Esquina"},"content":{"rendered":"<p style=\"text-align: center;\"><strong><em>El Colegio Secundario en Esquina (CSE) llevar\u00e1 adelante este jueves su Fiesta de la Educaci\u00f3n F\u00edsica y la Expresi\u00f3n Art\u00edstica 2019. El mismo tendr\u00e1 lugar en dicho establecimiento escolar a partir de las 19 horas.<\/em><\/strong><\/p>\n<p>&nbsp;<\/p>\n<p>El evento contar\u00e1 con dos partes: en la primera se realizar\u00e1 la presentaci\u00f3n de los alumnos participantes; continuar\u00e1 con el encendido de TEA Ol\u00edmpica; palabras a cargo de la profesora Marcela Garc\u00eda; desconcentraci\u00f3n de alumnos; y entrega de diplomas a los estudiantes participantes de las competencias interescolares.<\/p>\n<p>La segunda parte iniciar\u00e1 con un esquema corporal por parte de alumnos de 4\u00b0 A, 5\u00b0A, 5\u00b0B y 6\u00b0A, a cargo de la profesora Paola Spessot; seguidamente los estudiantes de 1\u00b0, 2\u00b0 y 3\u00b0 realizar\u00e1n ejercicios construidos a cargo del docente Hugo Zappa; y un baile coreogr\u00e1fico por alumnos de 1\u00b0, 2\u00b0, 3\u00b0y 6\u00b0 a\u00f1o a cargo de la profesora Marcela Garc\u00eda. Luego tendr\u00e1 lugar Acrosport con estudiantes de 6\u00b0B, 5\u00b0B y 4\u00b0B, a cargo del profesor Daniel Vera; nuevamente un esquema coreogr\u00e1fico por alumnos de 1\u00b0B a cargo de la profesora Soledad Ortiz; canto por estudiante de 2\u00b0 a\u00f1o, Camila Paniagua, a cargo de la docente Natalya Fern\u00e1ndez; y un baile de Zumba a cargo de las profesoras Soledad Acosta y Mar\u00eda Eugenia Mendoza.<\/p>\n<p>Por \u00faltimo, se llevar\u00e1 adelante un baile coreogr\u00e1fico por alumnas de 3\u00b0B a cargo de la profesora Marcela Garc\u00eda; y finalmente un Ballet invitado.<\/p>\n","protected":false},"excerpt":{"rendered":"<p>El Colegio Secundario en Esquina (CSE) llevar\u00e1 adelante este jueves su Fiesta de la Educaci\u00f3n F\u00edsica y la Expresi\u00f3n Art\u00edstica 2019. El mismo tendr\u00e1 lugar en dicho establecimiento escolar a partir de las 19 horas. &nbsp; El evento contar\u00e1 con dos partes: en la primera se realizar\u00e1 la presentaci\u00f3n de los alumnos participantes; continuar\u00e1 con [&hellip;]<\/p>\n","protected":false},"author":1,"featured_media":33270,"comment_status":"closed","ping_status":"closed","sticky":false,"template":"","format":"standard","meta":{"footnotes":""},"categories":[2],"tags":[136],"class_list":["post-33264","post","type-post","status-publish","format-standard","has-post-thumbnail","hentry","category-culturales","tag-destacados"],"_links":{"self":[{"href":"http:\/\/informateesquina.com\/index.php?rest_route=\/wp\/v2\/posts\/33264","targetHints":{"allow":["GET"]}}],"collection":[{"href":"http:\/\/informateesquina.com\/index.php?rest_route=\/wp\/v2\/posts"}],"about":[{"href":"http:\/\/informateesquina.com\/index.php?rest_route=\/wp\/v2\/types\/post"}],"author":[{"embeddable":true,"href":"http:\/\/informateesquina.com\/index.php?rest_route=\/wp\/v2\/users\/1"}],"replies":[{"embeddable":true,"href":"http:\/\/informateesquina.com\/index.php?rest_route=%2Fwp%2Fv2%2Fcomments&post=33264"}],"version-history":[{"count":0,"href":"http:\/\/informateesquina.com\/index.php?rest_route=\/wp\/v2\/posts\/33264\/revisions"}],"wp:featuredmedia":[{"embeddable":true,"href":"http:\/\/informateesquina.com\/index.php?rest_route=\/"}],"wp:attachment":[{"href":"http:\/\/informateesquina.com\/index.php?rest_route=%2Fwp%2Fv2%2Fmedia&parent=33264"}],"wp:term":[{"taxonomy":"category","embeddable":true,"href":"http:\/\/informateesquina.com\/index.php?rest_route=%2Fwp%2Fv2%2Fcategories&post=33264"},{"taxonomy":"post_tag","embeddable":true,"href":"http:\/\/informateesquina.com\/index.php?rest_route=%2Fwp%2Fv2%2Ftags&post=33264"}],"curies":[{"name":"wp","href":"https:\/\/api.w.org\/{rel}","templated":true}]}}