{"id":33265,"date":"2019-11-06T11:28:35","date_gmt":"2019-11-06T14:28:35","guid":{"rendered":"https:\/\/informateesquina.com\/?p=33265"},"modified":"2019-11-06T11:28:35","modified_gmt":"2019-11-06T14:28:35","slug":"capital-familia-huyo-de-su-casa-tras-ser-atacados-por-vecinos","status":"publish","type":"post","link":"http:\/\/informateesquina.com\/?p=33265","title":{"rendered":"Capital: familia huy\u00f3 de su casa tras ser atacados por vecinos"},"content":{"rendered":"<p style=\"padding-left: 40px;\">En di\u00e1logo con Radio Sudamericana Araceli y Mat\u00edas, una joven pareja con una hija de 5 a\u00f1os contaron que ayer fueron agredidos por un grupo de vecinos. El matrimonio cont\u00f3 \u201crobaron un caballo y pasaron por casa, y los Colman y pensaron que nosotros lo hab\u00edamos visto\u201d.<\/p>\n<p><img decoding=\"async\" class=\"img-responsive\" src=\"http:\/\/www.radiosudamericana.com\/notix\/multimedia\/imagenes\/fotos\/2019-11-06\/224444.jpg\" \/><\/p>\n<p>En este sentido Araceli agreg\u00f3 \u201cles dijimos que no vimos nada, no nos creyeron y empezaron a golpearnos a m\u00ed me agarraron \u00a0mientras otros me cortaba el brazo y mi hijo de 5 a\u00f1os en el medio\u201d.<\/p>\n<p><img decoding=\"async\" class=\"img-responsive\" src=\"http:\/\/www.radiosudamericana.com\/notix\/multimedia\/imagenes\/fotos\/2019-11-06\/306705.jpg\" \/><\/p>\n<p>\u201cAnoche tuvimos que salir y dejar nuestras cosas porque los Colman son los due\u00f1os del barrio y ten\u00edamos miedo que vuelva\u201d, manifest\u00f3.<\/p>\n<p><img decoding=\"async\" class=\"img-responsive\" src=\"http:\/\/www.radiosudamericana.com\/notix\/multimedia\/imagenes\/fotos\/2019-11-06\/345127.jpg\" \/><\/p>\n<p>Por su parte Mat\u00edas cont\u00f3 \u201cTuve miedo por mi familia, porque me dijeron te vamos a aprender fuego a vos y a tu familia\u201d.<\/p>\n<p>&nbsp;<\/p>\n<p>Fuente: Radio Sudamericana<img decoding=\"async\" class=\"img-responsive\" src=\"http:\/\/www.radiosudamericana.com\/notix\/multimedia\/imagenes\/fotos\/2019-11-06\/805237.jpg\" \/><\/p>\n","protected":false},"excerpt":{"rendered":"<p>En di\u00e1logo con Radio Sudamericana Araceli y Mat\u00edas, una joven pareja con una hija de 5 a\u00f1os contaron que ayer fueron agredidos por un grupo de vecinos. El matrimonio cont\u00f3 \u201crobaron un caballo y pasaron por casa, y los Colman y pensaron que nosotros lo hab\u00edamos visto\u201d. En este sentido Araceli agreg\u00f3 \u201cles dijimos que [&hellip;]<\/p>\n","protected":false},"author":1,"featured_media":33267,"comment_status":"closed","ping_status":"closed","sticky":false,"template":"","format":"standard","meta":{"footnotes":""},"categories":[8],"tags":[136],"class_list":["post-33265","post","type-post","status-publish","format-standard","has-post-thumbnail","hentry","category-policiales","tag-destacados"],"_links":{"self":[{"href":"http:\/\/informateesquina.com\/index.php?rest_route=\/wp\/v2\/posts\/33265","targetHints":{"allow":["GET"]}}],"collection":[{"href":"http:\/\/informateesquina.com\/index.php?rest_route=\/wp\/v2\/posts"}],"about":[{"href":"http:\/\/informateesquina.com\/index.php?rest_route=\/wp\/v2\/types\/post"}],"author":[{"embeddable":true,"href":"http:\/\/informateesquina.com\/index.php?rest_route=\/wp\/v2\/users\/1"}],"replies":[{"embeddable":true,"href":"http:\/\/informateesquina.com\/index.php?rest_route=%2Fwp%2Fv2%2Fcomments&post=33265"}],"version-history":[{"count":0,"href":"http:\/\/informateesquina.com\/index.php?rest_route=\/wp\/v2\/posts\/33265\/revisions"}],"wp:featuredmedia":[{"embeddable":true,"href":"http:\/\/informateesquina.com\/index.php?rest_route=\/"}],"wp:attachment":[{"href":"http:\/\/informateesquina.com\/index.php?rest_route=%2Fwp%2Fv2%2Fmedia&parent=33265"}],"wp:term":[{"taxonomy":"category","embeddable":true,"href":"http:\/\/informateesquina.com\/index.php?rest_route=%2Fwp%2Fv2%2Fcategories&post=33265"},{"taxonomy":"post_tag","embeddable":true,"href":"http:\/\/informateesquina.com\/index.php?rest_route=%2Fwp%2Fv2%2Ftags&post=33265"}],"curies":[{"name":"wp","href":"https:\/\/api.w.org\/{rel}","templated":true}]}}