{"id":33273,"date":"2019-11-06T16:09:43","date_gmt":"2019-11-06T19:09:43","guid":{"rendered":"https:\/\/informateesquina.com\/?p=33273"},"modified":"2019-11-06T16:09:43","modified_gmt":"2019-11-06T19:09:43","slug":"en-su-primer-mensaje-tras-las-elecciones-la-iglesia-advirtio-sobre-la-pobreza-y-la-corrupcion","status":"publish","type":"post","link":"http:\/\/informateesquina.com\/?p=33273","title":{"rendered":"En su primer mensaje tras las elecciones, la Iglesia advirti\u00f3 sobre la pobreza y la corrupci\u00f3n"},"content":{"rendered":"<p><span class=\"subheadline\">En la apertura de la Asamblea Plenaria de la Conferencia Episcopal Argentina (CEA), los obispos difundieron un documento en clave pol\u00edtica, en donde calificaron como \u201cuna hipoteca\u201d de la sociedad \u201cla desigualdad y la exclusi\u00f3n\u201d<\/span><\/p>\n<div class=\"row pb-content-type-image\">\n<figure class=\"element element-image col-xs-12\">\n<div class=\"single-image\"><img decoding=\"async\" id=\"PE5AR3XR4BA2TDSQCNRIEMWQE4\" class=\"image-lazy\" src=\"https:\/\/www.infobae.com\/new-resizer\/GdN6RrjqRged-CglezW1PsPBKcw=\/750x0\/filters:quality(100)\/arc-anglerfish-arc2-prod-infobae.s3.amazonaws.com\/public\/PE5AR3XR4BA2TDSQCNRIEMWQE4.jpg\" alt=\"Monse\u00f1or Oscar Ojea, presidente de la Comisi\u00f3n Episcopal Argentina\" width=\"750\" height=\"421.875\" data-url=\"https:\/\/www.infobae.com\/politica\/2019\/11\/06\/advertencia-sobre-la-pobreza-y-la-corrupcion-el-mensaje-de-la-iglesia-luego-de-las-elecciones\/%23PE5AR3XR4BA2TDSQCNRIEMWQE4\" data-original=\"https:\/\/www.infobae.com\/new-resizer\/GdN6RrjqRged-CglezW1PsPBKcw=\/750x0\/filters:quality(100)\/arc-anglerfish-arc2-prod-infobae.s3.amazonaws.com\/public\/PE5AR3XR4BA2TDSQCNRIEMWQE4.jpg\" \/><\/div><figcaption class=\"\"><span class=\"credit\">Monse\u00f1or Oscar Ojea, presidente de la Comisi\u00f3n Episcopal Argentina<\/span><\/figcaption><\/figure>\n<\/div>\n<div class=\"row pb-content-type-text\">\n<div class=\"col-xs-12 col-print-12\">\n<p class=\"element element-paragraph\">A trav\u00e9s de un documento titulado \u201c<b>El fortalecimiento de nuestra naci\u00f3n<\/b>\u201d, los obispos reunidos en el acto de apertura de la Asamblea Plenaria de la Conferencia Episcopal Argentina (CEA) manifestaron la necesidad de\u00a0<b>luchar contra la pobreza, la desigualdad, la exclusi\u00f3n y la corrupci\u00f3n.<\/b><\/p>\n<\/div>\n<\/div>\n<div class=\"row pb-content-type-text\">\n<div class=\"col-xs-12 col-print-12\">\n<p class=\"element element-paragraph\">\u201cLa Patria requiere de todos un renovado esfuerzo de di\u00e1logo sincero y b\u00fasqueda de consensos en orden a generar s\u00edntesis superadoras. La grandeza de nuestra dirigencia se manifestar\u00e1 en este intento si sabe incorporar tambi\u00e9n los esfuerzos y las b\u00fasquedas de los m\u00e1s pobres\u201d, afirmaron los obispos en el texto.<\/p>\n<\/div>\n<\/div>\n<div class=\"row pb-content-type-text\">\n<div class=\"col-xs-12 col-print-12\">\n<p class=\"element element-paragraph\">As\u00ed, en este marco, indicaron: \u201cReconociendo la inmensa dignidad de cada persona podemos decir que las mayores hipotecas del pa\u00eds siguen siendo la pobreza, la exclusi\u00f3n y la desigualdad\u201d. Y agregaron: \u201cLa grandeza de nuestra dirigencia se manifestar\u00e1 si sabe incorporar los esfuerzos y las b\u00fasquedas de los m\u00e1s pobres\u201d.<\/p>\n<\/div>\n<\/div>\n<div class=\"row pb-content-type-text\">\n<div class=\"col-xs-12 col-print-12\">\n<p class=\"element element-paragraph\">El obispo y presidente de la CEA,\u00a0<b>Oscar Ojea<\/b>, fue el encargado de abrir un nuevo plenario, que se extender\u00e1 hasta el 9 de noviembre en la ciudad bonaerense de Pilar. Durante el encuentro, adem\u00e1s, se abordar\u00e1n \u201ccriterios para la prevenci\u00f3n de los delitos de abusos sexuales en la Iglesia\u201d.<\/p>\n<\/div>\n<\/div>\n<div class=\"row pb-content-type-image\">\n<div id=\"\" class=\"wrapper clearfix pb-feature pb-layout-item pb-f-ads-dfp left-align\">\n<div id=\"inline\" class=\"ad-slot\"><\/div>\n<\/div>\n<figure class=\"element element-image col-xs-12\">\n<div class=\"single-image\">\n<div class=\"shares\">\n<div class=\"share-button facebook\" data-url=\"https:\/\/www.infobae.com\/politica\/2019\/11\/06\/advertencia-sobre-la-pobreza-y-la-corrupcion-el-mensaje-de-la-iglesia-luego-de-las-elecciones\/%23OF7GG5RSA5H5FFS46YJW6CZWJM\" data-original=\"https:\/\/arc-anglerfish-arc2-prod-infobae.s3.amazonaws.com\/public\/OF7GG5RSA5H5FFS46YJW6CZWJM.jpg\"><\/div>\n<\/div>\n<p><img decoding=\"async\" id=\"OF7GG5RSA5H5FFS46YJW6CZWJM\" class=\"image-lazy\" src=\"https:\/\/www.infobae.com\/new-resizer\/NjgIe60Ejw7coNHWf8T6AzocY_M=\/750x0\/filters:quality(100)\/arc-anglerfish-arc2-prod-infobae.s3.amazonaws.com\/public\/OF7GG5RSA5H5FFS46YJW6CZWJM.jpg\" alt=\"Monse\u00f1or Oscar Vicente Ojea, obispo de San Isidro\" width=\"750\" height=\"421.875\" data-url=\"https:\/\/www.infobae.com\/politica\/2019\/11\/06\/advertencia-sobre-la-pobreza-y-la-corrupcion-el-mensaje-de-la-iglesia-luego-de-las-elecciones\/%23OF7GG5RSA5H5FFS46YJW6CZWJM\" data-original=\"https:\/\/www.infobae.com\/new-resizer\/NjgIe60Ejw7coNHWf8T6AzocY_M=\/750x0\/filters:quality(100)\/arc-anglerfish-arc2-prod-infobae.s3.amazonaws.com\/public\/OF7GG5RSA5H5FFS46YJW6CZWJM.jpg\" \/><\/p>\n<\/div><figcaption class=\"\"><span class=\"credit\">Monse\u00f1or Oscar Vicente Ojea, obispo de San Isidro<\/span><\/figcaption><\/figure>\n<\/div>\n<div class=\"row pb-content-type-text\">\n<div class=\"col-xs-12 col-print-12\">\n<p class=\"element element-paragraph\">Con relaci\u00f3n a la\u00a0<b>corrupci\u00f3n<\/b>, los obispos se\u00f1alaron en el documento: \u201c<mark class=\"hl_yellow\">Es un delito que nos tienta a todos de distintas maneras, y no ser\u00e1 posible un real fortalecimiento de nuestra democracia, sin una opci\u00f3n \u00e9tica en los distintos niveles de la vida social, sin una real divisi\u00f3n de los poderes del Estado y una participaci\u00f3n cotidiana y generosa de cada argentino<\/mark>&#8220;.<\/p>\n<\/div>\n<\/div>\n<div class=\"row pb-content-type-text\">\n<div class=\"col-xs-12 col-print-12\">\n<p class=\"element element-paragraph\">Por \u00faltimo, y para finalizar, afirmaron: \u201cComo ciudadanos responsables estamos llamados a formar un pueblo que, m\u00e1s all\u00e1 de las discrepancias, sostenga referencias estables que conformen un proyecto com\u00fan\u201d.<\/p>\n<\/div>\n<\/div>\n<div class=\"row pb-content-type-text\">\n<div class=\"col-xs-12 col-print-12\">\n<p class=\"element element-paragraph\">Ojea, durante la homil\u00eda, marc\u00f3 la necesidad de que las personas que \u201chan vivido la experiencia del abandono y el rechazo de otros\u201d se encuentren ahora \u2013seg\u00fan la interpretaci\u00f3n del obispo\u2013 con \u201cuna Iglesia lejana a todo inter\u00e9s, preservada de las mezquindades habituales que se dan en las relaciones sociales\u201d.<\/p>\n<\/div>\n<\/div>\n<div class=\"row pb-content-type-text\">\n<div class=\"col-xs-12 col-print-12\">\n<p class=\"element element-paragraph\">Por otra parte, los obispos no tienen previsto mantener en estos d\u00edas un encuentro con el presidente electo, Alberto Fern\u00e1ndez, sino que esperar\u00e1n a la asunci\u00f3n de las nuevas autoridades el pr\u00f3ximo 10 de diciembre, dijeron fuentes episcopales y seg\u00fan consign\u00f3 T\u00e9lam.<\/p>\n<\/div>\n<\/div>\n<div class=\"row pb-content-type-text\">\n<div class=\"col-xs-12 col-print-12\">\n<p class=\"element element-paragraph\">El pasado 20 de agosto,\u00a0durante la campa\u00f1a electoral,\u00a0Fern\u00e1ndez se reuni\u00f3 con la c\u00fapula de la Iglesia en la sede del barrio de Retiro, donde se analiz\u00f3 la \u201cdelicada situaci\u00f3n socioecon\u00f3mica que afecta a los argentinos\u201d, una cita en la que se hizo hincapi\u00e9 en priorizar el di\u00e1logo entre los sectores pol\u00edticos.<\/p>\n<\/div>\n<\/div>\n<div class=\"row pb-content-type-text\">\n<div class=\"col-xs-12 col-print-12\">\n<p class=\"element element-paragraph\">D\u00edas despu\u00e9s, el presidente Mauricio Macri tambi\u00e9n recibi\u00f3 a autoridades eclesi\u00e1sticas con las que coincidi\u00f3 en trabajar en conjunto para \u201ccontener a la gente que m\u00e1s lo necesita\u201d, especialmente en materia alimentaria, se explic\u00f3 en esa ocasi\u00f3n.<\/p>\n<\/div>\n<\/div>\n","protected":false},"excerpt":{"rendered":"<p>En la apertura de la Asamblea Plenaria de la Conferencia Episcopal Argentina (CEA), los obispos difundieron un documento en clave pol\u00edtica, en donde calificaron como \u201cuna hipoteca\u201d de la sociedad \u201cla desigualdad y la exclusi\u00f3n\u201d Monse\u00f1or Oscar Ojea, presidente de la Comisi\u00f3n Episcopal Argentina A trav\u00e9s de un documento titulado \u201cEl fortalecimiento de nuestra naci\u00f3n\u201d, [&hellip;]<\/p>\n","protected":false},"author":1,"featured_media":33275,"comment_status":"closed","ping_status":"closed","sticky":false,"template":"","format":"standard","meta":{"footnotes":""},"categories":[7],"tags":[136,214,240,265],"class_list":["post-33273","post","type-post","status-publish","format-standard","has-post-thumbnail","hentry","category-nacionales","tag-destacados","tag-iglesia-catolica","tag-la-iglesia-habla-de-la-pobreza","tag-mensaje-de-la-iglesia"],"_links":{"self":[{"href":"http:\/\/informateesquina.com\/index.php?rest_route=\/wp\/v2\/posts\/33273","targetHints":{"allow":["GET"]}}],"collection":[{"href":"http:\/\/informateesquina.com\/index.php?rest_route=\/wp\/v2\/posts"}],"about":[{"href":"http:\/\/informateesquina.com\/index.php?rest_route=\/wp\/v2\/types\/post"}],"author":[{"embeddable":true,"href":"http:\/\/informateesquina.com\/index.php?rest_route=\/wp\/v2\/users\/1"}],"replies":[{"embeddable":true,"href":"http:\/\/informateesquina.com\/index.php?rest_route=%2Fwp%2Fv2%2Fcomments&post=33273"}],"version-history":[{"count":0,"href":"http:\/\/informateesquina.com\/index.php?rest_route=\/wp\/v2\/posts\/33273\/revisions"}],"wp:featuredmedia":[{"embeddable":true,"href":"http:\/\/informateesquina.com\/index.php?rest_route=\/"}],"wp:attachment":[{"href":"http:\/\/informateesquina.com\/index.php?rest_route=%2Fwp%2Fv2%2Fmedia&parent=33273"}],"wp:term":[{"taxonomy":"category","embeddable":true,"href":"http:\/\/informateesquina.com\/index.php?rest_route=%2Fwp%2Fv2%2Fcategories&post=33273"},{"taxonomy":"post_tag","embeddable":true,"href":"http:\/\/informateesquina.com\/index.php?rest_route=%2Fwp%2Fv2%2Ftags&post=33273"}],"curies":[{"name":"wp","href":"https:\/\/api.w.org\/{rel}","templated":true}]}}