{"id":33278,"date":"2019-11-06T16:15:06","date_gmt":"2019-11-06T19:15:06","guid":{"rendered":"https:\/\/informateesquina.com\/?p=33278"},"modified":"2019-11-06T16:15:06","modified_gmt":"2019-11-06T19:15:06","slug":"condenan-a-9-anos-de-carcel-a-panadero-por-practicarle-sexo-oral-a-su-hija","status":"publish","type":"post","link":"http:\/\/informateesquina.com\/?p=33278","title":{"rendered":"Condenan a 9 a\u00f1os de c\u00e1rcel a panadero por practicarle sexo oral a su hija"},"content":{"rendered":"<div class=\"title-top\">\n<div class=\"inner-container\">\n<h6 class=\"title-font font-700\">La v\u00edctima menor de edad relat\u00f3 que su padre abusaba de ella cuando su madre dorm\u00eda. El aberrante hecho tuvo lugar en la localidad de La Banda, Santiago del Estero.<\/h6>\n<\/div>\n<\/div>\n<div class=\"inner-container clearfix\">\n<div class=\"nota-body-container nota-970\">\n<div class=\"title\">\n<p>La Justicia de\u00a0Santiago del Estero\u00a0conden\u00f3 a 9 a\u00f1os de prisi\u00f3n a un panadero por abuso sexual de su hija de cinco\u00a0a\u00f1os en la localidad de La Banda, a 7 kil\u00f3metros de la capital santiague\u00f1a.<\/p>\n<p>Voceros judiciales informaron que el hombre de 36 a\u00f1os, cuya identidad y la de la v\u00edctima se mantienen bajo reserva por cuestiones legales, fue condenado por la jueza de Control y Garant\u00edas de La Banda,\u00a0<strong>Roxana Menini.<\/strong><\/p>\n<p>Durante un juicio abreviado, realizado en el Juzgado de La Banda, la fiscal\u00a0<strong>Alicia Falcione<\/strong>, present\u00f3 numerosas pruebas, incluida una C\u00e1mara Gesell en la que la menor de edad cont\u00f3 que su padre le practic\u00f3 sexo oral en horas de la noche cuando su madre dorm\u00eda.<\/p>\n<p>Las investigaciones se iniciaron en diciembre del a\u00f1o pasado, cuando la madre de la ni\u00f1a denunci\u00f3 el abuso en la Comisar\u00eda del\u00a0Menor\u00a0y la Mujer de La Banda.<\/p>\n<p>Durante la instrucci\u00f3n judicial, el imputado asegur\u00f3<em>\u00a0&#8220;no recordar nada, por encontrarse alcoholizado&#8221;\u00a0<\/em>y durante el juicio, antes de conocerse el veredicto, pidi\u00f3 perd\u00f3n y se\u00f1al\u00f3\u00a0<em>&#8220;Dios ya me ha perdonado&#8221;.<\/em><\/p>\n<p>Tras el fallo, el hombre fue trasladado al Penal de Varones de\u00a0Santiago del Estero\u00a0para el cumplimiento efectivo de la condena.<\/p>\n<\/div>\n<\/div>\n<\/div>\n","protected":false},"excerpt":{"rendered":"<p>La v\u00edctima menor de edad relat\u00f3 que su padre abusaba de ella cuando su madre dorm\u00eda. El aberrante hecho tuvo lugar en la localidad de La Banda, Santiago del Estero. La Justicia de\u00a0Santiago del Estero\u00a0conden\u00f3 a 9 a\u00f1os de prisi\u00f3n a un panadero por abuso sexual de su hija de cinco\u00a0a\u00f1os en la localidad de [&hellip;]<\/p>\n","protected":false},"author":1,"featured_media":33279,"comment_status":"closed","ping_status":"closed","sticky":false,"template":"","format":"standard","meta":{"footnotes":""},"categories":[8],"tags":[],"class_list":["post-33278","post","type-post","status-publish","format-standard","has-post-thumbnail","hentry","category-policiales"],"_links":{"self":[{"href":"http:\/\/informateesquina.com\/index.php?rest_route=\/wp\/v2\/posts\/33278","targetHints":{"allow":["GET"]}}],"collection":[{"href":"http:\/\/informateesquina.com\/index.php?rest_route=\/wp\/v2\/posts"}],"about":[{"href":"http:\/\/informateesquina.com\/index.php?rest_route=\/wp\/v2\/types\/post"}],"author":[{"embeddable":true,"href":"http:\/\/informateesquina.com\/index.php?rest_route=\/wp\/v2\/users\/1"}],"replies":[{"embeddable":true,"href":"http:\/\/informateesquina.com\/index.php?rest_route=%2Fwp%2Fv2%2Fcomments&post=33278"}],"version-history":[{"count":0,"href":"http:\/\/informateesquina.com\/index.php?rest_route=\/wp\/v2\/posts\/33278\/revisions"}],"wp:featuredmedia":[{"embeddable":true,"href":"http:\/\/informateesquina.com\/index.php?rest_route=\/"}],"wp:attachment":[{"href":"http:\/\/informateesquina.com\/index.php?rest_route=%2Fwp%2Fv2%2Fmedia&parent=33278"}],"wp:term":[{"taxonomy":"category","embeddable":true,"href":"http:\/\/informateesquina.com\/index.php?rest_route=%2Fwp%2Fv2%2Fcategories&post=33278"},{"taxonomy":"post_tag","embeddable":true,"href":"http:\/\/informateesquina.com\/index.php?rest_route=%2Fwp%2Fv2%2Ftags&post=33278"}],"curies":[{"name":"wp","href":"https:\/\/api.w.org\/{rel}","templated":true}]}}