{"id":33281,"date":"2019-11-06T16:20:08","date_gmt":"2019-11-06T19:20:08","guid":{"rendered":"https:\/\/informateesquina.com\/?p=33281"},"modified":"2019-11-06T16:20:08","modified_gmt":"2019-11-06T19:20:08","slug":"carlos-tevez-sufrio-un-desgarro-que-podria-marginarlo-hasta-el-final-del-torneo-jugo-su-ultimo-partido-en-boca","status":"publish","type":"post","link":"http:\/\/informateesquina.com\/?p=33281","title":{"rendered":"Carlos Tevez sufri\u00f3 un desgarro que podr\u00eda marginarlo hasta el final del torneo: \u00bfjug\u00f3 su \u00faltimo partido en Boca?"},"content":{"rendered":"<p><span class=\"subheadline\">Despu\u00e9s de ser una de las figuras del triunfo ante Arsenal por 5-1, el n\u00famero 10 del Xeneize deber\u00e1 esperar las elecciones en el club para ver si contin\u00faa o no.\u00a0<\/span><\/p>\n<div class=\"row pb-content-type-text\">\n<div class=\"col-xs-12 col-print-12\">\n<p class=\"element element-paragraph\">De un gol de fantas\u00eda y\u00a0recibir el apoyo\u00a0de toda la\u00a0<i>Bombonera\u00a0<\/i>para su continuidad, a sufrir una\u00a0<b>lesi\u00f3n<\/b>\u00a0que podr\u00eda\u00a0<b>dejarlo afuera<\/b>\u00a0de lo que queda de la Superliga del 2019: \u00bfLa despedida de\u00a0<b>Carlos Tevez<\/b>\u00a0como futbolista de Boca fue en el\u00a05-1 frente a Arsenal\u00a0de la \u00faltima fecha?<\/p>\n<\/div>\n<\/div>\n<div class=\"row pb-content-type-text\">\n<div class=\"col-xs-12 col-print-12\">\n<p class=\"element element-paragraph\">A la espera del parte m\u00e9dico oficial de Boca,\u00a0<b>el capit\u00e1n\u00a0<\/b>tiene un\u00a0<b>desgarro en la inserci\u00f3n distal del aductor<\/b>\u00a0que le impedir\u00eda jugar los pr\u00f3ximos partidos que tendr\u00e1 el equipo que dirige Gustavo Alfaro. El problema en su pierna izquierda lo\u00a0<b>dejar\u00e1 inexorablemente afuera del choque ante V\u00e9lez<\/b>\u00a0del pr\u00f3ximo domingo en el\u00a0<i>Jos\u00e9 Amalfitani<\/i>.<\/p>\n<\/div>\n<\/div>\n<div class=\"row pb-content-type-text\">\n<div class=\"col-xs-12 col-print-12\">\n<p class=\"element element-paragraph\">El camino entre su evoluci\u00f3n f\u00edsica y la ajetreada agenda de Boca en este a\u00f1o decidir\u00e1 c\u00f3mo ser\u00e1 su final de temporada en la instituci\u00f3n; que tambi\u00e9n podr\u00eda ser su cierre como futbolista de la entidad. Luego de la Fecha FIFA, Boca recibir\u00e1 en su estadio a\u00a0<b>Uni\u00f3n\u00a0<\/b>(26\/11) y\u00a0<b>Argentinos Juniors<\/b>\u00a0(30\/11), a priori dos partidos que aspira a alcanzar Carlitos.<\/p>\n<\/div>\n<\/div>\n<div class=\"row pb-content-type-text\">\n<div class=\"col-xs-12 col-print-12\">\n<p class=\"element element-paragraph\">\u00bfLa \u00faltima oportunidad? El 7 de diciembre contra\u00a0<b>Rosario Central<\/b>\u00a0en el\u00a0<i>Gigante de Arroyito<\/i>.<\/p>\n<\/div>\n<\/div>\n<div class=\"row pb-content-type-text\">\n<div id=\"\" class=\"wrapper clearfix pb-feature pb-layout-item pb-f-ads-dfp left-align\">\n<div id=\"inline\" class=\"ad-slot\"><\/div>\n<\/div>\n<div class=\"col-xs-12 col-print-12\">\n<p class=\"element element-paragraph\">Al d\u00eda siguiente, en Boca se celebrar\u00e1n las\u00a0<b>elecciones presidenciales<\/b>\u00a0que ser\u00e1n claves para conocer el cuadro de situaci\u00f3n del atacante de 35 a\u00f1os. En el actual escenario, la\u00a0<b>continuidad de Tevez parece cada vez m\u00e1s compleja<\/b>\u00a0y \u00e9l ya dio se\u00f1ales de comprender esa posibilidad. \u201cObvio que quiero seguir, me muero por vestir esta camiseta, pero\u00a0<b>ya no queda en m\u00ed<\/b>,\u00a0<b>son cuestiones del club, cuestiones pol\u00edticas, y las respeto<\/b>. No queda en m\u00ed\u201d,\u00a0declar\u00f3\u00a0luego de brillar contra el combinado de Sarand\u00ed.<\/p>\n<\/div>\n<\/div>\n<div class=\"row pb-content-type-image\">\n<figure class=\"element element-image col-xs-12\">\n<div class=\"single-image\">\n<div class=\"shares\">\n<div class=\"share-button facebook\" data-url=\"https:\/\/www.infobae.com\/deportes\/2019\/11\/06\/carlos-tevez-sufrio-un-desgarro-que-podria-marginarlo-hasta-el-final-del-torneo-jugo-su-ultimo-partido-en-boca\/%23D4KLGPXXN5CHPOQMA62UD5GDWU\" data-original=\"https:\/\/arc-anglerfish-arc2-prod-infobae.s3.amazonaws.com\/public\/D4KLGPXXN5CHPOQMA62UD5GDWU.jpg\"><\/div>\n<\/div>\n<p><img decoding=\"async\" id=\"D4KLGPXXN5CHPOQMA62UD5GDWU\" class=\"image-lazy\" src=\"https:\/\/www.infobae.com\/new-resizer\/f1Kcz9M4d_lAGHUB4AolrT9Lt-Y=\/750x0\/filters:quality(100)\/arc-anglerfish-arc2-prod-infobae.s3.amazonaws.com\/public\/D4KLGPXXN5CHPOQMA62UD5GDWU.jpg\" alt=\"Tevez estuvo en el Fuerte Apache\" width=\"750\" height=\"562.5\" data-url=\"https:\/\/www.infobae.com\/deportes\/2019\/11\/06\/carlos-tevez-sufrio-un-desgarro-que-podria-marginarlo-hasta-el-final-del-torneo-jugo-su-ultimo-partido-en-boca\/%23D4KLGPXXN5CHPOQMA62UD5GDWU\" data-original=\"https:\/\/www.infobae.com\/new-resizer\/f1Kcz9M4d_lAGHUB4AolrT9Lt-Y=\/750x0\/filters:quality(100)\/arc-anglerfish-arc2-prod-infobae.s3.amazonaws.com\/public\/D4KLGPXXN5CHPOQMA62UD5GDWU.jpg\" \/><\/div><figcaption class=\"\"><span class=\"credit\">Tevez estuvo en el Fuerte Apache<\/span><\/figcaption><\/figure>\n<\/div>\n<div class=\"row pb-content-type-text\">\n<div class=\"col-xs-12 col-print-12\">\n<p class=\"element element-paragraph\">Sin embargo, la noticia de su lesi\u00f3n despert\u00f3 distintas suspicacias por la visita que realiz\u00f3 a Fuerte Apache. El delantero estuvo en su barrio de toda la vida, reparti\u00f3\u00a0<b>camisetas\u00a0<\/b>y se\u00a0<b>fotografi\u00f3\u00a0<\/b>con distintas personas, incluido el reconocido\u00a0<b>rapero Ecko<\/b>. Si bien algunos se animaron a sospechar que la lesi\u00f3n se podr\u00eda haber generado en su visita al Fuerte, seg\u00fan pudo averiguar este medio Tevez termin\u00f3 con\u00a0<b>molestias en la presentaci\u00f3n contra el combinado del\u00a0<\/b><i><b>Viaducto\u00a0<\/b><\/i>por el campeonato local.<\/p>\n<\/div>\n<\/div>\n<div class=\"row pb-content-type-image\">\n<figure class=\"element element-image col-xs-12\">\n<div class=\"single-image\">\n<div class=\"shares\">\n<div class=\"share-button facebook\" data-url=\"https:\/\/www.infobae.com\/deportes\/2019\/11\/06\/carlos-tevez-sufrio-un-desgarro-que-podria-marginarlo-hasta-el-final-del-torneo-jugo-su-ultimo-partido-en-boca\/%23VLF2N4R4RFFXDKNYPYHTX4UGJA\" data-original=\"https:\/\/arc-anglerfish-arc2-prod-infobae.s3.amazonaws.com\/public\/VLF2N4R4RFFXDKNYPYHTX4UGJA.jpg\"><\/div>\n<\/div>\n<p><img decoding=\"async\" id=\"VLF2N4R4RFFXDKNYPYHTX4UGJA\" class=\"image-lazy\" src=\"https:\/\/www.infobae.com\/new-resizer\/7ZcvnpkJFDfM51o5u9okcu2wzjI=\/750x0\/filters:quality(100)\/arc-anglerfish-arc2-prod-infobae.s3.amazonaws.com\/public\/VLF2N4R4RFFXDKNYPYHTX4UGJA.jpg\" alt=\"Tevez tambi\u00e9n estuvo con el rapero Ecko (Foto: Instagram ECKO)\" width=\"750\" height=\"421.875\" data-url=\"https:\/\/www.infobae.com\/deportes\/2019\/11\/06\/carlos-tevez-sufrio-un-desgarro-que-podria-marginarlo-hasta-el-final-del-torneo-jugo-su-ultimo-partido-en-boca\/%23VLF2N4R4RFFXDKNYPYHTX4UGJA\" data-original=\"https:\/\/www.infobae.com\/new-resizer\/7ZcvnpkJFDfM51o5u9okcu2wzjI=\/750x0\/filters:quality(100)\/arc-anglerfish-arc2-prod-infobae.s3.amazonaws.com\/public\/VLF2N4R4RFFXDKNYPYHTX4UGJA.jpg\" \/><\/div><figcaption class=\"\"><span class=\"credit\">Tevez tambi\u00e9n estuvo con el rapero Ecko (Foto: Instagram ECKO)<\/span><\/figcaption><\/figure>\n<\/div>\n","protected":false},"excerpt":{"rendered":"<p>Despu\u00e9s de ser una de las figuras del triunfo ante Arsenal por 5-1, el n\u00famero 10 del Xeneize deber\u00e1 esperar las elecciones en el club para ver si contin\u00faa o no.\u00a0 De un gol de fantas\u00eda y\u00a0recibir el apoyo\u00a0de toda la\u00a0Bombonera\u00a0para su continuidad, a sufrir una\u00a0lesi\u00f3n\u00a0que podr\u00eda\u00a0dejarlo afuera\u00a0de lo que queda de la Superliga del [&hellip;]<\/p>\n","protected":false},"author":1,"featured_media":33282,"comment_status":"closed","ping_status":"closed","sticky":false,"template":"","format":"standard","meta":{"footnotes":""},"categories":[3],"tags":[75,136],"class_list":["post-33281","post","type-post","status-publish","format-standard","has-post-thumbnail","hentry","category-deportes","tag-carlos-tevez","tag-destacados"],"_links":{"self":[{"href":"http:\/\/informateesquina.com\/index.php?rest_route=\/wp\/v2\/posts\/33281","targetHints":{"allow":["GET"]}}],"collection":[{"href":"http:\/\/informateesquina.com\/index.php?rest_route=\/wp\/v2\/posts"}],"about":[{"href":"http:\/\/informateesquina.com\/index.php?rest_route=\/wp\/v2\/types\/post"}],"author":[{"embeddable":true,"href":"http:\/\/informateesquina.com\/index.php?rest_route=\/wp\/v2\/users\/1"}],"replies":[{"embeddable":true,"href":"http:\/\/informateesquina.com\/index.php?rest_route=%2Fwp%2Fv2%2Fcomments&post=33281"}],"version-history":[{"count":0,"href":"http:\/\/informateesquina.com\/index.php?rest_route=\/wp\/v2\/posts\/33281\/revisions"}],"wp:featuredmedia":[{"embeddable":true,"href":"http:\/\/informateesquina.com\/index.php?rest_route=\/"}],"wp:attachment":[{"href":"http:\/\/informateesquina.com\/index.php?rest_route=%2Fwp%2Fv2%2Fmedia&parent=33281"}],"wp:term":[{"taxonomy":"category","embeddable":true,"href":"http:\/\/informateesquina.com\/index.php?rest_route=%2Fwp%2Fv2%2Fcategories&post=33281"},{"taxonomy":"post_tag","embeddable":true,"href":"http:\/\/informateesquina.com\/index.php?rest_route=%2Fwp%2Fv2%2Ftags&post=33281"}],"curies":[{"name":"wp","href":"https:\/\/api.w.org\/{rel}","templated":true}]}}