{"id":33284,"date":"2019-11-06T16:25:13","date_gmt":"2019-11-06T19:25:13","guid":{"rendered":"https:\/\/informateesquina.com\/?p=33284"},"modified":"2019-11-06T16:25:13","modified_gmt":"2019-11-06T19:25:13","slug":"denunciaba-feminicidios-y-termino-asesinada-por-su-expareja","status":"publish","type":"post","link":"http:\/\/informateesquina.com\/?p=33284","title":{"rendered":"Denunciaba feminicidios y termin\u00f3 asesinada por su expareja"},"content":{"rendered":"<div class=\"title\">\n<p>La costarricense ten\u00eda 19 a\u00f1os,\u00a0era mam\u00e1 de un nene de 3 y fue asesinada de un disparo por su ex pareja cuando la v\u00edctima se neg\u00f3 a retomar la relaci\u00f3n.\u00a0<strong><em>Detalles conmocionantes<\/em><\/strong>.<\/p>\n<\/div>\n<div class=\"nota-media-container\">\n<figure class=\"swiper-container swiper-principal swiper-container-horizontal\" data-notafotogaleria=\"1\" data-notafotogaleriathumbnails=\"si\" data-notafotogaleriafullscreen=\"si\">\n<div class=\"swiper-wrapper\">\n<p>El femicidio de\u00a0<strong>Eva Morera Ulloa<\/strong>, de 19 a\u00f1os, caus\u00f3 un profundo dolor e indignaci\u00f3n en\u00a0Costa Rica. Asesinada de un disparo por la espalda por su ex pareja y padre de su hijito de 3 a\u00f1os, la historia de la joven recorri\u00f3 toda Latinoam\u00e9rica\u00a0por tratarse de una militante contra la violencia de g\u00e9nero. &#8220;<em>Desear\u00eda encontrar una soluci\u00f3n para que esta ola de femicidios acabe&#8221;<\/em>, hab\u00eda manifestado\u00a0la joven en uno de sus descargos en Facebook.<\/p>\n<p>En la tarde del pasado viernes, las autoridades hallaron el cuerpo de Eva en una vivienda de la calle La Matilde, en la ciudad\u00a0costarricense\u00a0Barva de Heredia,\u00a0donde viven los padres de su ex pareja,<strong>Steban Garita Oviedo<\/strong>, de 24 a\u00f1os, quien hab\u00eda salido el \u00faltimo mayo de la c\u00e1rcel por libertad condicional.<\/p>\n<p>La joven hab\u00eda ido con el hijo de ambos, de 3\u00a0a\u00f1os, y en un momento, la pareja comenz\u00f3 a discutir, por lo que Garita Oviedo tom\u00f3 una pistola y le dispar\u00f3 a Eva por la espalda, delante del menor y de otra nena de 5 a\u00f1os, hija \u00fanicamente del agresor.\u00a0La madre del asesino\u00a0escuch\u00f3 el tiro y llam\u00f3 a la polic\u00eda y a emergencias pero no pudieron salvarle la vida a la chica.<\/p>\n<div>\n<figure class=\"image\"><img decoding=\"async\" title=\"\" src=\"https:\/\/www.cronica.com.ar\/export\/sites\/cronica\/img\/2019\/11\/06\/60990479_10217102011035733_7601341503960514560_n_crop1573041983140.jpg_861868219.jpg\" alt=\"\" hspace=\"5\" vspace=\"5\" data-height=\"760\" data-size=\"w:612,h:760\" data-width=\"612\" \/><\/figure>\n<\/div>\n<p>&nbsp;<\/p>\n<p>Seg\u00fan relataron los familiares de la v\u00edctima, ella intent\u00f3 alejarse en reiteradas oportunidades de Garita Oviedo pero volv\u00edan a coincidir. Detallaron que Eva hab\u00eda solicitado medidas de protecci\u00f3n en el Juzgado de Familia contra su ex pareja, unos 15 d\u00edas antes del crimen, pero a\u00fan as\u00ed la chica decidi\u00f3 ir hasta su casa ese viernes por razones que a\u00fan son investigadas.<\/p>\n<div id=\"lx_640020\" class=\"__lxG__multi __lxG__multi_lx_640020\" data-cnt=\"2\">\n<div id=\"dfp_spec_lx_640020_2\" data-google-query-id=\"COas74Wn1uUCFYRjwQodEgIChg\">\n<div id=\"google_ads_iframe_\/45470634\/clickio_area_640020_728x90_1__container__\"><\/div>\n<\/div>\n<\/div>\n<p>Oviedo Garita, en tanto, fue detenido el 23 de noviembre de 2015, por dedicarse a la venta de drogas en la zona c\u00e9ntrica de Barva de Heredia. El pasado 30 de mayo qued\u00f3 en libertad condicional por haber cumplido la mitad de la pena. La polic\u00eda volvi\u00f3 a detenerlo\u00a0pero esta vez cuando sal\u00eda de su casa, minutos despu\u00e9s de dispararle a Eva.<\/p>\n<div>\n<figure class=\"image\"><img decoding=\"async\" title=\"\" src=\"https:\/\/www.cronica.com.ar\/export\/sites\/cronica\/img\/2019\/11\/06\/45096524_10215665991456141_830893111679909888_n_crop1573042025529.jpg_719080305.jpg\" alt=\"\" hspace=\"5\" vspace=\"5\" data-height=\"957\" data-size=\"w:757,h:957\" data-width=\"757\" \/><\/figure>\n<\/div>\n<p><b><u>Morera, entre\u00a0pedidos de ayuda y posteos contra la violencia<\/u><\/b><\/p>\n<div id=\"lx_640020\" class=\"__lxG__multi __lxG__multi_lx_640020\" data-cnt=\"3\">\n<div id=\"dfp_spec_lx_640020_3\" data-google-query-id=\"CJmO-4Wn1uUCFQJ0wQodLsoJFw\">\n<div id=\"google_ads_iframe_\/45470634\/clickio_area_640020_728x90_2__container__\"><\/div>\n<\/div>\n<\/div>\n<p>Eva era estudiante de Trabajo Social en la Universidad Latina desde 2008. Recib\u00eda ayuda del Instituto Nacional de las Mujeres (INAMU) de\u00a0Costa Rica\u00a0con asesoramiento jur\u00eddico para dictarle medidas cautelares a otra pareja, con quien tuvo una relaci\u00f3n en la que peligr\u00f3 su vida.<\/p>\n<p>Esto fue confirmado por\u00a0<strong>Patricia Mora<\/strong>, ministra de Condici\u00f3n de la Mujer, quien detall\u00f3 que acompa\u00f1aron a la joven durante un a\u00f1o y medio con atenci\u00f3n psicol\u00f3gica\u00a0por parte de la Municipalidad de Heredia.<\/p>\n<p><strong>Pablo Fallas<\/strong>, un estudiante de Derecho, inform\u00f3 que Eva le hab\u00eda pedido ayuda unos 9 d\u00edas antes de su asesinato para esclarecer cuestiones sobre violencia dom\u00e9stica de acuerdo a la Ley contra la Violencia de la Mujer que rige en ese pa\u00eds.<em>\u00a0&#8220;Eva se estaba informando por su situaci\u00f3n personal. Buscaba una forma que pudiera hacerlo de manera sencilla&#8221;<\/em>, explic\u00f3 en una publicaci\u00f3n en sus redes sociales.<\/p>\n<p><em>&#8220;Y claro, yo sin conocerla tanto, intent\u00e9 asistirla de la mejor forma que consider\u00e9 posible: indicarl\u00e9 donde pod\u00eda acceder a esas leyes. Pero hoy veo mi respuesta y siento que no fue suficiente. El &#8216;de haber sabido&#8217; que ya no sirve en este momento, es desconsolador. El querer decirle algo m\u00e1s. Hacerle saber que si por cualquier cosa necesitaba algo m\u00e1s pod\u00eda avisar en cualquier momento&#8221;,<\/em>lament\u00f3 Fallas.<\/p>\n<div>\n<figure class=\"image\"><img decoding=\"async\" title=\"\" src=\"https:\/\/www.cronica.com.ar\/export\/sites\/cronica\/img\/2019\/11\/06\/eva_morera_1.jpg_1863934193.jpg\" alt=\"\" hspace=\"5\" vspace=\"5\" data-height=\"717\" data-size=\"w:720,h:717\" data-width=\"720\" \/><\/figure>\n<\/div>\n<p>&nbsp;<\/p>\n<p>La chica, por su parte, era muy activa en sus redes sociales, sobre todo en Facebook, en que publicaba mensajes de visibilizaci\u00f3n sobre los femicidios\u00a0y militaba contra la violencia junto a su hijito, con quien sacaron una foto en que dec\u00eda\u00a0<em>&#8220;en mi familia no cabe el odio&#8221;<\/em>.<\/p>\n<div>\n<figure class=\"image\"><img decoding=\"async\" title=\"\" src=\"https:\/\/www.cronica.com.ar\/export\/sites\/cronica\/img\/2019\/11\/06\/eva_morera2_1.jpg_47754277.jpg\" alt=\"\" hspace=\"5\" vspace=\"5\" data-height=\"960\" data-size=\"w:720,h:960\" data-width=\"720\" \/><\/figure>\n<\/div>\n<p>&nbsp;<\/p>\n<p><em>&#8220;Ian y yo somos un modelo de familia no convencional; he intentado educarlo con mucho amor y valores para que logre comprender que todos somos personas diferentes; y aunque seamos diferentes, tenemos que respetarnos, apoyarnos y ayudarnos&#8221;<\/em>, escribi\u00f3 junto a la foto.<\/p>\n<div>\n<figure class=\"image\"><img decoding=\"async\" title=\"\" src=\"https:\/\/www.cronica.com.ar\/export\/sites\/cronica\/img\/2019\/11\/06\/eiznfifwwaen_p4.jpg_606179950.jpg\" alt=\"\" hspace=\"5\" vspace=\"5\" data-height=\"548\" data-size=\"w:957,h:705\" data-width=\"745\" \/><\/figure>\n<\/div>\n<p>&nbsp;<\/p>\n<p>En otro posteo, Eva hab\u00eda publicado que estuvo pensando en la ola de femicidios que ocurrieron el a\u00f1o pasado.\u00a0<em>&#8220;Desear\u00eda encontrar una soluci\u00f3n para que esta ola de femicidios acabe&#8221;<\/em>, manifest\u00f3 la chica al tiempo que pidi\u00f3\u00a0<em>&#8220;si saben de una mujer que est\u00e1 sufriendo alg\u00fan tipo de agresi\u00f3n, ayudenla a salir de ese infierno; deje de ser un c\u00f3mplice&#8221;<\/em>.<\/p>\n<div>\n<figure class=\"image\"><img decoding=\"async\" title=\"\" src=\"https:\/\/www.cronica.com.ar\/export\/sites\/cronica\/img\/2019\/11\/06\/eizneh5wkae2njt.jpg_2036350774.jpg\" alt=\"\" hspace=\"5\" vspace=\"5\" data-height=\"1350\" data-size=\"w:1080,h:1958\" data-width=\"745\" \/><\/figure>\n<\/div>\n<\/div>\n<\/figure>\n<\/div>\n","protected":false},"excerpt":{"rendered":"<p>La costarricense ten\u00eda 19 a\u00f1os,\u00a0era mam\u00e1 de un nene de 3 y fue asesinada de un disparo por su ex pareja cuando la v\u00edctima se neg\u00f3 a retomar la relaci\u00f3n.\u00a0Detalles conmocionantes. El femicidio de\u00a0Eva Morera Ulloa, de 19 a\u00f1os, caus\u00f3 un profundo dolor e indignaci\u00f3n en\u00a0Costa Rica. Asesinada de un disparo por la espalda por [&hellip;]<\/p>\n","protected":false},"author":1,"featured_media":33285,"comment_status":"closed","ping_status":"closed","sticky":false,"template":"","format":"standard","meta":{"footnotes":""},"categories":[5],"tags":[],"class_list":["post-33284","post","type-post","status-publish","format-standard","has-post-thumbnail","hentry","category-internacionales"],"_links":{"self":[{"href":"http:\/\/informateesquina.com\/index.php?rest_route=\/wp\/v2\/posts\/33284","targetHints":{"allow":["GET"]}}],"collection":[{"href":"http:\/\/informateesquina.com\/index.php?rest_route=\/wp\/v2\/posts"}],"about":[{"href":"http:\/\/informateesquina.com\/index.php?rest_route=\/wp\/v2\/types\/post"}],"author":[{"embeddable":true,"href":"http:\/\/informateesquina.com\/index.php?rest_route=\/wp\/v2\/users\/1"}],"replies":[{"embeddable":true,"href":"http:\/\/informateesquina.com\/index.php?rest_route=%2Fwp%2Fv2%2Fcomments&post=33284"}],"version-history":[{"count":0,"href":"http:\/\/informateesquina.com\/index.php?rest_route=\/wp\/v2\/posts\/33284\/revisions"}],"wp:featuredmedia":[{"embeddable":true,"href":"http:\/\/informateesquina.com\/index.php?rest_route=\/"}],"wp:attachment":[{"href":"http:\/\/informateesquina.com\/index.php?rest_route=%2Fwp%2Fv2%2Fmedia&parent=33284"}],"wp:term":[{"taxonomy":"category","embeddable":true,"href":"http:\/\/informateesquina.com\/index.php?rest_route=%2Fwp%2Fv2%2Fcategories&post=33284"},{"taxonomy":"post_tag","embeddable":true,"href":"http:\/\/informateesquina.com\/index.php?rest_route=%2Fwp%2Fv2%2Ftags&post=33284"}],"curies":[{"name":"wp","href":"https:\/\/api.w.org\/{rel}","templated":true}]}}