{"id":33292,"date":"2019-11-06T18:02:32","date_gmt":"2019-11-06T21:02:32","guid":{"rendered":"https:\/\/informateesquina.com\/?p=33292"},"modified":"2019-11-06T18:02:32","modified_gmt":"2019-11-06T21:02:32","slug":"el-bebe-sin-rostro-como-detectar-malformaciones-congenitas-durante-el-embarazo","status":"publish","type":"post","link":"http:\/\/informateesquina.com\/?p=33292","title":{"rendered":"&#8220;El beb\u00e9 sin rostro&#8221;: c\u00f3mo detectar malformaciones cong\u00e9nitas durante el embarazo"},"content":{"rendered":"<h4 class=\"article__title\" style=\"text-align: center;\">El caso de Rodrigo desat\u00f3 un esc\u00e1ndalo por negligencia a ra\u00edz de que el obstetra no realiz\u00f3 los estudios correspondientes.<\/h4>\n<p>Marlene Sim\u00e3o y David Ribeiro estaban ansiosos por recibir a su primer beb\u00e9 pero se sorprendieron cuando vieron las malformaciones de nacimiento que nadie les advirti\u00f3 durante el embarazo. Conocido en los medios como \u201c<strong>el beb\u00e9 sin rostro<\/strong>\u201d, Rodrigo est\u00e1 pr\u00f3ximo a cumplir un mes de vida. Naci\u00f3 sin ojos, sin nariz y sin una parte del cr\u00e1neo.<\/p>\n<div>\n<div class=\"article__body__embed article__body__embed--facebook\"><iframe loading=\"lazy\" src=\"https:\/\/www.facebook.com\/plugins\/post.php?href=https%3A%2F%2Fwww.facebook.com%2Fdavidribeiro99%2Fposts%2F2690863230934391%3A1&amp;width=500\" width=\"500\" height=\"561\" frameborder=\"0\" scrolling=\"no\" data-mce-fragment=\"1\"><\/iframe><\/div>\n<\/div>\n<p>El parto de\u00a0<strong>Rodrigo<\/strong>\u00a0fue atendido en Portugal y la pol\u00e9mica surgi\u00f3 a partir de que el obstetra\u00a0<strong>Artur Carvallo<\/strong>nunca se percat\u00f3 de las malformaciones que presentaba el beb\u00e9, y no fue hasta que los padres consultaron en otra cl\u00ednica que descubrieron que algo no andaba bien. Ah\u00ed mismo, a la mam\u00e1 le realizaron una\u00a0<strong>ecograf\u00eda 5D\u00a0<\/strong>y confirmaron el problema que el anterior m\u00e9dico no pudo detectar.<\/p>\n<div>\n<div class=\"article__body__related-content\"><\/div>\n<\/div>\n<p>\u201cAlgunos obstetras utilizan el ec\u00f3grafo del consultorio ya que es elemento facilitador para hacer un diagn\u00f3stico del embarazo, pero de ninguna manera reemplaza una ecograf\u00eda hecha por un ec\u00f3grafo de alta definici\u00f3n\u201d, explica a\u00a0<strong>Con Bienestar<\/strong>\u00a0el doctor<strong>\u00a0Roberto Casale<\/strong>\u00a0(M.N. 65.557), jefe del Servicio de Obstetricia del Hospital Alejandro Posadas.<\/p>\n<p>Cuenta adem\u00e1s que, este tipo de ec\u00f3grafo tridimensional se especializa por obtener el volumen fetal que permite visualizar al beb\u00e9 en dos o tres dimensiones, y debe ser manipulado por un experto. \u201cLa ecograf\u00eda tiene que ser hecha por un obstetra, radi\u00f3logo u otro profesional que se especialice en diagn\u00f3stico por imagen o en medicina fetal\u201d, agrega.<\/p>\n<div>\n<figure class=\"media-image undefined media-image--state-success\"><img decoding=\"async\" class=\"\" src=\"https:\/\/cdn.tn.com.ar\/sites\/default\/files\/styles\/embed_image\/public\/2019\/11\/05\/5dc1bc56ee673_tnpic_1572977686.jpg\" srcset=\"\/\/cdn.tn.com.ar\/sites\/default\/files\/styles\/embed_image\/public\/2019\/11\/05\/5dc1bc56ee673_tnpic_1572977686.jpg 1080w,\/\/cdn.tn.com.ar\/sites\/default\/files\/styles\/embed_image\/public\/2019\/11\/05\/5dc1bc56ee673_tnpic_1572977686.jpg 720w\" data-src=\"\/\/cdn.tn.com.ar\/sites\/default\/files\/styles\/embed_image\/public\/2019\/11\/05\/5dc1bc56ee673_tnpic_1572977686.jpg\" data-srcset=\"\/\/cdn.tn.com.ar\/sites\/default\/files\/styles\/embed_image\/public\/2019\/11\/05\/5dc1bc56ee673_tnpic_1572977686.jpg 1080w,\/\/cdn.tn.com.ar\/sites\/default\/files\/styles\/embed_image\/public\/2019\/11\/05\/5dc1bc56ee673_tnpic_1572977686.jpg 720w\" \/><\/figure>\n<\/div>\n<p>Es importante saber que para diagnosticar una malformaci\u00f3n como la de Rodrigo, se hace un estudio denominado \u201c<strong>scan fetal detallado<\/strong>\u201d entre las semanas n\u00famero 19 y 24 de gestaci\u00f3n. All\u00ed se observa al feto en toda su dimensi\u00f3n, incluido el macizo facial, cr\u00e1neo, columna, si tiene los dos ri\u00f1ones, las manos, los dedos, si el coraz\u00f3n desarroll\u00f3 las cuatro cavidades card\u00edacas, y tambi\u00e9n si presenta alguna malformaci\u00f3n.<\/p>\n<p>&#8220;Me parece que el m\u00e9dico no hizo el diagn\u00f3stico por no tener los elementos adecuados y por no estar entrenado para eso\u201d, concluye Casale.<\/p>\n<div>\n<div class=\"article__body__related-content\"><span class=\"article__body__related-content__header\">Le\u00e9 tambi\u00e9n<\/span><a class=\"article__body__related-content__link\" href=\"https:\/\/tn.com.ar\/salud\/pediatria\/se-conocio-la-primera-foto-de-rodrigo-el-bebe-sin-rostro_1008057\">Se conoci\u00f3 la primera foto de Rodrigo, el beb\u00e9 sin rostro<\/a><\/div>\n<\/div>\n<div>\n<figure class=\"media-image undefined media-image--state-success\"><img decoding=\"async\" class=\"\" src=\"https:\/\/cdn.tn.com.ar\/sites\/default\/files\/styles\/embed_image\/public\/2019\/11\/05\/5dc1b7e46bd0d_bebe_sin_rostro_2.jpg\" srcset=\"\/\/cdn.tn.com.ar\/sites\/default\/files\/styles\/embed_image\/public\/2019\/11\/05\/5dc1b7e46bd0d_bebe_sin_rostro_2.jpg 1080w,\/\/cdn.tn.com.ar\/sites\/default\/files\/styles\/embed_image\/public\/2019\/11\/05\/5dc1b7e46bd0d_bebe_sin_rostro_2.jpg 720w\" alt=\"La primera imagen de Rodrigo, el &quot;beb\u00e9 sin rostro&quot; (Foto: Gentileza Correio da Manh\u00e3)\" data-src=\"\/\/cdn.tn.com.ar\/sites\/default\/files\/styles\/embed_image\/public\/2019\/11\/05\/5dc1b7e46bd0d_bebe_sin_rostro_2.jpg\" data-srcset=\"\/\/cdn.tn.com.ar\/sites\/default\/files\/styles\/embed_image\/public\/2019\/11\/05\/5dc1b7e46bd0d_bebe_sin_rostro_2.jpg 1080w,\/\/cdn.tn.com.ar\/sites\/default\/files\/styles\/embed_image\/public\/2019\/11\/05\/5dc1b7e46bd0d_bebe_sin_rostro_2.jpg 720w\" \/><figcaption>La primera imagen de Rodrigo, el &#8220;beb\u00e9 sin rostro&#8221; (Foto: Gentileza Correio da Manh\u00e3)<\/figcaption><\/figure>\n<\/div>\n<p>La evoluci\u00f3n de Rodrigo se registra a diario pero es dif\u00edcil prever c\u00f3mo afectar\u00e1 a su desarrollo cognitivo aquella parte del cr\u00e1neo que no lleg\u00f3 a desarrollarse. El obstetra fue suspendido por el\u00a0<strong>Colegio de M\u00e9dicos de Portugal<\/strong>\u00a0y denunciado por otros diez casos similares.<\/p>\n","protected":false},"excerpt":{"rendered":"<p>El caso de Rodrigo desat\u00f3 un esc\u00e1ndalo por negligencia a ra\u00edz de que el obstetra no realiz\u00f3 los estudios correspondientes. Marlene Sim\u00e3o y David Ribeiro estaban ansiosos por recibir a su primer beb\u00e9 pero se sorprendieron cuando vieron las malformaciones de nacimiento que nadie les advirti\u00f3 durante el embarazo. Conocido en los medios como \u201cel [&hellip;]<\/p>\n","protected":false},"author":1,"featured_media":33293,"comment_status":"closed","ping_status":"closed","sticky":false,"template":"","format":"standard","meta":{"footnotes":""},"categories":[11],"tags":[],"class_list":["post-33292","post","type-post","status-publish","format-standard","has-post-thumbnail","hentry","category-sociedad"],"_links":{"self":[{"href":"http:\/\/informateesquina.com\/index.php?rest_route=\/wp\/v2\/posts\/33292","targetHints":{"allow":["GET"]}}],"collection":[{"href":"http:\/\/informateesquina.com\/index.php?rest_route=\/wp\/v2\/posts"}],"about":[{"href":"http:\/\/informateesquina.com\/index.php?rest_route=\/wp\/v2\/types\/post"}],"author":[{"embeddable":true,"href":"http:\/\/informateesquina.com\/index.php?rest_route=\/wp\/v2\/users\/1"}],"replies":[{"embeddable":true,"href":"http:\/\/informateesquina.com\/index.php?rest_route=%2Fwp%2Fv2%2Fcomments&post=33292"}],"version-history":[{"count":0,"href":"http:\/\/informateesquina.com\/index.php?rest_route=\/wp\/v2\/posts\/33292\/revisions"}],"wp:featuredmedia":[{"embeddable":true,"href":"http:\/\/informateesquina.com\/index.php?rest_route=\/"}],"wp:attachment":[{"href":"http:\/\/informateesquina.com\/index.php?rest_route=%2Fwp%2Fv2%2Fmedia&parent=33292"}],"wp:term":[{"taxonomy":"category","embeddable":true,"href":"http:\/\/informateesquina.com\/index.php?rest_route=%2Fwp%2Fv2%2Fcategories&post=33292"},{"taxonomy":"post_tag","embeddable":true,"href":"http:\/\/informateesquina.com\/index.php?rest_route=%2Fwp%2Fv2%2Ftags&post=33292"}],"curies":[{"name":"wp","href":"https:\/\/api.w.org\/{rel}","templated":true}]}}