{"id":33308,"date":"2019-11-06T22:31:28","date_gmt":"2019-11-07T01:31:28","guid":{"rendered":"https:\/\/informateesquina.com\/?p=33308"},"modified":"2019-11-06T22:31:28","modified_gmt":"2019-11-07T01:31:28","slug":"capital-testigo-del-caso-dalpozzolo-dijo-que-fue-amenazada-y-admitio-tener-miedo","status":"publish","type":"post","link":"http:\/\/informateesquina.com\/?p=33308","title":{"rendered":"Capital: testigo del caso Dalpozzolo dijo que fue amenazada y admiti\u00f3\u00a0tener miedo"},"content":{"rendered":"<p id=\"title\">Tras ausentarse en la primera jornada del juicio por la muerte de una joven que fue chocada por presuntos ladrones que hu\u00edan en moto tras cometer un arrebato, la mujer a la que presuntamente robaron se present\u00f3 en el Tribunal Oral Penal N\u00b0 2. En declaraciones radicales asegur\u00f3 que la hostigaron y que teme por su vida y la de sus hijos.<\/p>\n<div class=\"np_nota_descripcion\">\n<p>La semana pasada se realiz\u00f3la primera jornadadel juicio por la muerte de Roxana Dalpozzolo, ocurrida en agosto de 2018 cuando la moto en la que transitaba fue embestida por otra. Sin embargo Irma Correa, la testigo que deb\u00eda declarar ese d\u00eda, no asisti\u00f3.<\/p>\n<p>Desde ese momento se conoci\u00f3 la versi\u00f3n de que Correa hab\u00eda sido amenazada para que no declare. En di\u00e1logo con Radio Dos, la mujer lo confirm\u00f3.<\/p>\n<p>&nbsp;<\/p>\n<\/div>\n","protected":false},"excerpt":{"rendered":"<p>Tras ausentarse en la primera jornada del juicio por la muerte de una joven que fue chocada por presuntos ladrones que hu\u00edan en moto tras cometer un arrebato, la mujer a la que presuntamente robaron se present\u00f3 en el Tribunal Oral Penal N\u00b0 2. En declaraciones radicales asegur\u00f3 que la hostigaron y que teme por [&hellip;]<\/p>\n","protected":false},"author":1,"featured_media":33309,"comment_status":"closed","ping_status":"closed","sticky":false,"template":"","format":"standard","meta":{"footnotes":""},"categories":[8],"tags":[],"class_list":["post-33308","post","type-post","status-publish","format-standard","has-post-thumbnail","hentry","category-policiales"],"_links":{"self":[{"href":"http:\/\/informateesquina.com\/index.php?rest_route=\/wp\/v2\/posts\/33308","targetHints":{"allow":["GET"]}}],"collection":[{"href":"http:\/\/informateesquina.com\/index.php?rest_route=\/wp\/v2\/posts"}],"about":[{"href":"http:\/\/informateesquina.com\/index.php?rest_route=\/wp\/v2\/types\/post"}],"author":[{"embeddable":true,"href":"http:\/\/informateesquina.com\/index.php?rest_route=\/wp\/v2\/users\/1"}],"replies":[{"embeddable":true,"href":"http:\/\/informateesquina.com\/index.php?rest_route=%2Fwp%2Fv2%2Fcomments&post=33308"}],"version-history":[{"count":0,"href":"http:\/\/informateesquina.com\/index.php?rest_route=\/wp\/v2\/posts\/33308\/revisions"}],"wp:featuredmedia":[{"embeddable":true,"href":"http:\/\/informateesquina.com\/index.php?rest_route=\/"}],"wp:attachment":[{"href":"http:\/\/informateesquina.com\/index.php?rest_route=%2Fwp%2Fv2%2Fmedia&parent=33308"}],"wp:term":[{"taxonomy":"category","embeddable":true,"href":"http:\/\/informateesquina.com\/index.php?rest_route=%2Fwp%2Fv2%2Fcategories&post=33308"},{"taxonomy":"post_tag","embeddable":true,"href":"http:\/\/informateesquina.com\/index.php?rest_route=%2Fwp%2Fv2%2Ftags&post=33308"}],"curies":[{"name":"wp","href":"https:\/\/api.w.org\/{rel}","templated":true}]}}