{"id":33313,"date":"2019-11-07T15:36:24","date_gmt":"2019-11-07T18:36:24","guid":{"rendered":"https:\/\/informateesquina.com\/?p=33313"},"modified":"2019-11-07T15:36:24","modified_gmt":"2019-11-07T18:36:24","slug":"paro-nacional-docente-en-repudio-a-la-represion-en-chubut-detuvieron-a-un-profesor","status":"publish","type":"post","link":"http:\/\/informateesquina.com\/?p=33313","title":{"rendered":"Paro nacional docente en repudio a la represi\u00f3n en Chubut: detuvieron a un profesor"},"content":{"rendered":"<div class=\"detail-body \">\n<div class=\"preview\">\n<div class=\"row pb-content-type-text\">\n<div class=\"col-xs-12 col-print-12\">\n<p class=\"element element-paragraph\"><b>La Confederaci\u00f3n de Trabajadores de la Educaci\u00f3n (Ctera) convoc\u00f3 a un paro docente nacional de 24 horas para ma\u00f1ana viernes.<\/b>\u00a0El gremio mayoritario de los maestros anunci\u00f3 la medida de fuerza a partir de los incidentes registrados en una protesta realizada este jueves en Chubut.<\/p>\n<\/div>\n<\/div>\n<div class=\"row pb-content-type-text\">\n<div class=\"col-xs-12 col-print-12\">\n<p class=\"element element-paragraph\">Hoy por la ma\u00f1ana, mientras los docentes chubutenses reclamaban contra los descuentos en sus haberes por los d\u00edas de paro frente a la Casa de Gobierno de Rawson, fue detenido el l\u00edder del sindicato Atech, Santiago Goodman. A su vez, se registraron episodios de violencia entre los manifestantes y la polic\u00eda.<\/p>\n<\/div>\n<\/div>\n<div class=\"row pb-content-type-text\">\n<div class=\"col-xs-12 col-print-12\">\n<p class=\"element element-paragraph\">\u201cLa Ctera ha resuelto convocar a un raro nacional docente ante la brutal represi\u00f3n que sufrieron los trabajadores de la educaci\u00f3n chubutenses mientras realizaban una marcha frente a la Casa de Gobierno en Rawson. Tambi\u00e9n exige al Gobierno Provincial la urgente liberaci\u00f3n de Santiago Goodman, y el cese inmediato de la represi\u00f3n\u201d, plantearon en un comunicado.<\/p>\n<\/div>\n<\/div>\n<div class=\"row pb-content-type-video\"><\/div>\n<div class=\"row pb-content-type-text\">\n<div class=\"col-xs-12 col-print-12\">\n<p class=\"element element-paragraph\">Es el segundo paro que Ctera convoca a ra\u00edz del conflicto que tiene lugar en Chubut desde hace meses.\u00a0<b>En la provincia patag\u00f3nica, se est\u00e1 cumpliendo la d\u00e9cimosexta semana consecutiva de paro<\/b>\u00a0y, en lugar de morigerarse, el enfrentamiento entre el sindicato y la gobernaci\u00f3n se recrudece.<\/p>\n<\/div>\n<\/div>\n<div class=\"row pb-content-type-text\">\n<div class=\"col-xs-12 col-print-12\">\n<p class=\"element element-paragraph\">La manifestaci\u00f3n se concret\u00f3 a partir de los descuentos que sufrieron los salarios de los docentes. El gobernador Mariano Arcioni hab\u00eda anunciado que descontar\u00eda los d\u00edas que se ausentaran a partir de septiembre.<\/p>\n<\/div>\n<\/div>\n<div class=\"row pb-content-type-text\">\n<div class=\"col-xs-12 col-print-12\">\n<p class=\"element element-paragraph\">La concentraci\u00f3n ingres\u00f3 en un pico de tensi\u00f3n luego de que un grupo de maestros tirara las vallas que rodeaban la sede gubernamental. En ese momento, la polic\u00eda reprimi\u00f3 la acci\u00f3n con disparos de balas de goma y gases lacrim\u00f3genos, que fueron a su vez contestados por los manifestantes con piedrazos contra los uniformados.<\/p>\n<\/div>\n<\/div>\n<div class=\"row pb-content-type-text\">\n<div class=\"col-xs-12 col-print-12\">\n<p class=\"element element-paragraph\">Poco antes del mediod\u00eda, los agentes de seguridad detuvieron tras forcejeos y golpes a Goodman, una de las figuras claves en el conflicto.<\/p>\n<\/div>\n<\/div>\n<div class=\"row pb-content-type-text\">\n<div class=\"col-xs-12 col-print-12\">\n<p class=\"element element-paragraph\">La semana pasada, el ministerio de Educaci\u00f3n chubutense firm\u00f3 una resoluci\u00f3n en la que flexibiliza el pasaje de a\u00f1o a los alumnos.\u00a0<b>En concreto, aquellos estudiantes que perdieron d\u00edas por las huelgas pasar\u00e1n de grado.<\/b><\/p>\n<\/div>\n<\/div>\n<\/div>\n<\/div>\n","protected":false},"excerpt":{"rendered":"<p>La Confederaci\u00f3n de Trabajadores de la Educaci\u00f3n (Ctera) convoc\u00f3 a un paro docente nacional de 24 horas para ma\u00f1ana viernes.\u00a0El gremio mayoritario de los maestros anunci\u00f3 la medida de fuerza a partir de los incidentes registrados en una protesta realizada este jueves en Chubut. Hoy por la ma\u00f1ana, mientras los docentes chubutenses reclamaban contra los [&hellip;]<\/p>\n","protected":false},"author":1,"featured_media":33314,"comment_status":"closed","ping_status":"closed","sticky":false,"template":"","format":"standard","meta":{"footnotes":""},"categories":[6,7],"tags":[136],"class_list":["post-33313","post","type-post","status-publish","format-standard","has-post-thumbnail","hentry","category-locales","category-nacionales","tag-destacados"],"_links":{"self":[{"href":"http:\/\/informateesquina.com\/index.php?rest_route=\/wp\/v2\/posts\/33313","targetHints":{"allow":["GET"]}}],"collection":[{"href":"http:\/\/informateesquina.com\/index.php?rest_route=\/wp\/v2\/posts"}],"about":[{"href":"http:\/\/informateesquina.com\/index.php?rest_route=\/wp\/v2\/types\/post"}],"author":[{"embeddable":true,"href":"http:\/\/informateesquina.com\/index.php?rest_route=\/wp\/v2\/users\/1"}],"replies":[{"embeddable":true,"href":"http:\/\/informateesquina.com\/index.php?rest_route=%2Fwp%2Fv2%2Fcomments&post=33313"}],"version-history":[{"count":0,"href":"http:\/\/informateesquina.com\/index.php?rest_route=\/wp\/v2\/posts\/33313\/revisions"}],"wp:featuredmedia":[{"embeddable":true,"href":"http:\/\/informateesquina.com\/index.php?rest_route=\/"}],"wp:attachment":[{"href":"http:\/\/informateesquina.com\/index.php?rest_route=%2Fwp%2Fv2%2Fmedia&parent=33313"}],"wp:term":[{"taxonomy":"category","embeddable":true,"href":"http:\/\/informateesquina.com\/index.php?rest_route=%2Fwp%2Fv2%2Fcategories&post=33313"},{"taxonomy":"post_tag","embeddable":true,"href":"http:\/\/informateesquina.com\/index.php?rest_route=%2Fwp%2Fv2%2Ftags&post=33313"}],"curies":[{"name":"wp","href":"https:\/\/api.w.org\/{rel}","templated":true}]}}