{"id":33317,"date":"2019-11-07T15:48:07","date_gmt":"2019-11-07T18:48:07","guid":{"rendered":"https:\/\/informateesquina.com\/?p=33317"},"modified":"2019-11-07T15:48:07","modified_gmt":"2019-11-07T18:48:07","slug":"detienen-a-una-mujer-porque-golpeo-y-colgo-del-balcon-a-su-perrito","status":"publish","type":"post","link":"http:\/\/informateesquina.com\/?p=33317","title":{"rendered":"Detienen a una mujer porque golpe\u00f3 y colg\u00f3 del balc\u00f3n a su perrito"},"content":{"rendered":"<p class=\"copete\">El indignante episodio ocurri\u00f3 en la capital de Ir\u00e1n.\u00a0Luego de que un usuario\u00a0compartiera\u00a0el video de violencia, la mascota fue rescatada y\u00a0la due\u00f1a qued\u00f3\u00a0arrestada.\u00a0Mir\u00e1 las terribles im\u00e1genes.<\/p>\n<div class=\"fotos-y-videos\">\n<div class=\"tab-content\">\n<div id=\"fotos\" class=\"tab-pane fade in active\" role=\"tabpanel\"><a class=\"fotos-desarrollo unlink\" title=\"Detienen a mujer porque golpe\u00f3 y colg\u00f3 del balc\u00f3n a su perrito\" href=\"http:\/\/www.radiosudamericana.com\/notix\/multimedia\/imagenes\/fotos\/2019-11-07\/785776.jpg\"><img decoding=\"async\" class=\"img-responsive lazyload center-block\" src=\"http:\/\/www.radiosudamericana.com\/notix\/multimedia\/imagenes\/fotos\/2019-11-07\/785776.jpg\" alt=\"foto: Detienen a mujer porque golpe\u00f3 y colg\u00f3 del balc\u00f3n a su perrito\" \/><\/a><\/div>\n<\/div>\n<\/div>\n<p>&nbsp;<\/p>\n<div class=\"cuerpo\">\n<p>El\u00a0video de una mujer colgando a su perrito del\u00a0balc\u00f3n\u00a0y peg\u00e1ndole se viraliz\u00f3 en las redes sociales estos \u00faltimos d\u00edas y gener\u00f3 indignaci\u00f3n entre los usuarios. El hecho ocurri\u00f3 en\u00a0Tehran,\u00a0Ir\u00e1n.<\/p>\n<p><a class=\"fotos-desarrollo unlink\" title=\"Detienen a mujer porque golpe\u00f3 y colg\u00f3 del balc\u00f3n a su perrito\" href=\"http:\/\/www.radiosudamericana.com\/notix\/multimedia\/imagenes\/fotos\/2019-11-07\/874429.jpg\"><img decoding=\"async\" class=\"img-responsive\" src=\"http:\/\/www.radiosudamericana.com\/notix\/multimedia\/imagenes\/fotos\/2019-11-07\/874429.jpg\" \/><\/a><\/p>\n<p>El usuario de Instagram @ferarizaoficial fue uno de los primeros en compartir el video.\u00a0\u201cNo puede ser\u2026 necesitamos encontrar a esta psic\u00f3pata, le deseo lo peor a este tipo de &#8216;personas&#8217;, como alguien puede hacerle da\u00f1o a un animal tan indefenso??? Si alguien tiene informaci\u00f3n de qui\u00e9n puede ser solo pido que me la pase por direcci\u00f3n, necesitamos encontrarla y que se haga justicia\u203c\ufe0f\u201d,escribi\u00f3 en su cuenta de Instagram.<\/p>\n<p>Luego de que la publicaci\u00f3n sea reposteada por miles de usuarios\u00a0para encontrar a la culpable,\u00a0el perrito fue rescatado\u00a0por un grupo de animalistas en conjunto con\u00a0la fuerza policial. En tanto que\u00a0la mujer qued\u00f3 arrestada. Afortunadamente el animal se encuentra en muy buen estado y no presenta lesiones.<\/p>\n<p>\u201cBUENAS NOTICIAS\u203c\ufe0f El perro fue rescatado y la maltratadora detenida. El perro fue entregado a @komeilshahamat por la orden del honorable oficial judicial y los oficiales de la polic\u00eda (Ya est\u00e1 a salvo). Por suerte este fue\u00a0un final feliz, gracias a todos los que le hab\u00e9is dado voz a este caso y gracias a las personas que rescataron al perro, espero que la maltratadora se pudra. Hoy dormir\u00e9 feliz\u201d,\u00a0public\u00f3 el usuario de\u00a0Instagram.<\/p>\n<\/div>\n","protected":false},"excerpt":{"rendered":"<p>El indignante episodio ocurri\u00f3 en la capital de Ir\u00e1n.\u00a0Luego de que un usuario\u00a0compartiera\u00a0el video de violencia, la mascota fue rescatada y\u00a0la due\u00f1a qued\u00f3\u00a0arrestada.\u00a0Mir\u00e1 las terribles im\u00e1genes. &nbsp; El\u00a0video de una mujer colgando a su perrito del\u00a0balc\u00f3n\u00a0y peg\u00e1ndole se viraliz\u00f3 en las redes sociales estos \u00faltimos d\u00edas y gener\u00f3 indignaci\u00f3n entre los usuarios. El hecho ocurri\u00f3 [&hellip;]<\/p>\n","protected":false},"author":1,"featured_media":33318,"comment_status":"closed","ping_status":"closed","sticky":false,"template":"","format":"video","meta":{"footnotes":""},"categories":[5],"tags":[],"class_list":["post-33317","post","type-post","status-publish","format-video","has-post-thumbnail","hentry","category-internacionales","post_format-post-format-video"],"_links":{"self":[{"href":"http:\/\/informateesquina.com\/index.php?rest_route=\/wp\/v2\/posts\/33317","targetHints":{"allow":["GET"]}}],"collection":[{"href":"http:\/\/informateesquina.com\/index.php?rest_route=\/wp\/v2\/posts"}],"about":[{"href":"http:\/\/informateesquina.com\/index.php?rest_route=\/wp\/v2\/types\/post"}],"author":[{"embeddable":true,"href":"http:\/\/informateesquina.com\/index.php?rest_route=\/wp\/v2\/users\/1"}],"replies":[{"embeddable":true,"href":"http:\/\/informateesquina.com\/index.php?rest_route=%2Fwp%2Fv2%2Fcomments&post=33317"}],"version-history":[{"count":0,"href":"http:\/\/informateesquina.com\/index.php?rest_route=\/wp\/v2\/posts\/33317\/revisions"}],"wp:featuredmedia":[{"embeddable":true,"href":"http:\/\/informateesquina.com\/index.php?rest_route=\/"}],"wp:attachment":[{"href":"http:\/\/informateesquina.com\/index.php?rest_route=%2Fwp%2Fv2%2Fmedia&parent=33317"}],"wp:term":[{"taxonomy":"category","embeddable":true,"href":"http:\/\/informateesquina.com\/index.php?rest_route=%2Fwp%2Fv2%2Fcategories&post=33317"},{"taxonomy":"post_tag","embeddable":true,"href":"http:\/\/informateesquina.com\/index.php?rest_route=%2Fwp%2Fv2%2Ftags&post=33317"}],"curies":[{"name":"wp","href":"https:\/\/api.w.org\/{rel}","templated":true}]}}