{"id":33360,"date":"2019-11-08T21:13:26","date_gmt":"2019-11-09T00:13:26","guid":{"rendered":"https:\/\/informateesquina.com\/?p=33360"},"modified":"2019-11-08T21:13:26","modified_gmt":"2019-11-09T00:13:26","slug":"el-desafio-es-que-no-se-repitan-12-anos-de-gobierno-kirchnerista","status":"publish","type":"post","link":"http:\/\/informateesquina.com\/?p=33360","title":{"rendered":"&#8220;El desaf\u00edo es que no se repitan 12 a\u00f1os de gobierno kirchnerista&#8221;"},"content":{"rendered":"<p class=\"copete\">El senador provincial por la alianza oficialista ECO+Cambiemos, Dr. Ricardo Colombi visit\u00f3 los estudios de radio Sudamericana. &#8220;El desaf\u00edo es que no se repitan en Corrientes 12 a\u00f1os de gobierno kirchnerista&#8221;, sostuvo el ex gobernador remarcando que el secreto de la gesti\u00f3n provincial estar\u00e1 en \u201csaber transitar la nueva gesti\u00f3n\u201d. Critic\u00f3 el sistema electoral vigente \u201cEl resultado de una elecci\u00f3n queda circunscripto a cuatro provincias y el pa\u00eds tiene 23, el resto no mueven el amper\u00edmetro\u201d dijo. Tambi\u00e9n se refiri\u00f3 al futuro del frente que lidera en Corrientes \u201cDebe primar la racionalidad para que se mantenga la unidad\u201d. Neg\u00f3 actualmente tener aspiraciones de volver a tomar las riendas de la provincia.<\/p>\n<div class=\"cuerpo\">\n<p><strong>PUJA POR LA BANCA DE NANCY SAND<\/strong><\/p>\n<p>\u201cTodav\u00eda no sabemos si la senadora electa, Nancy Sand, va a ir al Congreso de la Naci\u00f3n \u00a0todav\u00eda no present\u00f3 la renuncia, por ahora es una cuesti\u00f3n interna de pelea del kirchnerismo, una vez que se resuelva esto reci\u00e9n nosotros desde el Senado haremos el estudio del caso para definir c\u00f3mo se resuelve\u201d, indic\u00f3 el senador provincial por ECO+Cambiemos, Dr. Ricardo Colombi.<\/p>\n<p>Consultado por \u2018Corrimiento de lista\u2019 o \u2018Cupo femenino\u2019 expres\u00f3, \u201cla ley vigente define que esto deber\u00eda definirse en funci\u00f3n del orden de listas que han sido oficializadas, por ahora no hay potro mecanismo, de igual manera esta es una cuesti\u00f3n pol\u00edtica y no es judicial, bajo ning\u00fan punto de vista\u201d, agreg\u00f3 el legislador explicando que esto se definir\u00e1 reci\u00e9n en 2020 \u201ceste a\u00f1o ya no hay tiempo material de resolver estas cuestiones\u201d.<\/p>\n<p><strong>BALANCE DEL A\u00d1O ELECTORAL PARA CORRIENTES Y ECO+CAMBIEMOS<\/strong><\/p>\n<p>\u201cEl resultado de las elecciones fue muy favorable, hemos logrado hacer muy buena elecci\u00f3n en las provinciales y en las nacionales y hemos recuperado un diputado nacional\u201d, fr\u00edamente es un an\u00e1lisis positivo dijo Colombi. \u201cAhora para la provincia de Corrientes es totalmente diferente un gobierno de Macri que un gobierno de Fern\u00e1ndez. Esto va a ser y habr\u00e1 que saber transitar con mucha inteligencia y racionalidad estos cuatro a\u00f1os para que la provincia no sufra lo que sufri\u00f3 en 12 a\u00f1os del gobierno kirchnerista\u201d, prosigui\u00f3.<\/p>\n<p>\u201cEn l\u00edneas generales tenemos que hacer un an\u00e1lisis, m\u00e1s all\u00e1 de los resultados, de gane quien gane, de que uno de los problemas que tenemos como pa\u00eds y una de las consecuencias de la reforma de la Constituci\u00f3n del a\u00f1o 1994, es haber establecido el sistema de \u2018elecci\u00f3n directa\u2019; hoy el resultado de las elecciones queda circunscrita a cuatro provincias cuando el pa\u00eds tiene 23. Las provincias del norte no movemos el amper\u00edmetro como lo hace el conurbano de la provincia de Buenos Aires. Hoy se define una elecci\u00f3n nacional en el conurbano de la provincia de Buenos Aires; esto atenta contra el funcionamiento del pa\u00eds, hay que revisar esto de que la elecci\u00f3n a presidente sea directa y tal vez deber\u00edamos volver a los colegios electorales donde si provincias como la nuestra van a tener una cierta consideraci\u00f3n en el contexto nacional a la hora de definir las autoridades nacionales\u201d, manifest\u00f3.<\/p>\n<p>\u201cAhora el desaf\u00edo y la inteligencia est\u00e1 en mantener esta unidad, dado que pasa a ser la primera minor\u00eda en la C\u00e1mara de Diputados, con casi 120 diputados en total; actuar responsablemente, no tener una actitud negativa como se tuvo en los cuatro a\u00f1os, donde se tuvo que avanzar con leyes estructurales para la reforma del Estado que no se pudo llevar acabo. Se debe mantener la unidad en todos los aspectos y conjuntamente con el bloque de senadores y esa representaci\u00f3n pol\u00edtica que va a tener Juntos por el Cambio se va reflejado en los 24 distritos electorales\u201d, analiz\u00f3 ante la consulta del futuro de la coalici\u00f3n gobernante a nivel nacional y provincial<\/p>\n<p>En cuanto a la imagen que asumir\u00e1 la actual gesti\u00f3n como gobierno, si se adherir\u00e1 a la imagen de Macri o se optar\u00e1 por una representaci\u00f3n colegiada, como propone Cornejo, opin\u00f3, \u201cTodav\u00eda no tengo muy en claro c\u00f3mo se puede armar, pero si s\u00e9 que debe primar la racionalidad para que se mantenga la unidad. Tal vez dada la conformaci\u00f3n de fuerzas pol\u00edticas de \u2018Juntos por el Cambio\u2019, tal vez sea una mesa integrada, participativa de los distintos partidos, con una especie de Comit\u00e9 Ejecutivo, tampoco algo burocr\u00e1tico. Esas son discusiones que se van a dar en el tiempo\u201d.<\/p>\n<p>Respecto a c\u00f3mo avizora la relaci\u00f3n del gobierno nacional con Corrientes, \u201ctiene que primar la racionalidad y mostrarle lo que se par\u00f3 durante 12 a\u00f1os, si esto logra verlo el presidente la provincia se va a ver favorecida\u201d. \u201cQue nadie tenga la menor duda que se van a venir tiempo conflictivos, por ello es que debemos estar fortalecidos\u201d, alent\u00f3 respecto al camino de las elecciones provinciales en 2021..<\/p>\n<p>\u201cSi nos atamos a un modelo y no nos despegamos del sill\u00f3n, el camino no va a ser el mejor\u201d, reconoci\u00f3 Colombi respecto al camino de ECO. \u201cTenemos Saber que Encuentro por Corrientes es una alianza pol\u00edtica y social, y debe primar la social por sobre\u00a0la pol\u00edtica, esta es el soporte de la alianza social\u201d, remarc\u00f3.<\/p>\n<p><strong>ASPIRACIONES DE SER GOBERNADOR<\/strong><\/p>\n<p>\u201cFalta mucho, estoy bien donde estoy. Trabajo, me gusta, me permite seguir haciendo lo que siempre hice, ahora en este a\u00f1o con leyes muy importantes como los c\u00f3digos que se est\u00e1n aprobando, algo nuevo, que desde hace muchos a\u00f1os ven\u00edamos con el C\u00f3digo procesal penal y dem\u00e1s, para modernizar la administraci\u00f3n de justicia y poner a la provincia en un contexto nacional diferente\u201d, expres\u00f3.<\/p>\n<p>\u201cSi quiero volver lo voy a decir, ahora o cuando deba ser, si tengo que volver y quiero volver, voy a volver\u201d, se\u00f1al\u00f3. \u201cEso depende de m\u00ed y nadie m\u00e1s, las decisiones depende de uno solo, yo no dependo de nadie para tomar decisiones. Las decisiones dependen de uno, el tiempo es secundario\u201d, puntualiz\u00f3.<\/p>\n<\/div>\n<div align=\"center\"><\/div>\n","protected":false},"excerpt":{"rendered":"<p>El senador provincial por la alianza oficialista ECO+Cambiemos, Dr. Ricardo Colombi visit\u00f3 los estudios de radio Sudamericana. &#8220;El desaf\u00edo es que no se repitan en Corrientes 12 a\u00f1os de gobierno kirchnerista&#8221;, sostuvo el ex gobernador remarcando que el secreto de la gesti\u00f3n provincial estar\u00e1 en \u201csaber transitar la nueva gesti\u00f3n\u201d. Critic\u00f3 el sistema electoral vigente [&hellip;]<\/p>\n","protected":false},"author":1,"featured_media":33361,"comment_status":"closed","ping_status":"closed","sticky":false,"template":"","format":"standard","meta":{"footnotes":""},"categories":[9],"tags":[136],"class_list":["post-33360","post","type-post","status-publish","format-standard","has-post-thumbnail","hentry","category-politica","tag-destacados"],"_links":{"self":[{"href":"http:\/\/informateesquina.com\/index.php?rest_route=\/wp\/v2\/posts\/33360","targetHints":{"allow":["GET"]}}],"collection":[{"href":"http:\/\/informateesquina.com\/index.php?rest_route=\/wp\/v2\/posts"}],"about":[{"href":"http:\/\/informateesquina.com\/index.php?rest_route=\/wp\/v2\/types\/post"}],"author":[{"embeddable":true,"href":"http:\/\/informateesquina.com\/index.php?rest_route=\/wp\/v2\/users\/1"}],"replies":[{"embeddable":true,"href":"http:\/\/informateesquina.com\/index.php?rest_route=%2Fwp%2Fv2%2Fcomments&post=33360"}],"version-history":[{"count":0,"href":"http:\/\/informateesquina.com\/index.php?rest_route=\/wp\/v2\/posts\/33360\/revisions"}],"wp:featuredmedia":[{"embeddable":true,"href":"http:\/\/informateesquina.com\/index.php?rest_route=\/"}],"wp:attachment":[{"href":"http:\/\/informateesquina.com\/index.php?rest_route=%2Fwp%2Fv2%2Fmedia&parent=33360"}],"wp:term":[{"taxonomy":"category","embeddable":true,"href":"http:\/\/informateesquina.com\/index.php?rest_route=%2Fwp%2Fv2%2Fcategories&post=33360"},{"taxonomy":"post_tag","embeddable":true,"href":"http:\/\/informateesquina.com\/index.php?rest_route=%2Fwp%2Fv2%2Ftags&post=33360"}],"curies":[{"name":"wp","href":"https:\/\/api.w.org\/{rel}","templated":true}]}}