{"id":33366,"date":"2019-11-10T19:43:59","date_gmt":"2019-11-10T22:43:59","guid":{"rendered":"https:\/\/informateesquina.com\/?p=33366"},"modified":"2019-11-10T19:43:59","modified_gmt":"2019-11-10T22:43:59","slug":"renuncio-evo-morales-y-mauricio-macri-le-ofrecio-asilo-en-argentina","status":"publish","type":"post","link":"http:\/\/informateesquina.com\/?p=33366","title":{"rendered":"Renunci\u00f3 Evo Morales y Mauricio Macri le ofreci\u00f3 asilo en Argentina"},"content":{"rendered":"<p style=\"text-align: left;\">E<span style=\"color: #111111; font-family: 'Mukta Vaani', sans-serif; font-size: 28px; font-weight: bold;\">l presidente boliviano dimiti\u00f3 en medio de masivas protestas y motines policiales en su contra. Esta ma\u00f1ana, cercado por el informe de la OEA que confirm\u00f3 el fraude en la primera vuelta electoral, hab\u00eda convocado a repetir los comicios.<\/span><\/p>\n<p><!--more--><\/p>\n<div id=\"nota\" class=\"\">\n<div class=\"col-md-12\">\n<p>&nbsp;<\/p>\n<div class=\"image_review_wrapper\">\n<div class=\"swiper-container swiper-container-horizontal swiper-container-android\">\n<div class=\"swiper-wrapper\">\n<div class=\"swiper-slide swiper-slide-active\"><a href=\"http:\/\/www.radiosudamericana.com\/notix\/multimedia\/imagenes\/fotos\/2019-11-10\/286456.jpg\"><img decoding=\"async\" class=\"img-responsive\" src=\"http:\/\/www.radiosudamericana.com\/notix\/multimedia\/imagenes\/fotos\/2019-11-10\/286456.jpg\" alt=\"Responsive image\" \/><\/a><\/div>\n<div class=\"swiper-slide swiper-slide-next\"><a href=\"http:\/\/www.radiosudamericana.com\/notix\/multimedia\/imagenes\/fotos\/2019-11-10\/347551.jpg\"><img decoding=\"async\" class=\"img-responsive\" src=\"http:\/\/www.radiosudamericana.com\/notix\/multimedia\/imagenes\/fotos\/2019-11-10\/347551.jpg\" alt=\"Responsive image\" \/><\/a>Cercado, Evo Morales finalmente renunci\u00f3. Es que las manifestaciones contra el presidente boliviano contin\u00faan en ascenso este domingo en las calles del pa\u00eds, a pesar de que esta ma\u00f1ana convoc\u00f3 a nuevas elecciones tras un informe de la OEA que revel\u00f3 \u201cirregularidades\u201d en los comicios de octubre.<\/div>\n<\/div>\n<\/div>\n<\/div>\n<\/div>\n<p>La decisi\u00f3n fue anunciada despu\u00e9s de que el comandante general de las Fuerzas Armadas, Williams Kaliman, y el de la Polic\u00eda Nacional, Vladimir Calder\u00f3n,\u00a0le soliciten que d\u00e9 un paso al costado para desactivar la crisis pol\u00edtica y social.<\/p>\n<p>Con la tensi\u00f3n en un pico m\u00e1ximo, el l\u00edder boliviano abord\u00f3 el avi\u00f3n presidencial con el vicepresidente, \u00c1lvaro Garc\u00eda Linera, rumbo a Cochabamba, feudo donde se sent\u00eda m\u00e1s protegido.<\/p>\n<p><img decoding=\"async\" class=\"img-responsive\" src=\"http:\/\/www.radiosudamericana.com\/notix\/multimedia\/imagenes\/fotos\/2019-11-10\/347551.jpg\" \/><\/p>\n<p>\u201cNo nos moveremos de las calles hasta que el dictador, el asesino se vaya de Palacio\u201d, advert\u00eda antes de conocerse la noticia la ex candidata Ruth Nina, que preside una asociaci\u00f3n de esposas de polic\u00edas, en las puertas de un cuartel de La Paz, donde se hallan amotinados desde el s\u00e1bado decenas de uniformados. Un polic\u00eda ataviado con una m\u00e1scara negra corrobora lo dicho por Nina y anuncia que junto con centenares de j\u00f3venes continuar\u00e1n en las protestas contra Morales.<\/p>\n<p>Los polic\u00edas alzados y los manifestantes civiles se encuentran custodiando la Plaza de Armas, donde est\u00e1 la Casa de Gobierno, para evitar el ingreso de fuerzas campesinas leales a Morales. Morales no controla la polic\u00eda desde el viernes, cuando comenzaron.<\/p>\n<p>Luis Fernando Camacho encabeza las protestas y una multitudinaria caravana de opositores que llegan a La Paz desde todo el pa\u00eds. El ex candidato Carlos Mesa tambi\u00e9n hab\u00eda llamado a movilizaciones &#8220;mientras no exista una resoluci\u00f3n final a este proceso\u201d, el pueblo se mantenga movilizada<\/p>\n<p>Las protestas en Bolivia se desataron despu\u00e9s de las elecciones presidenciales del 20 de octubre en la que Morales obtuvo su cuarto mandato tras un pol\u00e9mico conteo de votos. La oposici\u00f3n consider\u00f3 fraudulentos estos comicios. En Santa Cruz (este), donde incub\u00f3 la protesta contra Morales, los manifestantes se manten\u00edan en las puertas de los cuarteles policiales, pidiendo la renuncia de Morales, que temprano llam\u00f3 a la pacificaci\u00f3n del pa\u00eds tras la anulaci\u00f3n de las elecciones.<\/p>\n<p>INFOBAE<\/p>\n<\/div>\n<div class=\"row\"><\/div>\n","protected":false},"excerpt":{"rendered":"<p>El presidente boliviano dimiti\u00f3 en medio de masivas protestas y motines policiales en su contra. Esta ma\u00f1ana, cercado por el informe de la OEA que confirm\u00f3 el fraude en la primera vuelta electoral, hab\u00eda convocado a repetir los comicios.<\/p>\n","protected":false},"author":1,"featured_media":33367,"comment_status":"closed","ping_status":"closed","sticky":false,"template":"","format":"standard","meta":{"footnotes":""},"categories":[5,7],"tags":[],"class_list":["post-33366","post","type-post","status-publish","format-standard","has-post-thumbnail","hentry","category-internacionales","category-nacionales"],"_links":{"self":[{"href":"http:\/\/informateesquina.com\/index.php?rest_route=\/wp\/v2\/posts\/33366","targetHints":{"allow":["GET"]}}],"collection":[{"href":"http:\/\/informateesquina.com\/index.php?rest_route=\/wp\/v2\/posts"}],"about":[{"href":"http:\/\/informateesquina.com\/index.php?rest_route=\/wp\/v2\/types\/post"}],"author":[{"embeddable":true,"href":"http:\/\/informateesquina.com\/index.php?rest_route=\/wp\/v2\/users\/1"}],"replies":[{"embeddable":true,"href":"http:\/\/informateesquina.com\/index.php?rest_route=%2Fwp%2Fv2%2Fcomments&post=33366"}],"version-history":[{"count":0,"href":"http:\/\/informateesquina.com\/index.php?rest_route=\/wp\/v2\/posts\/33366\/revisions"}],"wp:featuredmedia":[{"embeddable":true,"href":"http:\/\/informateesquina.com\/index.php?rest_route=\/"}],"wp:attachment":[{"href":"http:\/\/informateesquina.com\/index.php?rest_route=%2Fwp%2Fv2%2Fmedia&parent=33366"}],"wp:term":[{"taxonomy":"category","embeddable":true,"href":"http:\/\/informateesquina.com\/index.php?rest_route=%2Fwp%2Fv2%2Fcategories&post=33366"},{"taxonomy":"post_tag","embeddable":true,"href":"http:\/\/informateesquina.com\/index.php?rest_route=%2Fwp%2Fv2%2Ftags&post=33366"}],"curies":[{"name":"wp","href":"https:\/\/api.w.org\/{rel}","templated":true}]}}