{"id":33380,"date":"2019-11-11T14:20:46","date_gmt":"2019-11-11T17:20:46","guid":{"rendered":"https:\/\/informateesquina.com\/?p=33380"},"modified":"2019-11-11T14:20:46","modified_gmt":"2019-11-11T17:20:46","slug":"mancini-hay-que-pensar-en-un-trabajo-de-aqui-para-adelante","status":"publish","type":"post","link":"http:\/\/informateesquina.com\/?p=33380","title":{"rendered":"Mancini: \u201cHay que pensar en un trabajo de aqu\u00ed para adelante\u201d"},"content":{"rendered":"<p>La diputada provincial Mar\u00eda Eugenia Mancini se refiri\u00f3 al preste pol\u00edtico al logro que signific\u00f3 que una representante del partido que preside, Cambio Austeridad y Progreso (CAP), pueda ingresar como edil para la futura conformaci\u00f3n del Concejo Deliberante de Esquina. Tambi\u00e9n se refiri\u00f3 a proyectos que est\u00e1n en la Legislatura correntina como la municipalizaci\u00f3n de Malvinas y los diferentes c\u00f3digos procedimentales.<\/p>\n<p>\u201cEstoy muy contenta con el esfuerzo y el trabajo que hemos realizado\u201d, se\u00f1al\u00f3 en un principio. Adem\u00e1s tuvo un p\u00e1rrafo de menci\u00f3n a su padre el ex senador y ex funcionario provincial Hugo Mancini \u201cque siempre est\u00e1 pendiente de nuestra tarea y celebr\u00f3 con nosotros la posibilidad de ingresar un tercer concejal por ECO\u201d en un municipio gobernado por el peronismo. \u201cHay que pensar en un trabajo de aqu\u00ed para adelante\u201d, expres\u00f3.<br \/>\n\u201cSiempre gestionamos y estuvimos esta semana recorriendo los ministerios, dentro del presupuesto que hay que aprobar me gustar\u00eda que est\u00e9 incluido los montos para el Juzgado de Familia que ya fue creado oportunamente por Ley\u201d. Es por ello que Mancini se reuni\u00f3 con el presidente del Superior Tribunal Eduardo Rey V\u00e1zquez.<br \/>\nEn tanto Mancini cont\u00f3 que el C\u00f3digo de procedimiento Civil y Comercial se va presentar este mi\u00e9rcoles en la Legislatura y a la vez que destac\u00f3 que el C\u00f3digo de Procedimiento Penal fuera aprobado el jueves pasado por el Senado y el de procedimiento de familia haya obtenido media sanci\u00f3n. \u201cEs decir va darse toda una reestructuraci\u00f3n que se va llevar adelante dentro del \u00e1mbito judicial. Eso implica infraestructura y hay que ver que se incluye en el presupuesto y si la implementaci\u00f3n profunda se va hacer de forma progresiva\u201d.<br \/>\nTambi\u00e9n Mancini se refiri\u00f3 a la presentaci\u00f3n en la Legislatura del proyecto para crear el municipio de Malvinas actualmente ubicado en la cuarta secci\u00f3n de Esquina. Es un proyecto que lo hablamos oportunamente con diferentes actores sociales y pol\u00edticos, debemos estudiarlo, hacerlo con responsabilidad Deberemos contar con un informe de la Direcci\u00f3n de Estad\u00edsticas y Censos, y de un agrimensor para la determinaci\u00f3n de los limites. Es un trabajo que lleva su tiempo Cuando no existen l\u00edmites naturales como ocurre con separaci\u00f3n de departamentos de Goya y Esquina con el Rio Corriente\u201d, ejemplific\u00f3. Estamos hablando adem\u00e1s de una nueva jurisdicci\u00f3n electoral.<br \/>\nEn su repaso record\u00f3 que ya en 2016 se empez\u00f3 a hablar de crear el municipio, en un paraje como Malvinas que cuenta con infraestructura sanitaria, energ\u00e9tica entre otros aspectos esenciales de crecimiento. \u201cSe pens\u00f3 en la idea de crear un Centro C\u00edvico\u201d.<br \/>\nPara finalizar la legisladora resalto la tarea que desarrolla el director del Hospital San Roque de Esquina, Leandro Ram\u00edrez y particularmente se refiri\u00f3 a cursos de capacitaci\u00f3n destinados a los profesionales y personal del \u00e1rea sanitaria que jerarquizan la tarea en conjunto con la fundaci\u00f3n Barcel\u00f3. \u201cEstas capacitaciones en emergentolog\u00eda generan mucho inter\u00e9s tambi\u00e9n desde otros puntos de la provincia\u201d, recalc\u00f3.<\/p>\n","protected":false},"excerpt":{"rendered":"<p>La diputada provincial Mar\u00eda Eugenia Mancini se refiri\u00f3 al preste pol\u00edtico al logro que signific\u00f3 que una representante del partido que preside, Cambio Austeridad y Progreso (CAP), pueda ingresar como edil para la futura conformaci\u00f3n del Concejo Deliberante de Esquina. Tambi\u00e9n se refiri\u00f3 a proyectos que est\u00e1n en la Legislatura correntina como la municipalizaci\u00f3n de [&hellip;]<\/p>\n","protected":false},"author":1,"featured_media":33381,"comment_status":"closed","ping_status":"closed","sticky":false,"template":"","format":"standard","meta":{"footnotes":""},"categories":[9],"tags":[],"class_list":["post-33380","post","type-post","status-publish","format-standard","has-post-thumbnail","hentry","category-politica"],"_links":{"self":[{"href":"http:\/\/informateesquina.com\/index.php?rest_route=\/wp\/v2\/posts\/33380","targetHints":{"allow":["GET"]}}],"collection":[{"href":"http:\/\/informateesquina.com\/index.php?rest_route=\/wp\/v2\/posts"}],"about":[{"href":"http:\/\/informateesquina.com\/index.php?rest_route=\/wp\/v2\/types\/post"}],"author":[{"embeddable":true,"href":"http:\/\/informateesquina.com\/index.php?rest_route=\/wp\/v2\/users\/1"}],"replies":[{"embeddable":true,"href":"http:\/\/informateesquina.com\/index.php?rest_route=%2Fwp%2Fv2%2Fcomments&post=33380"}],"version-history":[{"count":0,"href":"http:\/\/informateesquina.com\/index.php?rest_route=\/wp\/v2\/posts\/33380\/revisions"}],"wp:featuredmedia":[{"embeddable":true,"href":"http:\/\/informateesquina.com\/index.php?rest_route=\/"}],"wp:attachment":[{"href":"http:\/\/informateesquina.com\/index.php?rest_route=%2Fwp%2Fv2%2Fmedia&parent=33380"}],"wp:term":[{"taxonomy":"category","embeddable":true,"href":"http:\/\/informateesquina.com\/index.php?rest_route=%2Fwp%2Fv2%2Fcategories&post=33380"},{"taxonomy":"post_tag","embeddable":true,"href":"http:\/\/informateesquina.com\/index.php?rest_route=%2Fwp%2Fv2%2Ftags&post=33380"}],"curies":[{"name":"wp","href":"https:\/\/api.w.org\/{rel}","templated":true}]}}