{"id":33902,"date":"2019-11-29T17:26:44","date_gmt":"2019-11-29T20:26:44","guid":{"rendered":"https:\/\/informateesquina.com\/?p=33902"},"modified":"2019-11-29T17:26:44","modified_gmt":"2019-11-29T20:26:44","slug":"el-nueve-echo-al-conductor-jorge-pizarro-tras-las-denuncias-de-maltrato","status":"publish","type":"post","link":"http:\/\/informateesquina.com\/?p=33902","title":{"rendered":"El Nueve ech\u00f3 al conductor Jorge Pizarro tras las denuncias de maltrato"},"content":{"rendered":"<h6 class=\"article__title\" style=\"text-align: center;\">El periodista de <em style=\"color: #666666; font-family: Roboto, sans-serif; font-size: 15px;\">Telenueve<\/em><span style=\"color: #666666; font-family: Roboto, sans-serif; font-size: 15px;\">\u00a0hab\u00eda sido suspendido a principios de noviembre. Sus compa\u00f1eros le reclamaron a las autoridades del canal una medida determinante. Fuentes cercanas al noticiero confirmaron a\u00a0TN Show la noticia.\u00a0<\/span><\/h6>\n<div>\n<p><em>El Nueve\u00a0<\/em>ech\u00f3 al periodista<strong>\u00a0Jorge Pizarro<\/strong><em>\u00a0<\/em>despu\u00e9s de que sus compa\u00f1eros de trabajo lo denunciaran en reiteradas oportunidades por\u00a0<strong>maltrato laboral.<\/strong>\u00a0En una primera instancia, las autoridades del canal decidieron suspenderlo. Pero este jueves, fuentes cercanas al equipo de\u00a0<em>Telenueve<\/em>\u00a0confirmaron a\u00a0TN Show\u00a0que, finalmente,<strong>\u00a0lo desvincularon de la empresa.<\/strong><\/p>\n<div>\n<div class=\"article__body__related-content\"><\/div>\n<\/div>\n<p>A principios de noviembre, circul\u00f3 por las redes sociales una carta que firmaron los trabajadores del canal donde acusaban al conductor del noticiero de<strong>\u00a0&#8220;maltratar, denigrar y humillar&#8221;<\/strong>\u00a0a compa\u00f1eros de distintos sectores.<\/p>\n<div>\n<figure class=\"media-image undefined media-image--state-success\"><img decoding=\"async\" class=\"\" src=\"https:\/\/cdn.tn.com.ar\/sites\/default\/files\/styles\/embed_image\/public\/2019\/11\/28\/5de002acda5d1_carta_de_empleados_de_canal_nueve_en_contra_de_jorge_pizarro.jpg\" srcset=\"\/\/cdn.tn.com.ar\/sites\/default\/files\/styles\/embed_image\/public\/2019\/11\/28\/5de002acda5d1_carta_de_empleados_de_canal_nueve_en_contra_de_jorge_pizarro.jpg 1080w,\/\/cdn.tn.com.ar\/sites\/default\/files\/styles\/embed_image\/public\/2019\/11\/28\/5de002acda5d1_carta_de_empleados_de_canal_nueve_en_contra_de_jorge_pizarro.jpg 720w\" alt=\"La carta de los trabajadores de El Nueve contra Jorge Pizarro.\" data-src=\"\/\/cdn.tn.com.ar\/sites\/default\/files\/styles\/embed_image\/public\/2019\/11\/28\/5de002acda5d1_carta_de_empleados_de_canal_nueve_en_contra_de_jorge_pizarro.jpg\" data-srcset=\"\/\/cdn.tn.com.ar\/sites\/default\/files\/styles\/embed_image\/public\/2019\/11\/28\/5de002acda5d1_carta_de_empleados_de_canal_nueve_en_contra_de_jorge_pizarro.jpg 1080w,\/\/cdn.tn.com.ar\/sites\/default\/files\/styles\/embed_image\/public\/2019\/11\/28\/5de002acda5d1_carta_de_empleados_de_canal_nueve_en_contra_de_jorge_pizarro.jpg 720w\" \/><figcaption>La carta de los trabajadores de El Nueve contra Jorge Pizarro.<\/figcaption><\/figure>\n<\/div>\n<p>El texto, que fue escrito en octubre, estaba dirigido directamente a las autoridades de<em>\u00a0El Nueve<\/em>. &#8220;Lejos de aplacar su comportamiento,\u00a0<strong>los episodios se han tornado cada vez m\u00e1s violentos<\/strong>\u00a0y se ha naturalizado que nos grite e insulte a diario. Se ha convertido en una persona dif\u00edcil de tratar, que incluso compa\u00f1eras rompen en llanto asiduamente por su comportamiento. Tienen miedo de denunciarlo por lo que esto pueda traer aparejado&#8221;, detallaron en el escrito.<\/p>\n<p>Apenas se conoci\u00f3 esta carta, las autoridades del canal decidieron suspender a Pizarro durante casi un mes. Aunque esta semana, se confirm\u00f3 que ya no formar\u00e1 parte de la compa\u00f1\u00eda.<\/p>\n<div>\n<figure class=\"media-image undefined media-image--state-success\"><img decoding=\"async\" class=\"\" src=\"https:\/\/cdn.tn.com.ar\/sites\/default\/files\/styles\/embed_image\/public\/2019\/11\/28\/5de0077214f1e_tnpic_1574963043.jpg\" srcset=\"\/\/cdn.tn.com.ar\/sites\/default\/files\/styles\/embed_image\/public\/2019\/11\/28\/5de0077214f1e_tnpic_1574963043.jpg 1080w,\/\/cdn.tn.com.ar\/sites\/default\/files\/styles\/embed_image\/public\/2019\/11\/28\/5de0077214f1e_tnpic_1574963043.jpg 720w\" data-src=\"\/\/cdn.tn.com.ar\/sites\/default\/files\/styles\/embed_image\/public\/2019\/11\/28\/5de0077214f1e_tnpic_1574963043.jpg\" data-srcset=\"\/\/cdn.tn.com.ar\/sites\/default\/files\/styles\/embed_image\/public\/2019\/11\/28\/5de0077214f1e_tnpic_1574963043.jpg 1080w,\/\/cdn.tn.com.ar\/sites\/default\/files\/styles\/embed_image\/public\/2019\/11\/28\/5de0077214f1e_tnpic_1574963043.jpg 720w\" \/><\/figure>\n<\/div>\n<p>Una de las periodistas que habl\u00f3 del tema fue\u00a0<strong>Fanny Mandelbaum<\/strong>. Aunque aclar\u00f3 que el conductor nunca la maltrat\u00f3 directamente a ella, s\u00ed presenci\u00f3 situaciones donde destrataba a colegas principiantes. &#8220;Con las pibas que reci\u00e9n empezaban,\u00a0<strong>tuvo palabras soeces cuando no hac\u00edan las cosas con la rapidez que pretend\u00eda<\/strong>&#8220;, expres\u00f3 en su momento en el ciclo\u00a0<em>Cosa de Minas\u00a0<\/em>por Radio Nacional.<\/p>\n<p>&nbsp;<\/p>\n<\/div>\n","protected":false},"excerpt":{"rendered":"<p>El periodista de Telenueve\u00a0hab\u00eda sido suspendido a principios de noviembre. Sus compa\u00f1eros le reclamaron a las autoridades del canal una medida determinante. Fuentes cercanas al noticiero confirmaron a\u00a0TN Show la noticia.\u00a0 El Nueve\u00a0ech\u00f3 al periodista\u00a0Jorge Pizarro\u00a0despu\u00e9s de que sus compa\u00f1eros de trabajo lo denunciaran en reiteradas oportunidades por\u00a0maltrato laboral.\u00a0En una primera instancia, las autoridades del [&hellip;]<\/p>\n","protected":false},"author":1,"featured_media":33903,"comment_status":"closed","ping_status":"closed","sticky":false,"template":"","format":"standard","meta":{"footnotes":""},"categories":[4],"tags":[],"class_list":["post-33902","post","type-post","status-publish","format-standard","has-post-thumbnail","hentry","category-espectaculos"],"_links":{"self":[{"href":"http:\/\/informateesquina.com\/index.php?rest_route=\/wp\/v2\/posts\/33902","targetHints":{"allow":["GET"]}}],"collection":[{"href":"http:\/\/informateesquina.com\/index.php?rest_route=\/wp\/v2\/posts"}],"about":[{"href":"http:\/\/informateesquina.com\/index.php?rest_route=\/wp\/v2\/types\/post"}],"author":[{"embeddable":true,"href":"http:\/\/informateesquina.com\/index.php?rest_route=\/wp\/v2\/users\/1"}],"replies":[{"embeddable":true,"href":"http:\/\/informateesquina.com\/index.php?rest_route=%2Fwp%2Fv2%2Fcomments&post=33902"}],"version-history":[{"count":0,"href":"http:\/\/informateesquina.com\/index.php?rest_route=\/wp\/v2\/posts\/33902\/revisions"}],"wp:featuredmedia":[{"embeddable":true,"href":"http:\/\/informateesquina.com\/index.php?rest_route=\/"}],"wp:attachment":[{"href":"http:\/\/informateesquina.com\/index.php?rest_route=%2Fwp%2Fv2%2Fmedia&parent=33902"}],"wp:term":[{"taxonomy":"category","embeddable":true,"href":"http:\/\/informateesquina.com\/index.php?rest_route=%2Fwp%2Fv2%2Fcategories&post=33902"},{"taxonomy":"post_tag","embeddable":true,"href":"http:\/\/informateesquina.com\/index.php?rest_route=%2Fwp%2Fv2%2Ftags&post=33902"}],"curies":[{"name":"wp","href":"https:\/\/api.w.org\/{rel}","templated":true}]}}