{"id":33911,"date":"2019-11-29T22:17:55","date_gmt":"2019-11-30T01:17:55","guid":{"rendered":"https:\/\/informateesquina.com\/?p=33911"},"modified":"2019-11-29T22:17:55","modified_gmt":"2019-11-30T01:17:55","slug":"camara-de-diputados-mancini-insto-a-aumentar-controles-de-transito-en-la-provincia","status":"publish","type":"post","link":"http:\/\/informateesquina.com\/?p=33911","title":{"rendered":"C\u00e1mara de Diputados: Mancini inst\u00f3 a aumentar controles de tr\u00e1nsito en la provincia"},"content":{"rendered":"<p>En la \u00faltima sesi\u00f3n ordinaria de la C\u00e1mara de Diputados se aprob\u00f3 la resoluci\u00f3n que apunta a incrementar los controles de tr\u00e1nsito en la provincia. La diputada provincial Mar\u00eda Eugenia Mancini argument\u00f3 el proyecto que se enmarca en la preocupaci\u00f3n por los siniestros viales, muchos de los cuales son fatales.<br \/>\nAl iniciar su mensaje en el recinto Mancini aclar\u00f3 que \u201ceste proyecto de ninguna forma pretende invadir facultades o potestades de los municipios respecto a los controles de tr\u00e1nsito sino simplemente sugerir su incremento poniendo el acento en las motocicletas y ciclomotores puesto que son alarmantes los \u00edndices de accidentes de tr\u00e1nsito protagonizados por estos rodados\u201d.<br \/>\nLa legisladora de Cambio Austeridad y Progreso (CAP) remarc\u00f3 que las motos incrementaron su circulaci\u00f3n en pueblos, ciudades\u00a0 y rutas en los \u00faltimos a\u00f1os y a su vez detall\u00f3 las diversas infracciones que se cometen, desde la falta de uso del casco hasta la sobrecarga en el traslado de personas superando el l\u00edmite permitido.<br \/>\nVale recordar que en la ocasi\u00f3n se aprobaron varios proyectos y declaraciones, entre ellas se otorg\u00f3 media sanci\u00f3n a la declaraci\u00f3n de ciudadana ilustre a Elena Bonatti impulsora del Centro Oncol\u00f3gico de Curuz\u00fa Cuati\u00e1, en igual sentido ocurri\u00f3 con el proyecto de creaci\u00f3n del municipio de Manuel Derqui. En tanto por unanimidad el cuerpo respald\u00f3 la declaraci\u00f3n de inter\u00e9s de la 48\u00b0 Fiesta Provincial de la Sand\u00eda en Esquina presentada por la diputada Mancini<\/p>\n","protected":false},"excerpt":{"rendered":"<p>En la \u00faltima sesi\u00f3n ordinaria de la C\u00e1mara de Diputados se aprob\u00f3 la resoluci\u00f3n que apunta a incrementar los controles de tr\u00e1nsito en la provincia. La diputada provincial Mar\u00eda Eugenia Mancini argument\u00f3 el proyecto que se enmarca en la preocupaci\u00f3n por los siniestros viales, muchos de los cuales son fatales. Al iniciar su mensaje en [&hellip;]<\/p>\n","protected":false},"author":1,"featured_media":33912,"comment_status":"closed","ping_status":"closed","sticky":false,"template":"","format":"standard","meta":{"footnotes":""},"categories":[9],"tags":[136],"class_list":["post-33911","post","type-post","status-publish","format-standard","has-post-thumbnail","hentry","category-politica","tag-destacados"],"_links":{"self":[{"href":"http:\/\/informateesquina.com\/index.php?rest_route=\/wp\/v2\/posts\/33911","targetHints":{"allow":["GET"]}}],"collection":[{"href":"http:\/\/informateesquina.com\/index.php?rest_route=\/wp\/v2\/posts"}],"about":[{"href":"http:\/\/informateesquina.com\/index.php?rest_route=\/wp\/v2\/types\/post"}],"author":[{"embeddable":true,"href":"http:\/\/informateesquina.com\/index.php?rest_route=\/wp\/v2\/users\/1"}],"replies":[{"embeddable":true,"href":"http:\/\/informateesquina.com\/index.php?rest_route=%2Fwp%2Fv2%2Fcomments&post=33911"}],"version-history":[{"count":0,"href":"http:\/\/informateesquina.com\/index.php?rest_route=\/wp\/v2\/posts\/33911\/revisions"}],"wp:featuredmedia":[{"embeddable":true,"href":"http:\/\/informateesquina.com\/index.php?rest_route=\/"}],"wp:attachment":[{"href":"http:\/\/informateesquina.com\/index.php?rest_route=%2Fwp%2Fv2%2Fmedia&parent=33911"}],"wp:term":[{"taxonomy":"category","embeddable":true,"href":"http:\/\/informateesquina.com\/index.php?rest_route=%2Fwp%2Fv2%2Fcategories&post=33911"},{"taxonomy":"post_tag","embeddable":true,"href":"http:\/\/informateesquina.com\/index.php?rest_route=%2Fwp%2Fv2%2Ftags&post=33911"}],"curies":[{"name":"wp","href":"https:\/\/api.w.org\/{rel}","templated":true}]}}