{"id":33915,"date":"2019-11-30T23:38:48","date_gmt":"2019-12-01T02:38:48","guid":{"rendered":"https:\/\/informateesquina.com\/?p=33915"},"modified":"2019-11-30T23:38:48","modified_gmt":"2019-12-01T02:38:48","slug":"bolivia-la-violaron-con-palos-y-fierros","status":"publish","type":"post","link":"http:\/\/informateesquina.com\/?p=33915","title":{"rendered":"Bolivia: La violaron con palos y fierros, y muri\u00f3 tras agonizar"},"content":{"rendered":"<header class=\"article__header\">\n<div class=\"article__header__wrapper\">\n<h6 class=\"article__title\" style=\"padding-left: 40px;\"><strong>Una<\/strong> chica de 16 a\u00f1os fue drogada y atacada por cuatro compa\u00f1eros en una casa abandonada. El caso conmueve a Bolivia.<\/h6>\n<\/div>\n<\/header>\n<div class=\"article__main-media article__main-media--mobile\">\n<figure class=\"media-image undefined media-image--state-success\"><img decoding=\"async\" src=\"https:\/\/cdn.tn.com.ar\/sites\/default\/files\/styles\/750x424_webmobile\/public\/2019\/11\/02\/oruro-violacion.jpg\" srcset=\"\/\/cdn.tn.com.ar\/sites\/default\/files\/styles\/750x424_webmobile\/public\/2019\/11\/02\/oruro-violacion.jpg 720w,\/\/cdn.tn.com.ar\/sites\/default\/files\/styles\/375x212_webmobile\/public\/2019\/11\/02\/oruro-violacion.jpg 360w\" alt=\"Jhoselin, la v\u00edctima de una atroz violaci\u00f3n que conmovi\u00f3 Bolivia. (Foto: gentileza diario Los Tiempos).\" \/><figcaption>Jhoselin, la v\u00edctima de una atroz violaci\u00f3n que conmovi\u00f3 Bolivia. (Foto: gentileza diario Los Tiempos).<\/figcaption><\/figure>\n<\/div>\n<div class=\"article__body\">\n<div>\n<div>\n<p>Jhoselin, una chica de 16 a\u00f1os que fue v\u00edctima de una brutal violaci\u00f3n grupal en la regi\u00f3n boliviana de Oruro, en el oeste del pa\u00eds,\u00a0<strong>muri\u00f3 el jueves por la noche tras agonizar durante poco m\u00e1s de dos semanas<\/strong>\u00a0en un hospital Tras velarla, sus padres reclaman justicia.<\/p>\n<div>\n<div id=\"caja#1\" class=\"ad-slot ad--dfp ad--bg ad--type-caja undefined\" data-adtype=\"caja\">\n<div id=\"caja#1_ad\" data-google-query-id=\"CL292_ezk-YCFQRlwQod1cMKAA\">\n<div id=\"google_ads_iframe_\/113951150\/tn\/nota\/caja_0__container__\"><iframe id=\"google_ads_iframe_\/113951150\/tn\/nota\/caja_0\" title=\"3rd party ad content\" name=\"google_ads_iframe_\/113951150\/tn\/nota\/caja_0\" width=\"300\" height=\"250\" frameborder=\"0\" marginwidth=\"0\" marginheight=\"0\" scrolling=\"no\" data-google-container-id=\"5\" data-load-complete=\"true\" data-mce-fragment=\"1\"><\/iframe><\/div>\n<\/div>\n<\/div>\n<\/div>\n<p>Los acusados por este suceso son cuatro adolescentes de entre 16 y 17 a\u00f1os, que est\u00e1n detenidos preventivamente en un centro de rehabilitaci\u00f3n para menores, investigados por el delito de violaci\u00f3n con agravante.<\/p>\n<p>Tras la muerte de la muchacha, el Ministerio P\u00fablico podr\u00e1 &#8220;ampliar el tipo penal&#8221; y cambiarlo a\u00a0<strong>femicidio<\/strong>, dijo el fiscal departamental de Oruro, Orlando Zapata.<\/p>\n<p>Zapata agreg\u00f3 que se aguarda un informe forense que indique si los cuatro acusados consumieron alguna droga adem\u00e1s de bebidas alcoh\u00f3licas.<\/p>\n<p>El hecho ocurri\u00f3 el pasado 16 de octubre, cuando los cuatro chicos acordaron encontrarse con la v\u00edctima y otras tres amigas en una casa abandonada de la ciudad de Oruro, seg\u00fan inform\u00f3 la Fiscal\u00eda.<\/p>\n<p>La v\u00edctima , que acudi\u00f3 sola al encuentro,\u00a0<strong>perdi\u00f3 el conocimiento tras consumir dos vasos de bebida<\/strong>\u00a0y cuando despert\u00f3 &#8220;no recordaba lo ocurrido, sent\u00eda mucho fr\u00edo y\u00a0<strong>presentaba un fuerte dolor en las caderas<\/strong>, hecho que no le permit\u00eda ponerse de pie&#8221;, inform\u00f3 entonces el Ministerio P\u00fablico.<\/p>\n<p>La adolescente logr\u00f3 salir del domicilio y fue auxiliada por transe\u00fantes que la trasladaron a un hospital, donde fue\u00a0<strong>ingresada en estado cr\u00edtico<\/strong>\u00a0con diagn\u00f3stico reservado.<\/p>\n<div>\n<div class=\"article__body__embed article__body__embed--googlemap\"><iframe loading=\"lazy\" src=\"https:\/\/www.google.com\/maps\/embed?pb=!1m18!1m12!1m3!1d815645.9477906281!2d-66.58298812978421!3d-18.257976671844148!2m3!1f0!2f0!3f0!3m2!1i1024!2i768!4f13.1!3m3!1m2!1s0x93e2b0a1fdff86f5%3A0xfe586e79566dead5!2sOruro%2C%20Bolivia!5e0!3m2!1ses-419!2sar!4v1572710534665!5m2!1ses-419!2sar\" width=\"600\" height=\"450\" frameborder=\"0\" allowfullscreen=\"allowfullscreen\" data-mce-fragment=\"1\"><\/iframe><\/div>\n<\/div>\n<p>\u201cAprovechando la situaci\u00f3n de amistad proceden a abusarla sexualmente llegando a niveles que es incre\u00edble describir.\u00a0<strong>Pr\u00e1cticamente le han destrozado la regi\u00f3n anal y vaginal<\/strong>\u201d, inform\u00f3 entonces el fiscal. Seg\u00fan medios locales, los agresores le introdujeron palos y fierros en sus partes \u00edntimas.<\/p>\n<p>&#8220;Lamentamos este hecho por la familia. Es un caso muy duro, muy fuerte&#8221;, declar\u00f3 Zapata.<\/p>\n<p>Los restos de la menor fueron velados en su domicilio este viernes. En medio de l\u00e1grimas, sus padres pidieron que se haga justicia y reclamaron la pena m\u00e1xima para los responsables.<\/p>\n<p>\u201c<strong>Ahora estamos sufriendo en vez de festejar su promoci\u00f3n<\/strong>. Yo quiero decirles que esos chicos no salgan, que se haga justicia, que paguen lo que tiene que ser, que no se les de la pena m\u00ednima\u201d, exigi\u00f3 la madre de la joven.<\/p>\n<p>Jhoselin cursaba su \u00faltimo a\u00f1o de colegio y quer\u00eda ser profesora y psic\u00f3loga.<\/p>\n<div>\n<div id=\"caja1#1\" class=\"ad-slot ad--dfp ad--bg ad--type-caja undefined\" data-adtype=\"caja\">\n<div id=\"caja1#1_ad\" data-google-query-id=\"CNbN3_ezk-YCFQRlwQod1cMKAA\">\n<div id=\"google_ads_iframe_\/113951150\/tn\/nota\/caja1_0__container__\"><iframe loading=\"lazy\" id=\"google_ads_iframe_\/113951150\/tn\/nota\/caja1_0\" title=\"3rd party ad content\" src=\"https:\/\/tpc.googlesyndication.com\/safeframe\/1-0-36\/html\/container.html\" name=\"\" width=\"300\" height=\"250\" frameborder=\"0\" marginwidth=\"0\" marginheight=\"0\" scrolling=\"no\" sandbox=\"allow-forms allow-pointer-lock allow-popups allow-popups-to-escape-sandbox allow-same-origin allow-scripts allow-top-navigation-by-user-activation\" data-is-safeframe=\"true\" data-google-container-id=\"6\" data-load-complete=\"true\" data-mce-fragment=\"1\"><\/iframe><\/div>\n<\/div>\n<\/div>\n<\/div>\n<p>&#8220;C\u00f3mo es posible que hayan cometido esta atrocidad, sin embargo los delincuentes est\u00e1n en el albergue, donde reciben visitas diarias con todas las comodidades. Estos delincuentes han actuado como adultos y deber\u00edan ser juzgados como adultos. Nos encontramos aqu\u00ed llorando su p\u00e9rdida con toda esta impotencia. Pedimos justicia&#8221;, se\u00f1al\u00f3 su padre.<\/p>\n<\/div>\n<\/div>\n<\/div>\n","protected":false},"excerpt":{"rendered":"<p>Una chica de 16 a\u00f1os fue drogada y atacada por cuatro compa\u00f1eros en una casa abandonada. El caso conmueve a Bolivia. Jhoselin, la v\u00edctima de una atroz violaci\u00f3n que conmovi\u00f3 Bolivia. (Foto: gentileza diario Los Tiempos). Jhoselin, una chica de 16 a\u00f1os que fue v\u00edctima de una brutal violaci\u00f3n grupal en la regi\u00f3n boliviana de [&hellip;]<\/p>\n","protected":false},"author":1,"featured_media":33918,"comment_status":"closed","ping_status":"closed","sticky":false,"template":"","format":"standard","meta":{"footnotes":""},"categories":[5],"tags":[],"class_list":["post-33915","post","type-post","status-publish","format-standard","has-post-thumbnail","hentry","category-internacionales"],"_links":{"self":[{"href":"http:\/\/informateesquina.com\/index.php?rest_route=\/wp\/v2\/posts\/33915","targetHints":{"allow":["GET"]}}],"collection":[{"href":"http:\/\/informateesquina.com\/index.php?rest_route=\/wp\/v2\/posts"}],"about":[{"href":"http:\/\/informateesquina.com\/index.php?rest_route=\/wp\/v2\/types\/post"}],"author":[{"embeddable":true,"href":"http:\/\/informateesquina.com\/index.php?rest_route=\/wp\/v2\/users\/1"}],"replies":[{"embeddable":true,"href":"http:\/\/informateesquina.com\/index.php?rest_route=%2Fwp%2Fv2%2Fcomments&post=33915"}],"version-history":[{"count":0,"href":"http:\/\/informateesquina.com\/index.php?rest_route=\/wp\/v2\/posts\/33915\/revisions"}],"wp:featuredmedia":[{"embeddable":true,"href":"http:\/\/informateesquina.com\/index.php?rest_route=\/"}],"wp:attachment":[{"href":"http:\/\/informateesquina.com\/index.php?rest_route=%2Fwp%2Fv2%2Fmedia&parent=33915"}],"wp:term":[{"taxonomy":"category","embeddable":true,"href":"http:\/\/informateesquina.com\/index.php?rest_route=%2Fwp%2Fv2%2Fcategories&post=33915"},{"taxonomy":"post_tag","embeddable":true,"href":"http:\/\/informateesquina.com\/index.php?rest_route=%2Fwp%2Fv2%2Ftags&post=33915"}],"curies":[{"name":"wp","href":"https:\/\/api.w.org\/{rel}","templated":true}]}}