{"id":33921,"date":"2019-12-02T14:42:38","date_gmt":"2019-12-02T17:42:38","guid":{"rendered":"https:\/\/informateesquina.com\/?p=33921"},"modified":"2019-12-02T14:42:38","modified_gmt":"2019-12-02T17:42:38","slug":"mancini-fue-reelecta-vicepresidente-2-de-la-camara-de-diputados","status":"publish","type":"post","link":"http:\/\/informateesquina.com\/?p=33921","title":{"rendered":"Mancini fue reelecta vicepresidente 2\u00b0 de la C\u00e1mara de Diputados"},"content":{"rendered":"<p>Este lunes se concret\u00f3 la sesi\u00f3n preparatoria de la C\u00e1mara Baja en la que juraron 15 nuevos diputados. En ese marco se conform\u00f3 la Mesa Directiva para el pr\u00f3ximo periodo y se ratific\u00f3 en la presidencia a Pedro Cassani. En tanto la vicepresidencia primera Eduardo Vischi y segunda Mar\u00eda Eugenia Mancini.<\/p>\n<p>En ese marco Mancini agradeci\u00f3 a sus pares \u201cpor haberme dado el alto honor y otorgado su confianza para continuar integrando la mesa directiva.<\/p>\n<p>A modo de balance la legisladora que preside el partido Cambio Austeridad y Progreso (CAP) se\u00f1al\u00f3 que \u201cm\u00e1s all\u00e1 del a\u00f1o pol\u00edtico, hemos tenido una agenda parlamentaria muy fruct\u00edfera que trat\u00f3 temas de gran importancia para la vida pol\u00edtica e institucional de la provincia que sin dudas influye en el d\u00eda a d\u00eda de nuestros comprovincianos\u201d.<\/p>\n<p>\u201cEn este recinto se trabaj\u00f3 en un marco de armon\u00eda, respeto pero sobre todas las cosas con un objetivo com\u00fan nuestra querida Corrientes. El deseo es que sigamos teniendo debates fruct\u00edferos, que logremos promover iniciativas y leyes que nos permitan alcanzar la provincia que merecemos.<\/p>\n<p>Para finalizar Mancini expres\u00f3 su deseo que Dios y Nuestra Se\u00f1ora de Itat\u00ed nos sigan iluminando para estar a la altura de las circunstancias, enalteciendo nuestros valores e ideas y procurando siempre el bien com\u00fan\u201d. Adem\u00e1s agradeci\u00f3 a su familia \u201cpor el acompa\u00f1amiento permanente, quiero recordar a mi padre, de quien tanto aprend\u00ed, agradezco a mi equipo de trabajo, al personal de la c\u00e1mara\u201d, finiquit\u00f3 al desear felices fiestas de Navidad y A\u00f1o Nuevo a todos los presentes.<\/p>\n","protected":false},"excerpt":{"rendered":"<p>Este lunes se concret\u00f3 la sesi\u00f3n preparatoria de la C\u00e1mara Baja en la que juraron 15 nuevos diputados. En ese marco se conform\u00f3 la Mesa Directiva para el pr\u00f3ximo periodo y se ratific\u00f3 en la presidencia a Pedro Cassani. En tanto la vicepresidencia primera Eduardo Vischi y segunda Mar\u00eda Eugenia Mancini. En ese marco Mancini [&hellip;]<\/p>\n","protected":false},"author":1,"featured_media":33922,"comment_status":"closed","ping_status":"closed","sticky":false,"template":"","format":"standard","meta":{"footnotes":""},"categories":[9,10],"tags":[136],"class_list":["post-33921","post","type-post","status-publish","format-standard","has-post-thumbnail","hentry","category-politica","category-provinciales","tag-destacados"],"_links":{"self":[{"href":"http:\/\/informateesquina.com\/index.php?rest_route=\/wp\/v2\/posts\/33921","targetHints":{"allow":["GET"]}}],"collection":[{"href":"http:\/\/informateesquina.com\/index.php?rest_route=\/wp\/v2\/posts"}],"about":[{"href":"http:\/\/informateesquina.com\/index.php?rest_route=\/wp\/v2\/types\/post"}],"author":[{"embeddable":true,"href":"http:\/\/informateesquina.com\/index.php?rest_route=\/wp\/v2\/users\/1"}],"replies":[{"embeddable":true,"href":"http:\/\/informateesquina.com\/index.php?rest_route=%2Fwp%2Fv2%2Fcomments&post=33921"}],"version-history":[{"count":0,"href":"http:\/\/informateesquina.com\/index.php?rest_route=\/wp\/v2\/posts\/33921\/revisions"}],"wp:featuredmedia":[{"embeddable":true,"href":"http:\/\/informateesquina.com\/index.php?rest_route=\/"}],"wp:attachment":[{"href":"http:\/\/informateesquina.com\/index.php?rest_route=%2Fwp%2Fv2%2Fmedia&parent=33921"}],"wp:term":[{"taxonomy":"category","embeddable":true,"href":"http:\/\/informateesquina.com\/index.php?rest_route=%2Fwp%2Fv2%2Fcategories&post=33921"},{"taxonomy":"post_tag","embeddable":true,"href":"http:\/\/informateesquina.com\/index.php?rest_route=%2Fwp%2Fv2%2Ftags&post=33921"}],"curies":[{"name":"wp","href":"https:\/\/api.w.org\/{rel}","templated":true}]}}