{"id":35295,"date":"2020-01-16T21:56:24","date_gmt":"2020-01-17T00:56:24","guid":{"rendered":"https:\/\/informateesquina.com\/?p=35295"},"modified":"2020-01-16T21:56:24","modified_gmt":"2020-01-17T00:56:24","slug":"imputan-a-un-hombre-por-arrastrar-a-un-perro-por-la-ruta-con-su-moto","status":"publish","type":"post","link":"http:\/\/informateesquina.com\/?p=35295","title":{"rendered":"Imputan a un hombre por arrastrar a un perro por la ruta con su moto"},"content":{"rendered":"<section class=\"row\">\n<div class=\"col-xs-12\">\n<article id=\"note-header\" class=\"note\">\n<figure class=\"media-wrapper\">\n<h6 style=\"text-align: center;\">Ocurri\u00f3 en Paraguay. Lo film\u00f3 un camionero. <b>Las im\u00e1genes se viralizaron.<\/b><\/h6>\n<h6 class=\"title\"><img decoding=\"async\" style=\"color: #666666; font-family: Roboto, sans-serif; font-size: 15px;\" title=\"Imputan a un hombre por arrastrar a un perro por la ruta con su moto\" src=\"https:\/\/media.minutouno.com\/adjuntos\/150\/imagenes\/037\/313\/0037313198.jpg\" alt=\"Imputan a un hombre por arrastrar a un perro por la ruta con su moto\" width=\"%width.gallery%\" \/><\/h6>\n<\/figure>\n<\/article>\n<\/div>\n<\/section>\n<section class=\"row\">\n<div class=\"col-xs-8 col-sm-12 col-md-8 reduced-size region-3\">\n<div class=\"detail-body \">\n<div class=\"preview\">\n<p>Un hombre fue captado mientras arrastraba a un perro mientras circulaba en una moto sobre la ruta PY01 de la ciudad de Santa Rosa en la provincia paraguaya de Misiones. <strong style=\"color: #666666; font-family: Roboto, sans-serif; font-size: 15px;\">El hecho fue grabado por un camionero y se viraliz\u00f3 en todo el vecino pa\u00eds causando repudio e indignaci\u00f3n.<\/strong><\/p>\n<\/div>\n<\/div>\n<div class=\"clearfix\">\n<div style=\"width: 352px;\" class=\"wp-video\"><video class=\"wp-video-shortcode\" id=\"video-35295-1\" width=\"352\" height=\"640\" preload=\"metadata\" controls=\"controls\"><source type=\"video\/mp4\" src=\"https:\/\/informateesquina.com\/wp-content\/uploads\/2020\/01\/MALTRATO.mp4?_=1\" \/><a href=\"https:\/\/informateesquina.com\/wp-content\/uploads\/2020\/01\/MALTRATO.mp4\">https:\/\/informateesquina.com\/wp-content\/uploads\/2020\/01\/MALTRATO.mp4<\/a><\/video><\/div>\n<\/div>\n<div class=\"detail-body \">\n<article id=\"note-body\" class=\"note-body\" data-twitter-link=\"https:\/\/twitter.com\/intent\/tweet?url=https:\/\/www.minutouno.com\/c5077114&amp;v\u00eda=minutounocom&amp;related=MinutoUno&amp;text=\">\n<div class=\"row\">\n<div class=\"inside-note col-xs-12\">\n<p>Seg\u00fan el diario paraguayo\u00a0<em>\u00daltima Hora<\/em>, el material lleg\u00f3 a las autoridades que ordenaron la identificaci\u00f3n del autor del hecho. Es por eso que el fiscal Pedro Duarte de la Unidad Fiscal de Santa Rosa, Misiones,<span id=\"saysCMSEmphasisug6cpax8hxa\" class=\"saysCMSEmphasis\">\u00a0lleg\u00f3 a dar con el motociclista y lo imput\u00f3 por\u00a0maltrato animal.<\/span><\/p>\n<p>El hecho se dio en la ruta PY01 Francisco Solano L\u00f3pez de a la altura del distrito de San Ignacio. El perro fue ubicado por lo que fue atendido en una veterinaria y se encuentra con una familia mientras dure el proceso.<\/p>\n<div id=\"embed50_wrap\" class=\"embed_cont type_freetext no-epigrafe no-copyright\">\n<div id=\"embed50_content\" class=\"embed_content\">\n<div id=\"embed50_embed\">\n<div class=\"SandboxRoot env-bp-350\" data-twitter-event-id=\"0\">\n<div id=\"twitter-widget-0\" class=\"EmbeddedTweet EmbeddedTweet--cta js-clickToOpenTarget\" lang=\"es\" data-click-to-open-target=\"https:\/\/twitter.com\/juanmaencisod\/status\/1217885659475709952\" data-iframe-title=\"Tweet de Twitter\" data-scribe=\"page:tweet\" data-twitter-event-id=\"1\">\n<div class=\"EmbeddedTweet-ancestor EmbeddedTweet-ancestor--repliesRefresh\" data-scribe=\"section:conversation\">\n<blockquote class=\"Tweet Tweet--compact h-entry reply js-tweetIdInfo\" cite=\"https:\/\/twitter.com\/juanmaencisod\/status\/1217885656040517632\" data-tweet-id=\"1217885656040517632\">\n<div class=\"Tweet-ancestorContainer Tweet-ancestorContainer--repliesRefresh\"><a class=\"TweetAuthor-avatar TweetAuthor-avatar--ancestor Identity-avatar u-linkBlend\" href=\"https:\/\/twitter.com\/juanmaencisod\" data-scribe=\"element:user_link\" aria-label=\"Juan Manuel Enciso (nombre de pantalla: juanmaencisod)\"><img decoding=\"async\" class=\"Avatar\" src=\"https:\/\/pbs.twimg.com\/profile_images\/1158203353480015874\/Vf7PXlwr_normal.jpg\" alt=\"\" data-scribe=\"element:avatar\" data-src-2x=\"https:\/\/pbs.twimg.com\/profile_images\/1158203353480015874\/Vf7PXlwr_bigger.jpg\" data-src-1x=\"https:\/\/pbs.twimg.com\/profile_images\/1158203353480015874\/Vf7PXlwr_normal.jpg\" \/><\/a><\/p>\n<div class=\"Tweet-ancestorContents Tweet-ancestorContents--repliesRefresh\">\n<div class=\"Tweet-header\">\n<div class=\"TweetAuthor js-inViewportScribingTarget TweetAuthor--oneLine\" data-scribe=\"component:author\">\n<div class=\"TweetAuthor-nameScreenNameContainer\"><span class=\"TweetAuthor-decoratedName\"><span class=\"TweetAuthor-name Identity-name customisable-highlight\" title=\"Juan Manuel Enciso\" data-scribe=\"element:name\">Juan Manuel Enciso<\/span><\/span><span class=\"TweetAuthor-screenName Identity-screenName\" dir=\"ltr\" title=\"@juanmaencisod\" data-scribe=\"element:screen_name\">@juanmaencisod<\/span><\/div>\n<\/div>\n<div class=\"Tweet-metadata\">\u00a0\u00b7\u00a0<a class=\"u-linkBlend u-url permalink customisable-highlight\" href=\"https:\/\/twitter.com\/juanmaencisod\/status\/1217885656040517632\" data-scribe=\"element:mini_timestamp\"><time class=\"dt-updated\" title=\"Publicado a las: 16 de enero de 2020 19:05:42 (UTC)\" datetime=\"2020-01-16T19:05:42+0000\" aria-label=\"Publicado hace 5  horas\">5<abbr title=\" horas\">h<\/abbr><\/time><\/a><\/div>\n<div class=\"Tweet-brand\">\n<div class=\"Icon Icon--twitter \" title=\"Ver en Twitter\" role=\"presentation\" aria-label=\"Ver en Twitter\"><\/div>\n<\/div>\n<\/div>\n<div class=\"Tweet-body e-entry-content\" data-scribe=\"component:tweet\">\n<p class=\"Tweet-text e-entry-title\" dir=\"ltr\" lang=\"es\">Con relaci\u00f3n al video viralizado en redes, en donde se ve a un se\u00f1or arrastrando a un perro desde su moto,queremos comunicar para la tranquilidad de la inmensa ciudadan\u00eda que se encuentra preocupada por el caso de que el d\u00eda de ma\u00f1ana, estaremos en el lugar realizando la denuncia<\/p>\n<div class=\"Tweet-card\">\n<article class=\"MediaCard\n\n           cards-multimedia\n           customisable-border\" dir=\"ltr\" data-scribe=\"component:card\"><\/p>\n<div class=\"MediaCard-media\">\n<div class=\"MediaCard-widthConstraint js-cspForcedStyle\" data-style=\"max-width: 2000px\">\n<div class=\"MediaCard-mediaContainer MediaCard--roundedTop MediaCard--roundedBottom js-cspForcedStyle\" data-style=\"padding-bottom: 100.0000%\">\n<div class=\"NaturalImage-ctaOverlay PlayButton PlayButton--centered\" data-scribe=\"element:play_button\">\n<div class=\"Icon Icon--playCircle \" title=\"Reproducir contenido multimedia\" role=\"img\" aria-label=\"Reproducir contenido multimedia\"><\/div>\n<\/div>\n<p><a class=\"MediaCard-mediaAsset MediaCard-mediaPlaceholder NaturalImage NaturalImage--fill js-playableMediaInterstitial\" href=\"https:\/\/twitter.com\/juanmaencisod\/status\/1217885656040517632\"><img decoding=\"async\" class=\"NaturalImage-image\" src=\"https:\/\/pbs.twimg.com\/ext_tw_video_thumb\/1217884724418547712\/pu\/img\/UVjUesg9JAy8ELIM?format=jpg&amp;name=small\" alt=\"Video insertado\" data-image=\"https:\/\/pbs.twimg.com\/ext_tw_video_thumb\/1217884724418547712\/pu\/img\/UVjUesg9JAy8ELIM\" data-scribe=\"element:poster_image\" \/><\/a><\/div>\n<\/div>\n<\/div>\n<\/article>\n<\/div>\n<\/div>\n<\/div>\n<\/div>\n<\/blockquote>\n<\/div>\n<div class=\"EmbeddedTweet-tweetContainer\">\n<div class=\"EmbeddedTweet-tweet\">\n<blockquote class=\"Tweet h-entry js-tweetIdInfo subject expanded\" cite=\"https:\/\/twitter.com\/juanmaencisod\/status\/1217885659475709952\" data-tweet-id=\"1217885659475709952\" data-scribe=\"section:subject\">\n<div class=\"Tweet-header\"><a class=\"TweetAuthor-avatar  Identity-avatar u-linkBlend\" href=\"https:\/\/twitter.com\/juanmaencisod\" data-scribe=\"element:user_link\" aria-label=\"Juan Manuel Enciso (nombre de pantalla: juanmaencisod)\"><img decoding=\"async\" class=\"Avatar\" src=\"https:\/\/pbs.twimg.com\/profile_images\/1158203353480015874\/Vf7PXlwr_normal.jpg\" alt=\"\" data-scribe=\"element:avatar\" data-src-2x=\"https:\/\/pbs.twimg.com\/profile_images\/1158203353480015874\/Vf7PXlwr_bigger.jpg\" data-src-1x=\"https:\/\/pbs.twimg.com\/profile_images\/1158203353480015874\/Vf7PXlwr_normal.jpg\" \/><\/a><\/p>\n<div class=\"TweetAuthor js-inViewportScribingTarget\" data-scribe=\"component:author\">\n<div class=\"TweetAuthor-nameScreenNameContainer\"><span class=\"TweetAuthor-decoratedName\"><span class=\"TweetAuthor-name Identity-name customisable-highlight\" title=\"Juan Manuel Enciso\" data-scribe=\"element:name\">Juan Manuel Enciso<\/span><\/span><span class=\"TweetAuthor-screenName Identity-screenName\" dir=\"ltr\" title=\"@juanmaencisod\" data-scribe=\"element:screen_name\">@juanmaencisod<\/span><\/div>\n<\/div>\n<\/div>\n<div class=\"Tweet-body e-entry-content\" data-scribe=\"component:tweet\">\n<div class=\"Tweet-target js-inViewportScribingTarget\"><\/div>\n<p class=\"Tweet-text e-entry-title\" dir=\"ltr\" lang=\"es\">pertinente en Santa Rosa Misiones, ya que tenemos identificado al supuesto autor, tambi\u00e9n veremos de rescatar al animal y quedar\u00e1 a cargo de la Direcci\u00f3n Nacional de Defensa Animal su recuperaci\u00f3n.<br \/>\nTrabajamos por la justicia del animal. <img decoding=\"async\" class=\"Emoji Emoji--forText\" title=\"B\u00edceps flexionado\" draggable=\"false\" src=\"https:\/\/abs.twimg.com\/emoji\/v2\/72x72\/1f4aa.png\" alt=\"?\" aria-label=\"Emoji: B\u00edceps flexionado\" \/><img decoding=\"async\" class=\"Emoji Emoji--forText\" title=\"Cara de perro\" draggable=\"false\" src=\"https:\/\/abs.twimg.com\/emoji\/v2\/72x72\/1f436.png\" alt=\"?\" aria-label=\"Emoji: Cara de perro\" \/><\/p>\n<div class=\"TweetInfo\">\n<div class=\"TweetInfo-like\">\n<div data-scribe=\"element:heart\">\n<div class=\"Icon Icon--heart \" title=\"Me gusta\" role=\"img\" aria-label=\"Me gusta\"><\/div>\n<\/div>\n<p><a class=\"TweetInfo-heart\" title=\"Me gusta\" href=\"https:\/\/twitter.com\/intent\/like?tweet_id=1217885659475709952\" data-scribe=\"component:actions\"><span class=\"TweetInfo-heartStat\" data-scribe=\"element:heart_count\">335<\/span><\/a><\/div>\n<div class=\"TweetInfo-timeGeo\"><a class=\"u-linkBlend u-url customisable-highlight long-permalink\" href=\"https:\/\/twitter.com\/juanmaencisod\/status\/1217885659475709952\" data-datetime=\"2020-01-16T19:05:43+0000\" data-scribe=\"element:full_timestamp\"><time class=\"dt-updated\" title=\"Publicado a las: 16 de enero de 2020 19:05:43 (UTC)\" datetime=\"2020-01-16T19:05:43+0000\">16:05 &#8211; 16 ene. 2020<\/time><\/a><\/div>\n<div class=\"tweet-InformationCircle\" data-scribe=\"element:notice\"><a class=\"Icon Icon--informationCircleWhite js-inViewportScribingTarget\" title=\"Informaci\u00f3n y privacidad de Twitter Ads\" href=\"https:\/\/support.twitter.com\/articles\/20175256\"><span class=\"u-hiddenVisually\">Informaci\u00f3n y privacidad de Twitter Ads<\/span><\/a><\/div>\n<\/div>\n<\/div>\n<\/blockquote>\n<\/div>\n<div class=\"CallToAction-icon\" data-scribe=\"element:conversation_icon\">\n<div class=\"Icon Icon--replyCTA \" title=\"Ver conversaci\u00f3n en Twitter\" role=\"img\" aria-label=\"Ver conversaci\u00f3n en Twitter\">Por su parte el director Nacional de Defensa, Salud y Bienestar Animal,<strong>\u00a0Juan Manuel Enciso, mencion\u00f3 en sus redes que este viernes ir\u00e1 hasta Misiones para presentar una denuncia formal<\/strong>\u00a0por el maltrato que sufri\u00f3 la mascota.<\/div>\n<\/div>\n<\/div>\n<\/div>\n<\/div>\n<\/div>\n<\/div>\n<\/div>\n<\/div>\n<\/div>\n<\/article>\n<\/div>\n<\/div>\n<\/section>\n","protected":false},"excerpt":{"rendered":"<p>Ocurri\u00f3 en Paraguay. Lo film\u00f3 un camionero. Las im\u00e1genes se viralizaron. Un hombre fue captado mientras arrastraba a un perro mientras circulaba en una moto sobre la ruta PY01 de la ciudad de Santa Rosa en la provincia paraguaya de Misiones. El hecho fue grabado por un camionero y se viraliz\u00f3 en todo el vecino [&hellip;]<\/p>\n","protected":false},"author":1,"featured_media":35296,"comment_status":"closed","ping_status":"closed","sticky":false,"template":"","format":"video","meta":{"footnotes":""},"categories":[11],"tags":[136],"class_list":["post-35295","post","type-post","status-publish","format-video","has-post-thumbnail","hentry","category-sociedad","tag-destacados","post_format-post-format-video"],"_links":{"self":[{"href":"http:\/\/informateesquina.com\/index.php?rest_route=\/wp\/v2\/posts\/35295","targetHints":{"allow":["GET"]}}],"collection":[{"href":"http:\/\/informateesquina.com\/index.php?rest_route=\/wp\/v2\/posts"}],"about":[{"href":"http:\/\/informateesquina.com\/index.php?rest_route=\/wp\/v2\/types\/post"}],"author":[{"embeddable":true,"href":"http:\/\/informateesquina.com\/index.php?rest_route=\/wp\/v2\/users\/1"}],"replies":[{"embeddable":true,"href":"http:\/\/informateesquina.com\/index.php?rest_route=%2Fwp%2Fv2%2Fcomments&post=35295"}],"version-history":[{"count":0,"href":"http:\/\/informateesquina.com\/index.php?rest_route=\/wp\/v2\/posts\/35295\/revisions"}],"wp:featuredmedia":[{"embeddable":true,"href":"http:\/\/informateesquina.com\/index.php?rest_route=\/"}],"wp:attachment":[{"href":"http:\/\/informateesquina.com\/index.php?rest_route=%2Fwp%2Fv2%2Fmedia&parent=35295"}],"wp:term":[{"taxonomy":"category","embeddable":true,"href":"http:\/\/informateesquina.com\/index.php?rest_route=%2Fwp%2Fv2%2Fcategories&post=35295"},{"taxonomy":"post_tag","embeddable":true,"href":"http:\/\/informateesquina.com\/index.php?rest_route=%2Fwp%2Fv2%2Ftags&post=35295"}],"curies":[{"name":"wp","href":"https:\/\/api.w.org\/{rel}","templated":true}]}}