{"id":35345,"date":"2020-01-20T16:25:11","date_gmt":"2020-01-20T19:25:11","guid":{"rendered":"https:\/\/informateesquina.com\/?p=35345"},"modified":"2020-01-20T16:25:11","modified_gmt":"2020-01-20T19:25:11","slug":"torneo-de-pesca-ideal-para-pasar-en-familia-estan-abiertas-a-las-inscripciones-gratuitas","status":"publish","type":"post","link":"http:\/\/informateesquina.com\/?p=35345","title":{"rendered":"Torneo de pesca ideal para pasar en familia: Est\u00e1n abiertas a las inscripciones gratuitas"},"content":{"rendered":"<p>Omar Bord\u00f3n presidente del Club N\u00e1utico e Iv\u00e1n Corleta, secretario del club, pasaron por Comunic\u00e1ndonos Esquina Corrientes para hablar del \u00a0torneo de pesca de costa variada con devoluci\u00f3n, que se realizar\u00e1 el pr\u00f3ximo 15 de febrero en el Marco de la 34\u00b0 Fiesta Nacional Pac\u00fa.<\/p>\n<p>Estar\u00e1 dividido en tres categor\u00edas:<\/p>\n<ul>\n<li>Infantiles ( desde los 4 a\u00f1os hasta los 12 )<\/li>\n<li>juveniles (de 13 a 17 a\u00f1os)<\/li>\n<li>Adultos (a partir de los 18 a\u00f1os)<\/li>\n<\/ul>\n<p>Corleta explic\u00f3 que est\u00e1n trabajando con la direcci\u00f3n d discapacidad de la Municipalidad de Esquina y la escuela especial N\u00ba13. \u201cEste a\u00f1o habr\u00e1 la pesca de costa en s\u00ed; pesca de costa inclusiva (la escuela especial N\u00ba13); y pesca en kayak, que es algo nuevo ac\u00e1 pero que en otros lugares ya se est\u00e1 usando\u201d.<\/p>\n<p>\u201cInvitamos a todos los oyentes a participar, ser\u00e1 de 9 a 12, y es una actividad gratuita. Pueden inscribirse de lunes a viernes en la secretar\u00eda del club Nautico <strong>(Velazco casi Santa Rita)<\/strong>, en el horario de 09:00 a 12:00 y de 18:00 a 21:00\u201d. o Bien pueden inscribirse ese mismo d\u00eda.<\/p>\n<p>\u00a1Habr\u00e1 premios y sorteos!<\/p>\n","protected":false},"excerpt":{"rendered":"<p>Omar Bord\u00f3n presidente del Club N\u00e1utico e Iv\u00e1n Corleta, secretario del club, pasaron por Comunic\u00e1ndonos Esquina Corrientes para hablar del \u00a0torneo de pesca de costa variada con devoluci\u00f3n, que se realizar\u00e1 el pr\u00f3ximo 15 de febrero en el Marco de la 34\u00b0 Fiesta Nacional Pac\u00fa. Estar\u00e1 dividido en tres categor\u00edas: Infantiles ( desde los 4 [&hellip;]<\/p>\n","protected":false},"author":1,"featured_media":35346,"comment_status":"closed","ping_status":"closed","sticky":false,"template":"","format":"standard","meta":{"footnotes":""},"categories":[6],"tags":[136],"class_list":["post-35345","post","type-post","status-publish","format-standard","has-post-thumbnail","hentry","category-locales","tag-destacados"],"_links":{"self":[{"href":"http:\/\/informateesquina.com\/index.php?rest_route=\/wp\/v2\/posts\/35345","targetHints":{"allow":["GET"]}}],"collection":[{"href":"http:\/\/informateesquina.com\/index.php?rest_route=\/wp\/v2\/posts"}],"about":[{"href":"http:\/\/informateesquina.com\/index.php?rest_route=\/wp\/v2\/types\/post"}],"author":[{"embeddable":true,"href":"http:\/\/informateesquina.com\/index.php?rest_route=\/wp\/v2\/users\/1"}],"replies":[{"embeddable":true,"href":"http:\/\/informateesquina.com\/index.php?rest_route=%2Fwp%2Fv2%2Fcomments&post=35345"}],"version-history":[{"count":0,"href":"http:\/\/informateesquina.com\/index.php?rest_route=\/wp\/v2\/posts\/35345\/revisions"}],"wp:featuredmedia":[{"embeddable":true,"href":"http:\/\/informateesquina.com\/index.php?rest_route=\/"}],"wp:attachment":[{"href":"http:\/\/informateesquina.com\/index.php?rest_route=%2Fwp%2Fv2%2Fmedia&parent=35345"}],"wp:term":[{"taxonomy":"category","embeddable":true,"href":"http:\/\/informateesquina.com\/index.php?rest_route=%2Fwp%2Fv2%2Fcategories&post=35345"},{"taxonomy":"post_tag","embeddable":true,"href":"http:\/\/informateesquina.com\/index.php?rest_route=%2Fwp%2Fv2%2Ftags&post=35345"}],"curies":[{"name":"wp","href":"https:\/\/api.w.org\/{rel}","templated":true}]}}