{"id":35348,"date":"2020-01-20T16:29:53","date_gmt":"2020-01-20T19:29:53","guid":{"rendered":"https:\/\/informateesquina.com\/?p=35348"},"modified":"2020-01-20T16:29:53","modified_gmt":"2020-01-20T19:29:53","slug":"desde-el-miercoles-se-paga-el-bono-de-6-000-a-trabajadores-provinciales","status":"publish","type":"post","link":"http:\/\/informateesquina.com\/?p=35348","title":{"rendered":"Desde el mi\u00e9rcoles se paga el bono de $6.000 a trabajadores provinciales"},"content":{"rendered":"<p class=\"hzzd-italic\" style=\"text-align: center;\"><strong><em>El Gobernador lo dio a conocer a trav\u00e9s de una publicaci\u00f3n en su cuenta de Twitter. Los trabajadores activos y pasivos de la provincia percibir\u00e1n de acuerdo a la terminaci\u00f3n del DNI.<\/em><\/strong><\/p>\n<p class=\"Tweet-text e-entry-title\" dir=\"ltr\" lang=\"es\">El gobernador Gustavo Vald\u00e9s inform\u00f3 que a partir de este mi\u00f1ercoles 22 est\u00e1 lista la liquidaci\u00f3n del bono de $6.000 para trabajadores provinciales activos y pasivos.<\/p>\n<p class=\"Tweet-text e-entry-title\" dir=\"ltr\" lang=\"es\">El pago inicia esta semana por terminaci\u00f3n del DNI:<br \/>\n\u2022 Mi\u00e9rcoles 22: 0, 1, 2 y 3.<br \/>\n\u2022 Jueves 23: 4, 5 y 6.<br \/>\n\u2022 Viernes 24: 7, 8 y 9.<\/p>\n<div class=\"TweetInfo\">\n<div class=\"TweetInfo-like\"><\/div>\n<\/div>\n","protected":false},"excerpt":{"rendered":"<p>El Gobernador lo dio a conocer a trav\u00e9s de una publicaci\u00f3n en su cuenta de Twitter. Los trabajadores activos y pasivos de la provincia percibir\u00e1n de acuerdo a la terminaci\u00f3n del DNI. El gobernador Gustavo Vald\u00e9s inform\u00f3 que a partir de este mi\u00f1ercoles 22 est\u00e1 lista la liquidaci\u00f3n del bono de $6.000 para trabajadores provinciales [&hellip;]<\/p>\n","protected":false},"author":1,"featured_media":35349,"comment_status":"closed","ping_status":"closed","sticky":false,"template":"","format":"standard","meta":{"footnotes":""},"categories":[6,10],"tags":[66,136],"class_list":["post-35348","post","type-post","status-publish","format-standard","has-post-thumbnail","hentry","category-locales","category-provinciales","tag-bono-de-6-000","tag-destacados"],"_links":{"self":[{"href":"http:\/\/informateesquina.com\/index.php?rest_route=\/wp\/v2\/posts\/35348","targetHints":{"allow":["GET"]}}],"collection":[{"href":"http:\/\/informateesquina.com\/index.php?rest_route=\/wp\/v2\/posts"}],"about":[{"href":"http:\/\/informateesquina.com\/index.php?rest_route=\/wp\/v2\/types\/post"}],"author":[{"embeddable":true,"href":"http:\/\/informateesquina.com\/index.php?rest_route=\/wp\/v2\/users\/1"}],"replies":[{"embeddable":true,"href":"http:\/\/informateesquina.com\/index.php?rest_route=%2Fwp%2Fv2%2Fcomments&post=35348"}],"version-history":[{"count":0,"href":"http:\/\/informateesquina.com\/index.php?rest_route=\/wp\/v2\/posts\/35348\/revisions"}],"wp:featuredmedia":[{"embeddable":true,"href":"http:\/\/informateesquina.com\/index.php?rest_route=\/"}],"wp:attachment":[{"href":"http:\/\/informateesquina.com\/index.php?rest_route=%2Fwp%2Fv2%2Fmedia&parent=35348"}],"wp:term":[{"taxonomy":"category","embeddable":true,"href":"http:\/\/informateesquina.com\/index.php?rest_route=%2Fwp%2Fv2%2Fcategories&post=35348"},{"taxonomy":"post_tag","embeddable":true,"href":"http:\/\/informateesquina.com\/index.php?rest_route=%2Fwp%2Fv2%2Ftags&post=35348"}],"curies":[{"name":"wp","href":"https:\/\/api.w.org\/{rel}","templated":true}]}}