{"id":35351,"date":"2020-01-20T17:13:00","date_gmt":"2020-01-20T20:13:00","guid":{"rendered":"https:\/\/informateesquina.com\/?p=35351"},"modified":"2020-01-20T17:13:00","modified_gmt":"2020-01-20T20:13:00","slug":"fiesta-nacional-del-chamame-hoy-estaran-don-simon-de-jesus-palacios-daniel-franich-y-marcia-muller","status":"publish","type":"post","link":"http:\/\/informateesquina.com\/?p=35351","title":{"rendered":"Fiesta Nacional del Chamam\u00e9:\u00a0 Hoy estar\u00e1n Don Sim\u00f3n de Jes\u00fas Palacios, Daniel Franich y Marcia M\u00fcller"},"content":{"rendered":"<article id=\"item\">\n<header class=\"wrapper\">\n<h6 style=\"text-align: center;\"><em>Jorge suligoy nos presenta este lunes 20 de enero la presentaci\u00f3n de otro de los pr\u00f3ceres del chamam\u00e9. Don sim\u00f3n de Jes\u00fas Palacios, quien contar\u00e1 las an\u00e9cdotas e su larga historia vinculada al chamam\u00e9. Tambi\u00e9n estar\u00e1 un casal de acordeonistas. El caballero, santafesino, es Daniel Franich, mientras que la mujer, bonaerense ella, es Marcia M\u00fcller.<\/em><\/h6>\n<\/header>\n<p><main class=\"wrapper\"><\/p>\n<section class=\"body\">\n<section class=\"content\">\n<div class=\"bar floatFix\">\n<div class=\"share\"><\/div>\n<\/div>\n<div class=\"center large m_image\">\n<figure><img decoding=\"async\" class=\"large\" src=\"https:\/\/www.radiodos.com.ar\/content\/bucket\/8\/65348w720.jpg\" alt=\"lunes20.jpg\" \/><\/figure>\n<\/div>\n<p><strong>SIMON DE JESUS PALACIOS<\/strong><\/p>\n<p>Cantante, guitarrista, autor y compositor, Sim\u00f3n de Jes\u00fas Palacios, naci\u00f3 en el paraje \u201cLomas de Empedrado\u201d, el 31 de Agosto de 1936.<\/p>\n<div class=\"left medium m_image\">\n<figure><img decoding=\"async\" class=\"medium\" src=\"https:\/\/www.radiodos.com.ar\/content\/bucket\/7\/65347w440.jpg\" alt=\"palacios.jpg\" \/><\/figure>\n<\/div>\n<p>Radicado en la capital correntina para continuar sus estudios, en su adolescencia comienza a ejecutar la guitarra en forma intuitiva. Posteriormente toma clases de teor\u00eda y solfeo.<\/p>\n<p>En el a\u00f1o 1955 realiza sus primeras presentaciones como cantante y en esta etapa conoce al acordeonista Marcos Br\u00edgido Gonz\u00e1lez, que ser\u00e1 su compa\u00f1ero en varias agrupaciones musicales.<\/p>\n<p>En 1956 se integra al conjunto del acordeonista Ram\u00f3n \u201cMoncho\u201d Monz\u00f3n, donde forma el d\u00fao de voces y guitarras con Santiago Nicol\u00e1s Ver\u00f3n, dando nacimiento al legendario \u201cD\u00fao de la Simpat\u00eda\u201d. Junto a Ver\u00f3n son convocados posteriormente por el bandoneonista Miguel \u201cChito\u201d Morales para sumarse a su conjunto \u201cIvera\u201d, con el que realiza presentaciones en las principales pistas de la \u00e9poca como \u201cIvitu\u201d, \u201cColmao Sevilla\u201d, \u201cMi Caba\u00f1a\u201d y \u201cPunta Tacuara\u201d.<\/p>\n<p>Luego de un ef\u00edmero paso por el conjunto \u201cSanta Elena\u201d que dirig\u00eda el bandoneonista Mart\u00edn \u201cFierrito\u201d Torres, el d\u00fao \u201cVer\u00f3n &#8211; Palacios\u201d es contratado en el a\u00f1o 1956 para una serie de actuaciones en \u201cLT7 Radio Corrientes\u201d, donde los escucha Tr\u00e1nsito Cocomarola, que los invita a integrarse a su conjunto. El debut se produce en una pista que regenteaba Cocomarola en las cercan\u00edas de \u201cPuerto Italia\u201d.<\/p>\n<p>Junto al \u201cTaita\u201d permanecieron por espacio de 5 a\u00f1os, realizando intensas giras por el Litoral y presentaciones radiales y en pistas de la \u00e9poca en Buenos Aires, adem\u00e1s de realizar sus primeras grabaciones junto al sancosme\u00f1o para el sello \u201cOde\u00f3n\u201d.<\/p>\n<p>En 1961 el d\u00fao se desvincula para formar su propia agrupaci\u00f3n, acompa\u00f1ados del acorde\u00f3n de Br\u00edgido Gonz\u00e1lez y el bandone\u00f3n de Tot\u00e9 Esquivel. Con esta formaci\u00f3n realizan grabaciones para el sello \u201cCBS\u201d y presentaciones en las pioneras audiciones televisivas de Corrientes. En el a\u00f1o 1964 Santiago Ver\u00f3n deja el conjunto, asumiendo Sim\u00f3n Palacios al direcci\u00f3n bajo el r\u00f3tulo de \u201cConjunto Ver\u00f3n &#8211; Palacios\u201d, donde form\u00f3 el d\u00fao de voces con el cantante y guitarrista chaque\u00f1o Catalino Ram\u00f3n Ver\u00f3n.<\/p>\n<p>En 1973 reingresa Santiago Ver\u00f3n, permaneciendo hasta el a\u00f1o 1986 y desde entonces y hasta la actualidad, la direcci\u00f3n contin\u00faa en manos de Sim\u00f3n de Jesus Palacios.<\/p>\n<p>En 5 d\u00e9cadas de carrera al frente de su conjunto, Palacios grab\u00f3 para sellos como el citado \u201cCBS\u201d y adem\u00e1s para otras importantes compa\u00f1\u00edas como \u201cOde\u00f3n\u201d, \u201cRCA V\u00edctor\u201d y \u201cMicrof\u00f3n\u201d. Acompa\u00f1aron en estos a\u00f1os a Palacios m\u00fasicos como Juan Bernab\u00e9 Guerra, Enrique Cecilio Barb\u00edn, Jorge de la Cruz Balmaceda, Mario Menend\u00e9z, Juan Alberto Pinto, Juan Carlos Galarza, F\u00e9lix Robledo, Pedro Pablo Gomez \u201cGomecito\u201d, Carlos Alberto Navarro y el legendario contrabajista Juan Ayala.<\/p>\n<p>Sim\u00f3n de Palacios ha recibido importantes galardones por su trayectoria como cantante y tambi\u00e9n como compositor, ya que llevan su firma m\u00e1s de 150 obras registradas entre las que podemos destacar \u201cChinita Linda\u201d (dedicado a su esposa), \u201cCorrientes y el Parana\u201d, \u201cAmor inevitable\u201d, \u201cH\u00e1blame con idioma de besos\u201d, \u201cMa\u00f1anitas de mi pago\u201d, \u201cCorrientes siempre Corrientes, \u201c\u201dPampa y cielo de Corrientes\u201d y su obra m\u00e1s difundida \u201cRecordando a Concepci\u00f3n\u201d, compuesta en colaboraci\u00f3n con Manuel Ram\u00edrez.<\/p>\n<p>Sim\u00f3n de Jes\u00fas Palacios contin\u00faa residiendo en la capital correntina, en plena vigencia de su carrera art\u00edstica.-<\/p>\n<p><strong>DANIEL FRANICH<\/strong><\/p>\n<p>Acordeonista y compositor Juan Daniel Franich naci\u00f3 el 9 de Julio de 1973 en Villa Minetti, Provincia de Santa F\u00e9.<\/p>\n<p>Criado en un medio netamente rural su primer contacto con la m\u00fasica fue a trav\u00e9s de la radio y los discos de su padre donde escuchaba a grandes folkloristas como Tr\u00e1nsito Cocomarola, Jorge Cafrune y Tarrago Ros y las veladas amenizadas por su padre y sus t\u00edos, m\u00fasicos aficcionados.<\/p>\n<div class=\"right medium m_image\">\n<figure><img decoding=\"async\" class=\"medium\" src=\"https:\/\/www.radiodos.com.ar\/content\/bucket\/6\/65346w440.jpg\" alt=\"franich.jpg\" \/><\/figure>\n<\/div>\n<p>&nbsp;<\/p>\n<p>A la edad de 9 a\u00f1os se radica en Villa Minetti y comienza a ejecutar el acorde\u00f3n a botonera el que al poco tiempo por pedido de su padre reemplaza por el acorde\u00f3n a piano que ejecuta hasta el presente.<\/p>\n<p>En el a\u00f1o 1990 forma su primer conjunto \u201cLos Hermanitos Franich\u201d junto a su hermano Javier en guitarra con el que realiza sus primeras presentaciones en la zona.<\/p>\n<p>En el a\u00f1o 1994 se radic\u00f3 en el paraje \u201cEl Nochero\u201d (Santa F\u00e9) donde se inici\u00f3 en la difusi\u00f3n de nuestro g\u00e9nero a trav\u00e9s de su audici\u00f3n \u201cRecreo Chamamecero\u201d que estuvo al aire por espacio de 5 a\u00f1os.<\/p>\n<p>Ya consolidado al frente de su conjunto comienza a presentarse en festivales del norte de Santa F\u00e9 y en el a\u00f1o 2001 comienza la grabaci\u00f3n de la que ser\u00eda su primer disco. En esta etapa viaja a Corrientes donde conoce al acordeonista Roberto Romero y al guitarrista Pedro del Prado, quienes colaboran en su disco y adem\u00e1s lo gu\u00edan en su proyecto art\u00edstico.<\/p>\n<p>En el a\u00f1o 2004 se radica en la ciudad capital de Santa F\u00e9 donde conoce al cantante y guitarrista oriundo de San Justo (Santa F\u00e9) David D\u00edaz que ser\u00eda la voz del conjunto en su primer registro discogr\u00e1fico que vio la luz finalmente en 2005 con el nombre de \u201cMi Pueblo\u201d editado por el sello \u201cAH\u201d.<\/p>\n<p>Su discograf\u00eda se completa con \u201cLitoralma\u201d editado en 2008 donde participa como invitado Antonio Tarrago Ros y su m\u00e1s reciente trabajo titulado \u201cZapateadores Chamamaceros\u201d.<\/p>\n<p>Integraron adem\u00e1s su conjunto en actuaciones y grabaciones artistas como Roberto Romero, Arnaldo Pucheta, Jos\u00e9 y Pablo Ayala, Claudio Molini, Sergio Rosa, Gonzalo D\u00edaz y Osvaldo Lucero.<\/p>\n<p>Daniel Franich se ha presentado en importantes escenarios del litoral argentino como el \u201cFestival de Festivales del Chamame\u201d de Santa F\u00e9 y en prestigiosos auditorios como la \u201cSala Cervantes\u201d y la \u201cSala Maggi\u201d de la Universidad del Litoral, ambas de la capital santafesina.<\/p>\n<p>Prol\u00edfico compositor llevan la firma de Franich obras como \u201cAdi\u00f3s\u201d, \u201cMi Santa F\u00e9\u201d, \u201cOjitos celestes\u201d, \u201cLa roldana\u201d, \u201cPe\u00f3n y jinete\u201d, \u201cZapateadores chamameceros\u201d, \u201cViejo boliche\u201d, \u201cMusiquero de campo\u201d, Extra\u00f1\u00e1ndote Misiones\u201d, \u201cBrisas del Parana\u201d y \u201c\u00d1asaindy\u201d por citar algunas.<\/p>\n<p>Daniel Franich est\u00e1 radicado en Santa F\u00e9 dedicado a su carrera art\u00edstica.<\/p>\n<p><strong>MARCIA MULLER<\/strong><\/p>\n<p>Acordeonista, cantante, autora y compositora, Marcia Vanina M\u00fcller es nacida en Campana, Provincia de Buenos Aires.<\/p>\n<div class=\"left medium m_image\">\n<figure><img decoding=\"async\" class=\"medium\" src=\"https:\/\/www.radiodos.com.ar\/content\/bucket\/9\/65349w440.jpg\" alt=\"marcia.jpg\" \/><\/figure>\n<\/div>\n<p>Criada en un ambiente musical, Marcia es hija del destacado acordeonista entrerriano Alcides M\u00fcller, junto a quien se inici\u00f3 en su ni\u00f1ez como guitarrista. Siempre junto a Don Alcides realiz\u00f3 sus primeras presentaciones como integrante del conjunto &#8220;Inspiraci\u00f3n Yver\u00e1&#8221;.<\/p>\n<p>En su adolescencia , se inicia en la ejecuci\u00f3n del acorde\u00f3n, instrumento con el que junto a su faceta de cantante, desarrollar\u00e1 su carrera art\u00edstica. Paralelamente inicia estudios formales de m\u00fasica y etnomusicolog\u00eda en el &#8220;Instituto Manuel de Falla&#8221; de Buenos Aires y en la Universidad Aut\u00f3noma de Entre R\u00edos.<\/p>\n<p>Lanzada como solista, recorre intensamente escenarios de la regi\u00f3n al frente de su conjunto a la vez que se integra a la &#8220;Orquesta Folkl\u00f3rica de Entre R\u00edos&#8221; bajo la direcci\u00f3n del Maestro Elvio Di Rito.<\/p>\n<p>Junto con otros proyectos de variados g\u00e9neros musicales, en el nuevo milenio realiza actuaciones y grabaciones con artistas chamameseros como Polito Castillo, Antonio Tarrago Ros, N\u00e9lida Argentina Zen\u00f3n, Monchito Merlo y el d\u00fao &#8220;Enarmon\u00eda&#8221;, mientras contin\u00faa present\u00e1ndose al frente de su propio conjunto acompa\u00f1ada de m\u00fasicos como Mauricio Laferrara, Candelaria Coronel y Francisco Vallejo (entre otros) con el que ha grabado 5 discos y ha recorrido los principales escenarios del Litoral y Buenos Aires.<\/p>\n<p>Marcia M\u00fcller se ha destacado adem\u00e1s como una dedicada investigadora de la m\u00fasica nativa, ofreciendo conferencias y talleres en distintos espacios acad\u00e9micos de la Argentina. En este \u00e1mbito, participa como investigadora y productora del documental &#8220;Ecos de Sapucay&#8221;<\/p>\n<p>En la faz autoral, llevan la firma de Marcia M\u00fcller obras como &#8220;Infancia y recuerdos&#8221;, &#8220;A dos paisanos chamameceros&#8221;, &#8220;Polquita dominguera&#8221;, &#8220;Alma sapucay&#8221;, &#8220;Orillando el Mar\u00eda Grande&#8221;, &#8220;Don Alcides&#8221; y &#8220;Chamamecito de los ni\u00f1os&#8221;, por citar algunos.<\/p>\n<p>Marcia M\u00fcller contin\u00faa radicada en Paran\u00e1, dedicada a su carrera art\u00edstica y a la labor de docente.<\/p>\n<\/section>\n<\/section>\n<p><\/main><\/article>\n","protected":false},"excerpt":{"rendered":"<p>Jorge suligoy nos presenta este lunes 20 de enero la presentaci\u00f3n de otro de los pr\u00f3ceres del chamam\u00e9. Don sim\u00f3n de Jes\u00fas Palacios, quien contar\u00e1 las an\u00e9cdotas e su larga historia vinculada al chamam\u00e9. Tambi\u00e9n estar\u00e1 un casal de acordeonistas. El caballero, santafesino, es Daniel Franich, mientras que la mujer, bonaerense ella, es Marcia M\u00fcller. [&hellip;]<\/p>\n","protected":false},"author":1,"featured_media":35352,"comment_status":"closed","ping_status":"closed","sticky":false,"template":"","format":"standard","meta":{"footnotes":""},"categories":[11],"tags":[136],"class_list":["post-35351","post","type-post","status-publish","format-standard","has-post-thumbnail","hentry","category-sociedad","tag-destacados"],"_links":{"self":[{"href":"http:\/\/informateesquina.com\/index.php?rest_route=\/wp\/v2\/posts\/35351","targetHints":{"allow":["GET"]}}],"collection":[{"href":"http:\/\/informateesquina.com\/index.php?rest_route=\/wp\/v2\/posts"}],"about":[{"href":"http:\/\/informateesquina.com\/index.php?rest_route=\/wp\/v2\/types\/post"}],"author":[{"embeddable":true,"href":"http:\/\/informateesquina.com\/index.php?rest_route=\/wp\/v2\/users\/1"}],"replies":[{"embeddable":true,"href":"http:\/\/informateesquina.com\/index.php?rest_route=%2Fwp%2Fv2%2Fcomments&post=35351"}],"version-history":[{"count":0,"href":"http:\/\/informateesquina.com\/index.php?rest_route=\/wp\/v2\/posts\/35351\/revisions"}],"wp:featuredmedia":[{"embeddable":true,"href":"http:\/\/informateesquina.com\/index.php?rest_route=\/"}],"wp:attachment":[{"href":"http:\/\/informateesquina.com\/index.php?rest_route=%2Fwp%2Fv2%2Fmedia&parent=35351"}],"wp:term":[{"taxonomy":"category","embeddable":true,"href":"http:\/\/informateesquina.com\/index.php?rest_route=%2Fwp%2Fv2%2Fcategories&post=35351"},{"taxonomy":"post_tag","embeddable":true,"href":"http:\/\/informateesquina.com\/index.php?rest_route=%2Fwp%2Fv2%2Ftags&post=35351"}],"curies":[{"name":"wp","href":"https:\/\/api.w.org\/{rel}","templated":true}]}}