{"id":35364,"date":"2020-01-21T15:28:02","date_gmt":"2020-01-21T18:28:02","guid":{"rendered":"https:\/\/informateesquina.com\/?p=35364"},"modified":"2020-01-21T15:28:02","modified_gmt":"2020-01-21T18:28:02","slug":"35364-2","status":"publish","type":"post","link":"http:\/\/informateesquina.com\/?p=35364","title":{"rendered":"Cuatro personas internadas tras choque entre un auto y un cami\u00f3n"},"content":{"rendered":"<p class=\"copete\">Desde la Polic\u00eda de Corrientes informaron que esta ma\u00f1ana un cami\u00f3n y una autom\u00f3vil protagonizaron un accidente en la intersecci\u00f3n de las Rutas N\u00ba14 y 121 en la ciudad de Santo Tom\u00e9. Tras el impacto los cuatro ocupantes del rodado de menor sufrieron politraumatismos y \u00a0debieron ser hospitalizados.<\/p>\n<div class=\"fotos-y-videos\">\n<p>&nbsp;<\/p>\n<div class=\"tab-content\">\n<div id=\"fotos\" class=\"tab-pane fade in active\" role=\"tabpanel\"><a class=\"fotos-desarrollo unlink\" title=\"Cuatro personas internadas tras choque entre un auto y un cami\u00f3n\" href=\"https:\/\/www.radiosudamericana.com\/notix\/multimedia\/imagenes\/fotos\/2020-01-21\/583599.jpg\"><img decoding=\"async\" class=\"img-responsive lazyload center-block\" src=\"https:\/\/www.radiosudamericana.com\/notix\/multimedia\/imagenes\/fotos\/2020-01-21\/583599.jpg\" alt=\"foto: Cuatro personas internadas tras choque entre un auto y un cami\u00f3n\" \/><\/a><\/div>\n<\/div>\n<\/div>\n<p>&nbsp;<\/p>\n<div class=\"cuerpo\">\n<p>El hecho ocurri\u00f3 cerca de las 10: 30 de la ma\u00f1ana entre un cami\u00f3n y un veh\u00edculo marca Volkswagen, en la intersecci\u00f3n de las rutas 14 y 121 camino al puente internacional Santo Tom\u00e9-San Borja.<\/p>\n<p><a class=\"fotos-desarrollo unlink\" title=\"Cuatro personas internadas tras choque entre un auto y un cami\u00f3n\" href=\"https:\/\/www.radiosudamericana.com\/notix\/multimedia\/imagenes\/fotos\/2020-01-21\/443094.jpg\"><img decoding=\"async\" class=\"img-responsive\" src=\"https:\/\/www.radiosudamericana.com\/notix\/multimedia\/imagenes\/fotos\/2020-01-21\/443094.jpg\" \/><\/a><\/p>\n<p>Debido al fuerte impacto tres hombres y una mujer, los cuales viajaban en el autom\u00f3vil sufrieron politraumatismos por lo que fueron trasladados de urgencia al Hospital San Juan Bautista de dicha ciudad.<\/p>\n<p><a class=\"fotos-desarrollo unlink\" title=\"Cuatro personas internadas tras choque entre un auto y un cami\u00f3n\" href=\"https:\/\/www.radiosudamericana.com\/notix\/multimedia\/imagenes\/fotos\/2020-01-21\/222022.jpg\"><img decoding=\"async\" class=\"img-responsive\" src=\"https:\/\/www.radiosudamericana.com\/notix\/multimedia\/imagenes\/fotos\/2020-01-21\/222022.jpg\" \/><\/a><\/p>\n<p>FUENTE: RADIO SUDAMERICANA<\/p>\n<\/div>\n","protected":false},"excerpt":{"rendered":"<p>Desde la Polic\u00eda de Corrientes informaron que esta ma\u00f1ana un cami\u00f3n y una autom\u00f3vil protagonizaron un accidente en la intersecci\u00f3n de las Rutas N\u00ba14 y 121 en la ciudad de Santo Tom\u00e9. Tras el impacto los cuatro ocupantes del rodado de menor sufrieron politraumatismos y \u00a0debieron ser hospitalizados. &nbsp; &nbsp; El hecho ocurri\u00f3 cerca de [&hellip;]<\/p>\n","protected":false},"author":1,"featured_media":35365,"comment_status":"closed","ping_status":"closed","sticky":false,"template":"","format":"standard","meta":{"footnotes":""},"categories":[8],"tags":[],"class_list":["post-35364","post","type-post","status-publish","format-standard","has-post-thumbnail","hentry","category-policiales"],"_links":{"self":[{"href":"http:\/\/informateesquina.com\/index.php?rest_route=\/wp\/v2\/posts\/35364","targetHints":{"allow":["GET"]}}],"collection":[{"href":"http:\/\/informateesquina.com\/index.php?rest_route=\/wp\/v2\/posts"}],"about":[{"href":"http:\/\/informateesquina.com\/index.php?rest_route=\/wp\/v2\/types\/post"}],"author":[{"embeddable":true,"href":"http:\/\/informateesquina.com\/index.php?rest_route=\/wp\/v2\/users\/1"}],"replies":[{"embeddable":true,"href":"http:\/\/informateesquina.com\/index.php?rest_route=%2Fwp%2Fv2%2Fcomments&post=35364"}],"version-history":[{"count":0,"href":"http:\/\/informateesquina.com\/index.php?rest_route=\/wp\/v2\/posts\/35364\/revisions"}],"wp:featuredmedia":[{"embeddable":true,"href":"http:\/\/informateesquina.com\/index.php?rest_route=\/"}],"wp:attachment":[{"href":"http:\/\/informateesquina.com\/index.php?rest_route=%2Fwp%2Fv2%2Fmedia&parent=35364"}],"wp:term":[{"taxonomy":"category","embeddable":true,"href":"http:\/\/informateesquina.com\/index.php?rest_route=%2Fwp%2Fv2%2Fcategories&post=35364"},{"taxonomy":"post_tag","embeddable":true,"href":"http:\/\/informateesquina.com\/index.php?rest_route=%2Fwp%2Fv2%2Ftags&post=35364"}],"curies":[{"name":"wp","href":"https:\/\/api.w.org\/{rel}","templated":true}]}}