{"id":35371,"date":"2020-01-21T17:11:51","date_gmt":"2020-01-21T20:11:51","guid":{"rendered":"https:\/\/informateesquina.com\/?p=35371"},"modified":"2020-01-21T17:11:51","modified_gmt":"2020-01-21T20:11:51","slug":"santo-tome-presos-hicieron-motin-en-protesta-por-un-abuso-sexual","status":"publish","type":"post","link":"http:\/\/informateesquina.com\/?p=35371","title":{"rendered":"Santo Tom\u00e9: presos hicieron mot\u00edn en protesta por un abuso sexual"},"content":{"rendered":"<p class=\"copete\">Desde la Subsecretar\u00eda de Seguridad\u00a0informaron que la revuelta con quema de colchones en Santo Tom\u00e9 habr\u00eda iniciado en protesta de un supuesto abuso sexual a uno de los internos. Los responsables, que tambi\u00e9n ser\u00edan presidiarios, ser\u00e1n trasladados a la Unidad Penal 6 de San Cayetano.<\/p>\n<p>El Subsecretario de Seguridad\u00a0de Corrientes, Osvaldo de los Santos Garc\u00eda, dialog\u00f3 con Radio Sudamericana y dio detalles de la revuelta que se dio en la Unidad Regional 5 de Santo Tom\u00e9.<\/p>\n<p>Indic\u00f3 que todo se inici\u00f3 alrededor de las 21 horas cuando varios internos comenzaron con la quema de colchones en protesta por el supuesto abuso sexual contra uno de los presidiarios. \u201cSon cinco los internos sindicados como los autores del abuso y se proceder\u00e1 al traslado de los mismos a la Capital\u201d, dijo de los Santos Garc\u00eda.<\/p>\n<p>Seg\u00fan indicaron, se tratan de personas que se encontraban en etapa de proceso, acusados de robo en Virasoro.<\/p>\n<p>\u201cLos internos prendieron fuego seis colchones, no hubo lesionados por parte de la polic\u00eda, ni de bomberos voluntarios, ni los internos\u201d, dijo el jefe del Servicio Penitenciario. Sostuvo que la situaci\u00f3n fue r\u00e1pidamente neutralizada y no pas\u00f3 a mayores.<\/p>\n<p>FUENTE: RADIO SUDAMERICANA<\/p>\n","protected":false},"excerpt":{"rendered":"<p>Desde la Subsecretar\u00eda de Seguridad\u00a0informaron que la revuelta con quema de colchones en Santo Tom\u00e9 habr\u00eda iniciado en protesta de un supuesto abuso sexual a uno de los internos. Los responsables, que tambi\u00e9n ser\u00edan presidiarios, ser\u00e1n trasladados a la Unidad Penal 6 de San Cayetano. El Subsecretario de Seguridad\u00a0de Corrientes, Osvaldo de los Santos Garc\u00eda, [&hellip;]<\/p>\n","protected":false},"author":1,"featured_media":35372,"comment_status":"closed","ping_status":"closed","sticky":false,"template":"","format":"standard","meta":{"footnotes":""},"categories":[8],"tags":[],"class_list":["post-35371","post","type-post","status-publish","format-standard","has-post-thumbnail","hentry","category-policiales"],"_links":{"self":[{"href":"http:\/\/informateesquina.com\/index.php?rest_route=\/wp\/v2\/posts\/35371","targetHints":{"allow":["GET"]}}],"collection":[{"href":"http:\/\/informateesquina.com\/index.php?rest_route=\/wp\/v2\/posts"}],"about":[{"href":"http:\/\/informateesquina.com\/index.php?rest_route=\/wp\/v2\/types\/post"}],"author":[{"embeddable":true,"href":"http:\/\/informateesquina.com\/index.php?rest_route=\/wp\/v2\/users\/1"}],"replies":[{"embeddable":true,"href":"http:\/\/informateesquina.com\/index.php?rest_route=%2Fwp%2Fv2%2Fcomments&post=35371"}],"version-history":[{"count":0,"href":"http:\/\/informateesquina.com\/index.php?rest_route=\/wp\/v2\/posts\/35371\/revisions"}],"wp:featuredmedia":[{"embeddable":true,"href":"http:\/\/informateesquina.com\/index.php?rest_route=\/"}],"wp:attachment":[{"href":"http:\/\/informateesquina.com\/index.php?rest_route=%2Fwp%2Fv2%2Fmedia&parent=35371"}],"wp:term":[{"taxonomy":"category","embeddable":true,"href":"http:\/\/informateesquina.com\/index.php?rest_route=%2Fwp%2Fv2%2Fcategories&post=35371"},{"taxonomy":"post_tag","embeddable":true,"href":"http:\/\/informateesquina.com\/index.php?rest_route=%2Fwp%2Fv2%2Ftags&post=35371"}],"curies":[{"name":"wp","href":"https:\/\/api.w.org\/{rel}","templated":true}]}}