{"id":35374,"date":"2020-01-21T17:39:57","date_gmt":"2020-01-21T20:39:57","guid":{"rendered":"https:\/\/informateesquina.com\/?p=35374"},"modified":"2020-01-21T17:39:57","modified_gmt":"2020-01-21T20:39:57","slug":"cerca-de-30-mil-personas-asistieron-a-las-primeras-noches-de-la-fnch","status":"publish","type":"post","link":"http:\/\/informateesquina.com\/?p=35374","title":{"rendered":"Cerca de 30 mil personas asistieron a las primeras noches de la FNCH"},"content":{"rendered":"<p class=\"copete\">Los Ministerios de Hacienda y Finanzas y de Turismo de la Provincia y la Municipalidad de Corrientes realizaron en conjunto encuestas. Durante los d\u00edas 17, 18 y 19 asistieron alrededor de 28 mil personas, el 68% de aquel universo son vecinos de la ciudad de Corrientes, y el 32% restante turistas. El 46% de los turistas hizo playa como actividad paralela.<\/p>\n<div class=\"fotos-y-videos\">\n<div class=\"tab-content\">\n<div id=\"fotos\" class=\"tab-pane fade in active\" role=\"tabpanel\"><a class=\"fotos-desarrollo unlink\" title=\"Cerca de 30 mil personas asistieron a las primeras noches de la FNCH\" href=\"https:\/\/www.radiosudamericana.com\/notix\/multimedia\/imagenes\/fotos\/2020-01-21\/576478.jpg\"><img decoding=\"async\" class=\"img-responsive lazyload center-block\" src=\"https:\/\/www.radiosudamericana.com\/notix\/multimedia\/imagenes\/fotos\/2020-01-21\/576478.jpg\" alt=\"foto: Cerca de 30 mil personas asistieron a las primeras noches de la FNCH\" \/><\/a><\/div>\n<\/div>\n<\/div>\n<p>&nbsp;<\/p>\n<div class=\"cuerpo\">\n<p>Encuestas ejecutadas en conjunto por los Ministerios de Hacienda y Finanzas y Turismo de la Provincia y la Municipalidad de Corrientes dan cuenta que alrededor de 28 mil personas asistieron y disfrutaron durante las primeras tres noches de la 30\u00ba Fiesta Nacional y 16\u00ba Fiesta del Chamam\u00e9 del Mercosur.<\/p>\n<p>Los sondeos tambi\u00e9n determinaron que el 68% de aquel universo son vecinos de la ciudad de Corrientes, y el 32% restante turistas. Tambi\u00e9n las encuestas permiten conocer qu\u00e9 otras actividades paralelas realizan los visitantes y otros aspectos.<\/p>\n<p>Las encuestas se enmarcan en la pol\u00edtica de modernizaci\u00f3n del Estado, de identificaci\u00f3n y procesamiento de datos para la planificaci\u00f3n y toma de decisiones resuelta e instruida por el gobernador Gustavo Vald\u00e9s.<\/p>\n<p>El trabajo en campo fue ejecutado por la Direcci\u00f3n de Estad\u00edsticas y Censos de la Subsecretar\u00eda de Sistemas y Tecnolog\u00eda de la Informaci\u00f3n (SUSTI), perteneciente al Ministerio de Hacienda y Finanzas, el Observatorio Tur\u00edstico del Ministerio de Turismo\u00a0y la Municipalidad de Corrientes.<\/p>\n<p><strong>Turistas<\/strong><\/p>\n<p>Seg\u00fan el trabajo realizado por la Direcci\u00f3n de Estad\u00edsticas y Censos de la SUSTI, asistieron a la tradicional convocatoria cultural correntina en las noches de los d\u00edas 17, 18 y 19, unas 27.350 personas.<\/p>\n<p>De este total, unas 18.600, es decir el 68%, son vecinos capitalinos. En tanto que las otras 8.750 personas son turistas, el 32%.<\/p>\n<p>El 44% de los turistas asisti\u00f3 por primera vez a la fiesta que se desarrolla en el anfiteatro Tr\u00e1nsito Cocomarola. De la totalidad de los turistas, el 34% se enter\u00f3 de esta convocatoria cultural por familiares y amigos;\u00a0 el 32% ya ten\u00eda conocimiento; el 18% a trav\u00e9s de los medios de comunicaci\u00f3n; y el 16% por la difusi\u00f3n en redes sociales.<\/p>\n<p><img loading=\"lazy\" decoding=\"async\" class=\"alignnone size-medium wp-image-35376\" src=\"https:\/\/informateesquina.com\/wp-content\/uploads\/2020\/01\/83388783_2365885876965384_8505824993311981568_n-300x200.jpg\" alt=\"\" width=\"300\" height=\"200\" \/><\/p>\n<p><strong>Playa<\/strong><\/p>\n<p>El 46% de los turistas hizo playa como actividad paralela a la asistencia como p\u00fablico a la fiesta del chamam\u00e9. El 13% particip\u00f3 de la bailanta chamamecera. El 11% concret\u00f3 paseos hist\u00f3rico y cultural. El 5% realiz\u00f3 pesca deportiva. Un 2% turismo religioso y otro 2% ecoturismo.\u00a0 El 22% no hizo ninguna otra actividad m\u00e1s que presenciar las lunas chamameceras.<\/p>\n<p>El 62% lleg\u00f3 a Corrientes en veh\u00edculos rodados particulares; el 31% en \u00f3mnibus; el 4% en avi\u00f3n, y otros 4% en otros veh\u00edculos, como motos o casa rodante, entre otros.<\/p>\n<\/div>\n","protected":false},"excerpt":{"rendered":"<p>Los Ministerios de Hacienda y Finanzas y de Turismo de la Provincia y la Municipalidad de Corrientes realizaron en conjunto encuestas. Durante los d\u00edas 17, 18 y 19 asistieron alrededor de 28 mil personas, el 68% de aquel universo son vecinos de la ciudad de Corrientes, y el 32% restante turistas. El 46% de los [&hellip;]<\/p>\n","protected":false},"author":1,"featured_media":35376,"comment_status":"closed","ping_status":"closed","sticky":false,"template":"","format":"gallery","meta":{"footnotes":""},"categories":[10],"tags":[136],"class_list":["post-35374","post","type-post","status-publish","format-gallery","has-post-thumbnail","hentry","category-provinciales","tag-destacados","post_format-post-format-gallery"],"_links":{"self":[{"href":"http:\/\/informateesquina.com\/index.php?rest_route=\/wp\/v2\/posts\/35374","targetHints":{"allow":["GET"]}}],"collection":[{"href":"http:\/\/informateesquina.com\/index.php?rest_route=\/wp\/v2\/posts"}],"about":[{"href":"http:\/\/informateesquina.com\/index.php?rest_route=\/wp\/v2\/types\/post"}],"author":[{"embeddable":true,"href":"http:\/\/informateesquina.com\/index.php?rest_route=\/wp\/v2\/users\/1"}],"replies":[{"embeddable":true,"href":"http:\/\/informateesquina.com\/index.php?rest_route=%2Fwp%2Fv2%2Fcomments&post=35374"}],"version-history":[{"count":0,"href":"http:\/\/informateesquina.com\/index.php?rest_route=\/wp\/v2\/posts\/35374\/revisions"}],"wp:featuredmedia":[{"embeddable":true,"href":"http:\/\/informateesquina.com\/index.php?rest_route=\/"}],"wp:attachment":[{"href":"http:\/\/informateesquina.com\/index.php?rest_route=%2Fwp%2Fv2%2Fmedia&parent=35374"}],"wp:term":[{"taxonomy":"category","embeddable":true,"href":"http:\/\/informateesquina.com\/index.php?rest_route=%2Fwp%2Fv2%2Fcategories&post=35374"},{"taxonomy":"post_tag","embeddable":true,"href":"http:\/\/informateesquina.com\/index.php?rest_route=%2Fwp%2Fv2%2Ftags&post=35374"}],"curies":[{"name":"wp","href":"https:\/\/api.w.org\/{rel}","templated":true}]}}