{"id":35379,"date":"2020-01-21T18:07:13","date_gmt":"2020-01-21T21:07:13","guid":{"rendered":"https:\/\/informateesquina.com\/?p=35379"},"modified":"2020-01-21T18:07:13","modified_gmt":"2020-01-21T21:07:13","slug":"cristina-kirchner-volvio-a-ser-presidenta-estara-a-cargo-del-ejecutivo-durante-el-viaje-de-alberto-fernandez-a-israel","status":"publish","type":"post","link":"http:\/\/informateesquina.com\/?p=35379","title":{"rendered":"Cristina Kirchner volvi\u00f3 a ser presidenta: estar\u00e1 a cargo del Ejecutivo durante el viaje de Alberto Fern\u00e1ndez a Israel"},"content":{"rendered":"<p><strong><em>La exsenadora firm\u00f3 el traspaso de mando.\u00a0 No pisar\u00e1 Casa Rosada durante los cuatro d\u00edas que est\u00e9 a cargo del Poder Ejecutivo.<\/em><\/strong><\/p>\n<div style=\"width: 1280px;\" class=\"wp-video\"><video class=\"wp-video-shortcode\" id=\"video-35379-1\" width=\"1280\" height=\"720\" preload=\"metadata\" controls=\"controls\"><source type=\"video\/mp4\" src=\"https:\/\/informateesquina.com\/wp-content\/uploads\/2020\/01\/Cristina-Fern\u00e1ndez-de-Kirchner-firm\u00f3-el-acta-de-traspaso-de-mando.mp4?_=1\" \/><a href=\"https:\/\/informateesquina.com\/wp-content\/uploads\/2020\/01\/Cristina-Fern\u00e1ndez-de-Kirchner-firm\u00f3-el-acta-de-traspaso-de-mando.mp4\">https:\/\/informateesquina.com\/wp-content\/uploads\/2020\/01\/Cristina-Fern\u00e1ndez-de-Kirchner-firm\u00f3-el-acta-de-traspaso-de-mando.mp4<\/a><\/video><\/div>\n<p>Finalmente\u00a0<strong>Cristina Fern\u00e1ndez de Kirchner<\/strong>\u00a0firm\u00f3 el acta de traspaso de mando, por el cual qued\u00f3 a cargo interinamente del Poder Ejecutivo Nacional hasta que\u00a0<strong>Alberto Fern\u00e1ndez<\/strong>\u00a0regrese al pa\u00eds luego de su viaje por Israel.<\/p>\n<div class=\"tn3YljKv\">\n<div id=\"div-gpt-ad-1519828256518-0\" data-google-query-id=\"CN6hxcHKlecCFVgGuQYdxu4PzA\">\n<div id=\"google_ads_iframe_\/20622042\/clasificados_home_1_0__container__\"><\/div>\n<\/div>\n<\/div>\n<p>La firma se realiz\u00f3 en el despacho que posee la exsenadora en el Instituto Patria, ya que,\u00a0<strong>como anticip\u00f3 \u00c1mbito, no pisar\u00e1 Casa Rosada en toda la semana.<\/strong><\/p>\n<p><strong>\u00a0<\/strong>Hist\u00f3ricamente, los vicepresidentes cuentan con despacho en la sede de Balcarce 50 -actualmente est\u00e1 ubicado al lado del Sal\u00f3n Eva Per\u00f3n-, pero\u00a0<strong>Cristina no tiene pensado desarrollar actividad all\u00ed y el plan es que se mantenga estos cuatro a\u00f1os enfocada en sus tareas en el Senado, en el rol de presidenta de la C\u00e1mara alta<\/strong>.<\/p>\n<p>Tras regresar el 25 de enero, Alberto Fern\u00e1ndez volver\u00e1 a salir del pa\u00eds rumbo a El Vaticano para reunirse con el papa Francisco el viernes 31.<\/p>\n<p>Durante ambas ausencias en el pa\u00eds, Fern\u00e1ndez delegar\u00e1 en su jefe de Gabinete,\u00a0<strong>Santiago Cafiero<\/strong>, la actividad cotidiana de gesti\u00f3n, como las reuniones con los ministros para evaluar c\u00f3mo avanzan determinadas iniciativas de sus carteras.<\/p>\n<p>&nbsp;<\/p>\n","protected":false},"excerpt":{"rendered":"<p>La exsenadora firm\u00f3 el traspaso de mando.\u00a0 No pisar\u00e1 Casa Rosada durante los cuatro d\u00edas que est\u00e9 a cargo del Poder Ejecutivo. Finalmente\u00a0Cristina Fern\u00e1ndez de Kirchner\u00a0firm\u00f3 el acta de traspaso de mando, por el cual qued\u00f3 a cargo interinamente del Poder Ejecutivo Nacional hasta que\u00a0Alberto Fern\u00e1ndez\u00a0regrese al pa\u00eds luego de su viaje por Israel. La [&hellip;]<\/p>\n","protected":false},"author":1,"featured_media":35380,"comment_status":"closed","ping_status":"closed","sticky":false,"template":"","format":"video","meta":{"footnotes":""},"categories":[7],"tags":[136],"class_list":["post-35379","post","type-post","status-publish","format-video","has-post-thumbnail","hentry","category-nacionales","tag-destacados","post_format-post-format-video"],"_links":{"self":[{"href":"http:\/\/informateesquina.com\/index.php?rest_route=\/wp\/v2\/posts\/35379","targetHints":{"allow":["GET"]}}],"collection":[{"href":"http:\/\/informateesquina.com\/index.php?rest_route=\/wp\/v2\/posts"}],"about":[{"href":"http:\/\/informateesquina.com\/index.php?rest_route=\/wp\/v2\/types\/post"}],"author":[{"embeddable":true,"href":"http:\/\/informateesquina.com\/index.php?rest_route=\/wp\/v2\/users\/1"}],"replies":[{"embeddable":true,"href":"http:\/\/informateesquina.com\/index.php?rest_route=%2Fwp%2Fv2%2Fcomments&post=35379"}],"version-history":[{"count":0,"href":"http:\/\/informateesquina.com\/index.php?rest_route=\/wp\/v2\/posts\/35379\/revisions"}],"wp:featuredmedia":[{"embeddable":true,"href":"http:\/\/informateesquina.com\/index.php?rest_route=\/"}],"wp:attachment":[{"href":"http:\/\/informateesquina.com\/index.php?rest_route=%2Fwp%2Fv2%2Fmedia&parent=35379"}],"wp:term":[{"taxonomy":"category","embeddable":true,"href":"http:\/\/informateesquina.com\/index.php?rest_route=%2Fwp%2Fv2%2Fcategories&post=35379"},{"taxonomy":"post_tag","embeddable":true,"href":"http:\/\/informateesquina.com\/index.php?rest_route=%2Fwp%2Fv2%2Ftags&post=35379"}],"curies":[{"name":"wp","href":"https:\/\/api.w.org\/{rel}","templated":true}]}}